{"id":99750,"date":"2025-08-18T09:32:05","date_gmt":"2025-08-18T09:32:05","guid":{"rendered":"https:\/\/pressactu.com\/?p=99750"},"modified":"2025-08-18T09:32:05","modified_gmt":"2025-08-18T09:32:05","slug":"il-renverse-un-policier-lors-dun-controle-et-le-traine-sur-plusieurs-metres-un-homme-deja-connu-de-la-justice-place-en-garde-a-vue","status":"publish","type":"post","link":"https:\/\/pressactu.com\/?p=99750","title":{"rendered":"Il renverse un policier lors d\u2019un contr\u00f4le et le tra\u00eene sur plusieurs m\u00e8tres\u00a0: un homme d\u00e9j\u00e0 connu de la justice plac\u00e9 en garde \u00e0 vue"},"content":{"rendered":"<p>\n                                                                    <span class=\"article-full__chapo-label hide-on-small-only\">l&#8217;essentiel<\/span><br \/>\n                                                                Un automobiliste de 49 ans a \u00e9t\u00e9 arr\u00eat\u00e9 pr\u00e8s de Mont-de-Marsan apr\u00e8s avoir renvers\u00e9 un policier lors d\u2019un contr\u00f4le. Connu de la justice, il est poursuivi pour tentative d\u2019homicide volontaire. Le pronostic vital de la victime, qui a perdu connaissance apr\u00e8s la collision, n\u2019est pas engag\u00e9.\n                            <\/p>\n<div rel=\"js-article-content\">\n                                                                                                                            <!-- Pub DFP Position [outstream] --><\/p>\n<p>Il est suspect\u00e9 d\u2019avoir renvers\u00e9 un policier lors d\u2019un contr\u00f4le.\u00a0Un homme a \u00e9t\u00e9 arr\u00eat\u00e9 et plac\u00e9 en garde \u00e0 vue pour\u00a0vendredi 15\u00a0ao\u00fbt pr\u00e8s de\u00a0Mont-de-Marsan (Landes). Il est accus\u00e9 de tentative d\u2019homicide volontaire sur personne d\u00e9positaire de l\u2019autorit\u00e9 publique.<\/p>\n<p><!-- Pub DFP Position [article] --><\/p>\n<p><iframe width=\"600\" height=\"450\" style=\"border:0;\" allowfullscreen=\"\" loading=\"lazy\" referrerpolicy=\"no-referrer-when-downgrade\" data-src=\"https:\/\/www.google.com\/maps\/embed?pb=!1m18!1m12!1m3!1d54715.45574662209!2d-0.4811841605557087!3d43.884281066776104!2m3!1f0!2f0!3f0!3m2!1i1024!2i768!4f13.1!3m3!1m2!1s0xd55da1526c1bf01%3A0x406651748163480!2s40090%20Mazerolles!5e0!3m2!1sfr!2sfr!4v1755508660570!5m2!1sfr!2sfr\"><\/iframe><\/p>\n<p>Ag\u00e9 de 49 ans, l\u2019individu a \u00e9t\u00e9 interpell\u00e9 dans une zone bois\u00e9e \u00e0 Mazerolles, \u00e0 quelques km \u00e0 l\u2019est de Mont-de-Marsan, selon les gendarmes.\u00a0Les faits ont eu lieu vers 15\u00a0heures, place de l\u2019H\u00f4tel de Ville, quand, \u00e0 l\u2019occasion d\u2019un contr\u00f4le, l\u2019automobiliste a d\u00e9marr\u00e9 en tra\u00eenant sur plusieurs m\u00e8tres le policier qui a perdu momentan\u00e9ment connaissance, selon une source polici\u00e8re.<\/p>\n<p class=\"std-elt__inline\">\n        <strong>\u00c0 lire aussi :<\/strong><br \/>\n        <a href=\"\/2025\/08\/18\/tue-le-tue-le-un-homme-de-21-ans-tue-a-larme-blanche-la-victime-etait-poursuivie-par-une-dizaine-de-personnes-peu-avant-les-faits-12881416.php\">&#8220;Tue le, tue le&#8221;\u00a0: un homme de 21 ans tu\u00e9 \u00e0 l\u2019arme blanche, la victime \u00e9tait poursuivie par une dizaine de personnes peu avant les faits<\/a>\n    <\/p>\n<p>Le suspect est &#8220;d\u00e9favorablement connu des services de police et de la justice, et a d\u00e9j\u00e0 \u00e9t\u00e9 multicondamn\u00e9 pour des infractions routi\u00e8res&#8221;, a pr\u00e9cis\u00e9 \u00e0 l\u2019AFP la procureure de Mont-de-Marsan Alexa Dubourg. Il lui est \u00e9galement reproch\u00e9 une conduite en \u00e9tat alcoolique et malgr\u00e9 l\u2019annulation judiciaire de son permis de conduire, ainsi qu\u2019un refus d\u2019obtemp\u00e9rer, selon la m\u00eame source.<\/p>\n<p>L\u2019enqu\u00eate ouverte devra &#8220;d\u00e9terminer si la percussion du fonctionnaire de police est vraiment volontaire&#8221; ou si c\u2019\u00e9tait le fruit d\u2019une man\u0153uvre pour se soustraire au contr\u00f4le des policiers, a d\u00e9clar\u00e9 la procureure, en pr\u00e9cisant que ni les policiers pr\u00e9sents ni l\u2019homme arr\u00eat\u00e9 n\u2019ont encore \u00e9t\u00e9 entendus.<\/p>\n<p>Le pronostic vital de la victime n\u2019est pas engag\u00e9 et &#8220;normalement il peut parler&#8221; pour \u00eatre entendu, a indiqu\u00e9 la procureure.<\/p>\n<p>&#8220;J\u2019adresse tout mon soutien et mes v\u0153ux de r\u00e9tablissement au policier gri\u00e8vement bless\u00e9 [\u2026] et t\u00e9moigne de ma solidarit\u00e9 avec tous les policiers et gendarmes qui exposent leur vie pour prot\u00e9ger nos concitoyens&#8221;, a \u00e9crit le pr\u00e9fet des Landes Gilles Clavreul sur sa page Facebook.<\/p>\n<\/p><\/div>\n<p><a href=\"https:\/\/www.ladepeche.fr\/2025\/08\/18\/il-renverse-un-policier-lors-dun-controle-et-le-traine-sur-plusieurs-metres-un-homme-deja-connu-de-la-justice-place-en-garde-a-vue-12881463.php\">source<\/a><\/p>\n","protected":false},"excerpt":{"rendered":"<p>l&#8217;essentiel Un automobiliste de 49 ans a \u00e9t\u00e9 arr\u00eat\u00e9 pr\u00e8s de Mont-de-Marsan apr\u00e8s avoir renvers\u00e9 un policier lors d\u2019un contr\u00f4le. Connu de la justice, il est poursuivi pour tentative d\u2019homicide volontaire. Le pronostic vital de la victime, qui a perdu connaissance apr\u00e8s la collision, n\u2019est pas engag\u00e9. Il est suspect\u00e9 d\u2019avoir renvers\u00e9 un policier lors [&hellip;]<\/p>\n","protected":false},"author":1,"featured_media":99751,"comment_status":"open","ping_status":"open","sticky":false,"template":"","format":"standard","meta":{"_monsterinsights_skip_tracking":false,"_monsterinsights_sitenote_active":false,"_monsterinsights_sitenote_note":"","_monsterinsights_sitenote_category":0,"footnotes":""},"categories":[1],"tags":[],"coauthors":[77],"class_list":["post-99750","post","type-post","status-publish","format-standard","has-post-thumbnail","hentry","category-a-la-une"],"aioseo_notices":[],"_links":{"self":[{"href":"https:\/\/pressactu.com\/index.php?rest_route=\/wp\/v2\/posts\/99750","targetHints":{"allow":["GET"]}}],"collection":[{"href":"https:\/\/pressactu.com\/index.php?rest_route=\/wp\/v2\/posts"}],"about":[{"href":"https:\/\/pressactu.com\/index.php?rest_route=\/wp\/v2\/types\/post"}],"author":[{"embeddable":true,"href":"https:\/\/pressactu.com\/index.php?rest_route=\/wp\/v2\/users\/1"}],"replies":[{"embeddable":true,"href":"https:\/\/pressactu.com\/index.php?rest_route=%2Fwp%2Fv2%2Fcomments&post=99750"}],"version-history":[{"count":0,"href":"https:\/\/pressactu.com\/index.php?rest_route=\/wp\/v2\/posts\/99750\/revisions"}],"wp:featuredmedia":[{"embeddable":true,"href":"https:\/\/pressactu.com\/index.php?rest_route=\/wp\/v2\/media\/99751"}],"wp:attachment":[{"href":"https:\/\/pressactu.com\/index.php?rest_route=%2Fwp%2Fv2%2Fmedia&parent=99750"}],"wp:term":[{"taxonomy":"category","embeddable":true,"href":"https:\/\/pressactu.com\/index.php?rest_route=%2Fwp%2Fv2%2Fcategories&post=99750"},{"taxonomy":"post_tag","embeddable":true,"href":"https:\/\/pressactu.com\/index.php?rest_route=%2Fwp%2Fv2%2Ftags&post=99750"},{"taxonomy":"author","embeddable":true,"href":"https:\/\/pressactu.com\/index.php?rest_route=%2Fwp%2Fv2%2Fcoauthors&post=99750"}],"curies":[{"name":"wp","href":"https:\/\/api.w.org\/{rel}","templated":true}]}}