{"id":99624,"date":"2025-08-17T09:57:27","date_gmt":"2025-08-17T09:57:27","guid":{"rendered":"https:\/\/pressactu.com\/?p=99624"},"modified":"2025-08-17T09:57:27","modified_gmt":"2025-08-17T09:57:27","slug":"tfc-il-me-reprochait-de-ne-pas-assez-me-montrer-commet-le-jeune-dayann-methalie-a-franchi-un-cap-pour-etre-titulaire-des-la-1re-journee-de-ligue-1","status":"publish","type":"post","link":"https:\/\/pressactu.com\/?p=99624","title":{"rendered":"TFC\u00a0: &quot;Il me reprochait de ne pas assez me montrer&quot;\u2026 Commet le jeune Dayann Methalie a franchi un cap pour \u00eatre titulaire d\u00e8s la 1re journ\u00e9e de Ligue 1"},"content":{"rendered":"<p>\n                                                                    <span class=\"article-full__chapo-label hide-on-small-only\">l&#8217;essentiel<\/span><br \/>\n                                                                Titulaire d\u00e8s la 1re journ\u00e9e de Ligue 1, le jeune joueur form\u00e9 au TFC, Dayann Methalie, a livr\u00e9 une prestation tr\u00e8s convaincante sur son c\u00f4t\u00e9 gauche. Trop timor\u00e9 la saison derni\u00e8re, celui qui est arriv\u00e9 au TFC \u00e0 neuf ans a franchi un cap et a convaincu son entra\u00eeneur.\n                            <\/p>\n<div rel=\"js-article-content\" data-state=\"fixed-height\" data-selection=\"disabled\">\n                                                                                                                            <!-- Pub DFP Position [outstream] --><\/p>\n<p>Pour un jeune joueur, il est parfois moins impressionnant de faire ses d\u00e9buts en Ligue 1 que de donner sa premi\u00e8re interview \u00e0 un groupe de journalistes. Dayann Methalie, 19 ans, a r\u00e9ussi les deux samedi 16\u00a0ao\u00fbt \u00e0 l\u2019Allianz Riviera de Nice, o\u00f9 le TFC s\u2019est impos\u00e9 1-0 en ouverture de la 1re journ\u00e9e de Ligue 1. Titulaire pour la premi\u00e8re fois de sa jeune carri\u00e8re en Ligue 1, le joueur form\u00e9 au club a assur\u00e9, avant de r\u00e9pondre aux questions d\u2019une poign\u00e9e de medias pr\u00e9sents, dont <em>La D\u00e9p\u00eache<\/em>.<\/p>\n<p><!-- Pub DFP Position [article] --><\/p>\n<p class=\"std-elt__inline\">\n        <strong>\u00c0 lire aussi :<\/strong><br \/>\n        <a href=\"\/2025\/08\/16\/les-notes-de-nice-tfc-djibril-sidibe-en-capitaine-sauveur-premiere-contrariee-pour-la-recrue-mario-sauer-12879934.php\">Les notes de Nice-TFC\u00a0: Djibril Sidib\u00e9 en capitaine sauveur, premi\u00e8re contrari\u00e9e pour la recrue Mario Sauer<\/a>\n    <\/p>\n<p>&#8220;Je ne me suis pas mis trop de pression, j\u2019ai essay\u00e9 de jouer naturellement, de donner le meilleur de moi-m\u00eame. A priori, \u00e7a a plut\u00f4t bien fonctionn\u00e9&#8221; a souri le joueur pass\u00e9 par Colomiers, qui a sign\u00e9 son premier contrat professionnel avec Toulouse en septembre\u00a02024.\u00a0&#8220;Les anciens m\u2019ont donn\u00e9 beaucoup de conseils, Djibril (Sidib\u00e9), Yann (Gboho), ils m\u2019ont tr\u00e8s\u00a0bien int\u00e9gr\u00e9 pour que \u00e7a se passe du mieux possible. Sur le terrain, je me suis tr\u00e8s bien senti, j\u2019ai eu de bons feelings avec mes partenaires.&#8221;<\/p>\n<h2 class=\"txt-int\">&#8220;L\u2019an dernier, il lui manquait de la personnalit\u00e9&#8221;<\/h2>\n<p>Si Methalie\u00a0a convaincu son entra\u00eeneur Carles Martinez Novell de l\u2019aligner d\u2019entr\u00e9e sur la pelouse des Aiglons \u00e0 la place de Warren Kamanzi, c\u2019est que l\u2019international U19 fran\u00e7ais a franchi un cap ces derniers mois. La saison derni\u00e8re, le technicien catalan, qui n\u2019a aucun doute sur ses qualit\u00e9s, lui reprochait de &#8220;manquer de personnalit\u00e9&#8221; lors des entra\u00eenements, un point crucial pour l\u2019ancien formateur du FC Barcelone pour estimer que ses jeunes joueurs sont pr\u00eats \u00e0 \u00eatre lanc\u00e9s en professionnel. &#8220;Il s\u2019entra\u00eenait tr\u00e8s bien, avec passion, mais il lui manquait encore cet aspect-l\u00e0. Cette saison, il a chang\u00e9, c\u2019est pour \u00e7a qu\u2019il a jou\u00e9.&#8221;<\/p>\n<p class=\"std-elt__inline\">\n        <strong>\u00c0 lire aussi :<\/strong><br \/>\n        <a href=\"\/2025\/08\/17\/interview-nice-tfc-la-presaison-finalement-nous-a-aides-a-etre-plus-forts-mentalement-comment-toulouse-a-balaye-les-doutes-apres-une-preparation-ratee-12880008.php\">INTERVIEW. Nice \u2013 TFC\u00a0: &#8220;La pr\u00e9saison, finalement, nous a aid\u00e9s \u00e0 \u00eatre plus forts mentalement\u2026&#8221; Comment Toulouse a balay\u00e9 les doutes apr\u00e8s une pr\u00e9paration rat\u00e9e<\/a>\n    <\/p>\n<p>Un d\u00e9clic que le principal int\u00e9ress\u00e9 confirme avoir ressenti. &#8220;Aujourd\u2019hui je me sens en confiance. J\u2019ai senti ce passage dont parle le coach. Il me reprochait de ne pas assez me montrer. Petit \u00e0 petit, j\u2019ai compris ce qu\u2019il me demandait, et aujourd\u2019hui, \u00e7a se fait naturellement.&#8221;<\/p>\n<p class=\"std-elt__inline\">\n        <strong>\u00c0 lire aussi :<\/strong><br \/>\n        <a href=\"\/2025\/08\/16\/mercato-tfc-un-nouvel-attaquant-argentin-sur-le-point-de-rejoindre-les-violets-12879528.php\">MERCATO TFC\u00a0: un nouvel attaquant argentin, Julian Vignolo, sur le point de rejoindre le club<\/a>\n    <\/p>\n<p>Avec un effectif pas encore au complet, surtout au poste de Methalie o\u00f9 Gabriel Suazo n\u2019a pas \u00e9t\u00e9 remplac\u00e9 et avec la blessure de Rafik Messali, Martinez Novell sait que des opportunit\u00e9s sont \u00e0 saisir pour ses jeunes joueurs. &#8220;C\u2019est quelque chose que j\u2019ai vu au Bar\u00e7a lors de ma derni\u00e8re ann\u00e9e\u00a0: le club a commenc\u00e9 la saison avec beaucoup de probl\u00e8mes, des blessures, et les jeunes en ont profit\u00e9 pour montrer leurs qualit\u00e9s. C\u2019est la m\u00eame chose ici aujourd\u2019hui pour Dayann, pour Edjouma, pour Alexis (Vossah, pas encore professionnel et qui est entr\u00e9 en jeu \u00e0 Nice), Mathis Saka qui a fait une bonne pr\u00e9saison, et tous les autres\u2026 Le plus important c\u2019est qu\u2019ils montrent de la personnalit\u00e9&#8221;, mart\u00e8le l\u2019Espagnol. Les jeunes savent ce qu\u2019ils ont \u00e0 faire.<\/p>\n<\/p><\/div>\n<p><a href=\"https:\/\/www.ladepeche.fr\/2025\/08\/17\/tfc-il-me-reprochait-de-ne-pas-assez-me-montrer-commet-le-jeune-dayann-methalie-a-franchi-un-cap-pour-etre-titulaire-des-la-1re-journee-de-ligue-1-12880389.php\">source<\/a><\/p>\n","protected":false},"excerpt":{"rendered":"<p>l&#8217;essentiel Titulaire d\u00e8s la 1re journ\u00e9e de Ligue 1, le jeune joueur form\u00e9 au TFC, Dayann Methalie, a livr\u00e9 une prestation tr\u00e8s convaincante sur son c\u00f4t\u00e9 gauche. Trop timor\u00e9 la saison derni\u00e8re, celui qui est arriv\u00e9 au TFC \u00e0 neuf ans a franchi un cap et a convaincu son entra\u00eeneur. Pour un jeune joueur, il [&hellip;]<\/p>\n","protected":false},"author":1,"featured_media":99625,"comment_status":"open","ping_status":"open","sticky":false,"template":"","format":"standard","meta":{"_monsterinsights_skip_tracking":false,"_monsterinsights_sitenote_active":false,"_monsterinsights_sitenote_note":"","_monsterinsights_sitenote_category":0,"footnotes":""},"categories":[1],"tags":[],"coauthors":[77],"class_list":["post-99624","post","type-post","status-publish","format-standard","has-post-thumbnail","hentry","category-a-la-une"],"aioseo_notices":[],"_links":{"self":[{"href":"https:\/\/pressactu.com\/index.php?rest_route=\/wp\/v2\/posts\/99624","targetHints":{"allow":["GET"]}}],"collection":[{"href":"https:\/\/pressactu.com\/index.php?rest_route=\/wp\/v2\/posts"}],"about":[{"href":"https:\/\/pressactu.com\/index.php?rest_route=\/wp\/v2\/types\/post"}],"author":[{"embeddable":true,"href":"https:\/\/pressactu.com\/index.php?rest_route=\/wp\/v2\/users\/1"}],"replies":[{"embeddable":true,"href":"https:\/\/pressactu.com\/index.php?rest_route=%2Fwp%2Fv2%2Fcomments&post=99624"}],"version-history":[{"count":0,"href":"https:\/\/pressactu.com\/index.php?rest_route=\/wp\/v2\/posts\/99624\/revisions"}],"wp:featuredmedia":[{"embeddable":true,"href":"https:\/\/pressactu.com\/index.php?rest_route=\/wp\/v2\/media\/99625"}],"wp:attachment":[{"href":"https:\/\/pressactu.com\/index.php?rest_route=%2Fwp%2Fv2%2Fmedia&parent=99624"}],"wp:term":[{"taxonomy":"category","embeddable":true,"href":"https:\/\/pressactu.com\/index.php?rest_route=%2Fwp%2Fv2%2Fcategories&post=99624"},{"taxonomy":"post_tag","embeddable":true,"href":"https:\/\/pressactu.com\/index.php?rest_route=%2Fwp%2Fv2%2Ftags&post=99624"},{"taxonomy":"author","embeddable":true,"href":"https:\/\/pressactu.com\/index.php?rest_route=%2Fwp%2Fv2%2Fcoauthors&post=99624"}],"curies":[{"name":"wp","href":"https:\/\/api.w.org\/{rel}","templated":true}]}}