{"id":99612,"date":"2025-08-17T06:32:52","date_gmt":"2025-08-17T06:32:52","guid":{"rendered":"https:\/\/pressactu.com\/?p=99612"},"modified":"2025-08-17T06:32:52","modified_gmt":"2025-08-17T06:32:52","slug":"direct-guerre-en-ukraine-donald-trump-a-t-il-cede-aux-exigences-de-vladimir-poutine-concernant-le-donbass-ce-que-revele-une-source-anonyme","status":"publish","type":"post","link":"https:\/\/pressactu.com\/?p=99612","title":{"rendered":"DIRECT. Guerre en Ukraine\u00a0: Donald Trump a-t-il c\u00e9d\u00e9 aux exigences de Vladimir Poutine concernant le Donbass\u00a0? Ce que r\u00e9v\u00e8le une source anonyme"},"content":{"rendered":"<div>\n<p>\n                                                                    <span>Publi\u00e9 le <time content=\"2025-08-17T08:25:59+02:00\">17\/08\/2025 \u00e0 08:25<\/time><\/span>\n                                                                                                <\/p>\n<p>\n            <span class=\"author-name\">La r\u00e9daction<\/span>\n    <\/p>\n<\/p><\/div>\n<div>\n<p class=\"article-full__chapo \">\n                                                                    <span class=\"article-full__chapo-label hide-on-small-only\">l&#8217;essentiel<\/span><br \/>\n                                                                Bienvenue dans ce direct d\u00e9di\u00e9 \u00e0 l\u2019actualit\u00e9 du conflit en Ukraine et des pourparlers de paix en cours.\n                            <\/p>\n<div class=\"article-full__body-content article-paywall p402_premium\" rel=\"js-article-content\">\n<ul>\n<li>Apr\u00e8s un sommet qui s\u2019est sold\u00e9 sans r\u00e9sultat concret apparent, Donald Trump a abandonn\u00e9\u00a0toute exigence d\u2019un cessez-le-feu pr\u00e9alable en Ukraine, pr\u00f4nant d\u00e9sormais un &#8220;accord de paix&#8221; pour mettre fin au conflit.<\/li>\n<li>Le pr\u00e9sident am\u00e9ricain soutient m\u00eame une proposition russe pr\u00e9voyant un contr\u00f4le total de deux r\u00e9gions ukrainiennes et que le front soit gel\u00e9 dans deux autres r\u00e9gions sur lesquelles Moscou n\u2019a qu\u2019en partie la main.<\/li>\n<li>Vladimir demanderait notamment &#8220;que l\u2019Ukraine quitte le Donbass&#8221;, territoire rassemblant les r\u00e9gions de Donetsk et Lougansk dans l\u2019est de l\u2019Ukraine.<\/li>\n<li>Donald Trump recevra lundi son homologue ukrainien \u00e0 la Maison Blanche.<\/li>\n<li>Volodymyr Zelensky a de son c\u00f4t\u00e9 d\u00e9nonc\u00e9 le refus de la Russie d\u2019appliquer un cessez-le-feu, qui selon lui &#8220;complique la situation&#8221; pour aboutir au plan de paix voulu par Donald Trump.<\/li>\n<\/ul><\/div>\n<\/p><\/div>\n<p><a href=\"https:\/\/www.ladepeche.fr\/2025\/08\/17\/direct-guerre-en-ukraine-donald-trump-a-t-il-cede-aux-exigences-de-vladimir-poutine-concernant-le-donbass-ce-que-revele-une-source-anonyme-12880296.php\">source<\/a><\/p>\n","protected":false},"excerpt":{"rendered":"<p>Publi\u00e9 le 17\/08\/2025 \u00e0 08:25 La r\u00e9daction l&#8217;essentiel Bienvenue dans ce direct d\u00e9di\u00e9 \u00e0 l\u2019actualit\u00e9 du conflit en Ukraine et des pourparlers de paix en cours. Apr\u00e8s un sommet qui s\u2019est sold\u00e9 sans r\u00e9sultat concret apparent, Donald Trump a abandonn\u00e9\u00a0toute exigence d\u2019un cessez-le-feu pr\u00e9alable en Ukraine, pr\u00f4nant d\u00e9sormais un &#8220;accord de paix&#8221; pour mettre fin [&hellip;]<\/p>\n","protected":false},"author":1,"featured_media":99613,"comment_status":"open","ping_status":"open","sticky":false,"template":"","format":"standard","meta":{"_monsterinsights_skip_tracking":false,"_monsterinsights_sitenote_active":false,"_monsterinsights_sitenote_note":"","_monsterinsights_sitenote_category":0,"footnotes":""},"categories":[1],"tags":[],"coauthors":[77],"class_list":["post-99612","post","type-post","status-publish","format-standard","has-post-thumbnail","hentry","category-a-la-une"],"aioseo_notices":[],"_links":{"self":[{"href":"https:\/\/pressactu.com\/index.php?rest_route=\/wp\/v2\/posts\/99612","targetHints":{"allow":["GET"]}}],"collection":[{"href":"https:\/\/pressactu.com\/index.php?rest_route=\/wp\/v2\/posts"}],"about":[{"href":"https:\/\/pressactu.com\/index.php?rest_route=\/wp\/v2\/types\/post"}],"author":[{"embeddable":true,"href":"https:\/\/pressactu.com\/index.php?rest_route=\/wp\/v2\/users\/1"}],"replies":[{"embeddable":true,"href":"https:\/\/pressactu.com\/index.php?rest_route=%2Fwp%2Fv2%2Fcomments&post=99612"}],"version-history":[{"count":0,"href":"https:\/\/pressactu.com\/index.php?rest_route=\/wp\/v2\/posts\/99612\/revisions"}],"wp:featuredmedia":[{"embeddable":true,"href":"https:\/\/pressactu.com\/index.php?rest_route=\/wp\/v2\/media\/99613"}],"wp:attachment":[{"href":"https:\/\/pressactu.com\/index.php?rest_route=%2Fwp%2Fv2%2Fmedia&parent=99612"}],"wp:term":[{"taxonomy":"category","embeddable":true,"href":"https:\/\/pressactu.com\/index.php?rest_route=%2Fwp%2Fv2%2Fcategories&post=99612"},{"taxonomy":"post_tag","embeddable":true,"href":"https:\/\/pressactu.com\/index.php?rest_route=%2Fwp%2Fv2%2Ftags&post=99612"},{"taxonomy":"author","embeddable":true,"href":"https:\/\/pressactu.com\/index.php?rest_route=%2Fwp%2Fv2%2Fcoauthors&post=99612"}],"curies":[{"name":"wp","href":"https:\/\/api.w.org\/{rel}","templated":true}]}}