{"id":99534,"date":"2025-08-16T16:51:34","date_gmt":"2025-08-16T16:51:34","guid":{"rendered":"https:\/\/pressactu.com\/?p=99534"},"modified":"2025-08-16T16:51:34","modified_gmt":"2025-08-16T16:51:34","slug":"ligue-1-polemique-a-nantes-sur-la-vente-de-biere-desormais-restreinte-les-supporters-sinsurgent","status":"publish","type":"post","link":"https:\/\/pressactu.com\/?p=99534","title":{"rendered":"Ligue 1\u00a0: pol\u00e9mique \u00e0 Nantes sur la vente de bi\u00e8re d\u00e9sormais restreinte, les supporters s\u2019insurgent"},"content":{"rendered":"<p>\n                                                                    <span class=\"article-full__chapo-label hide-on-small-only\">l&#8217;essentiel<\/span><br \/>\n                                                                Les joueurs du club de Loire-Atlantique d\u00e9fient ceux du Paris Saint-Germain, champions de France et d\u2019Europe en titre, dimanche 17\u00a0ao\u00fbt en ouverture de la saison 2025\/2026 du championnat de France.\n                            <\/p>\n<div rel=\"js-article-content\">\n                                                                                                                            <!-- Pub DFP Position [outstream] --><\/p>\n<p>\u00c0 quelques heures de la reprise de la Ligue 1 pour le FC Nantes, dont les footballeurs d\u00e9fient le PSG dimanche 17\u00a0ao\u00fbt, les habitu\u00e9s de La Beaujoire ont eu la mauvaise surprise de d\u00e9couvrir une restriction qui a imm\u00e9diatement fait r\u00e9agir les associations de supporters. Depuis ce samedi, les commer\u00e7ants ambulants du parvis du stade ne peuvent plus vendre de bi\u00e8re sans que celle-ci soit accompagn\u00e9e de l\u2019achat d\u2019un repas.<\/p>\n<p><!-- Pub DFP Position [article] --><\/p>\n<p class=\"std-elt__inline\">\n        <strong>\u00c0 lire aussi :<\/strong><br \/>\n        <a href=\"\/2025\/01\/14\/pour-se-faire-offrir-une-biere-ce-toulousain-fan-du-tfc-a-defie-le-bar-chez-tonton-de-gravir-150-fois-les-marches-de-la-place-saint-pierre-12444920.php\">Pour se faire offrir une bi\u00e8re, ce Toulousain a d\u00e9fi\u00e9 le bar Chez Tonton de gravir 150 fois les marches de la place Saint-Pierre<\/a>\n    <\/p>\n<p>&#8220;Qu\u2019elle soit motiv\u00e9e par des raisons commerciales, l\u00e9gales ou s\u00e9curitaires, cette nouvelle r\u00e8gle porte atteinte \u00e0 la convivialit\u00e9 de notre stade&#8221;\u00a0d\u00e9nonce le Collectif Supporters Nantais, qui regroupe neuf associations locales.<\/p>\n<p>Selon eux, l\u2019ambiance si particuli\u00e8re de La Beaujoire, loin des enceintes modernes et aseptis\u00e9es, est en jeu. Les vendeurs ambulants, pr\u00e9sents depuis plus de trente ans, constituent &#8220;un passage incontournable avant ou apr\u00e8s le match, que ce soit pour se restaurer ou simplement partager un verre&#8221;.<\/p>\n<blockquote data-class=\"twitter-tweet\">\n<p lang=\"fr\" dir=\"ltr\">Communiqu\u00e9 du Collectif Supporters Nantais en date du 16\/08\/2025 <a href=\"https:\/\/t.co\/4AHy2qX7ru\">pic.twitter.com\/4AHy2qX7ru<\/a><\/p>\n<p>\u2014 Collectif Supporters Nantais (@SuppsFcn) <a href=\"https:\/\/twitter.com\/SuppsFcn\/status\/1956650949641986063?ref_src=twsrc%5Etfw\">August 16, 2025<\/a><\/p><\/blockquote>\n<p>Cette restriction s\u2019inscrit dans le cadre d\u2019une r\u00e9glementation sur la vente d\u2019alcool sur la voie publique, g\u00e9r\u00e9e par la Ville et la pr\u00e9fecture, et non directement par le club. Les commer\u00e7ants, dont l\u2019activit\u00e9 principale reste la vente de nourriture, pourraient donc avoir re\u00e7u un simple rappel \u00e0 l\u2019ordre avant la reprise du championnat. La municipalit\u00e9, contact\u00e9e par\u00a0<a href=\"https:\/\/www.ouest-france.fr\/sport\/football\/fc-nantes\/avant-nantes-psg-la-polemique-enfle-sur-la-vente-de-biere-aux-abords-de-la-beaujoire-3f3db90e-7a86-11f0-918c-237d7f802514\" target=\"_blank\"><em>Ouest-France<\/em><\/a>, n\u2019\u00e9tait pas en mesure de fournir de pr\u00e9cisions samedi matin.<\/p>\n<p class=\"std-elt__inline\">\n        <strong>\u00c0 lire aussi :<\/strong><br \/>\n        <a href=\"\/2025\/05\/04\/ligue-1-tout-le-monde-en-a-plein-le-c-on-se-fait-ch-on-merite-la-ligue-2-rupture-entre-les-supporters-nantais-et-leur-club-12675189.php\">Ligue 1\u00a0: &#8220;Tout le monde en a plein le c**&#8221;, &#8220;on se fait ch***&#8221;, &#8220;on m\u00e9rite la Ligue 2&#8243;\u2026 Rupture entre les supporters nantais et leur club<\/a>\n    <\/p>\n<p>Pour les supporters, l\u2019enjeu d\u00e9passe la simple consommation de bi\u00e8re. Ils r\u00e9clament des &#8220;\u00e9claircissements publics&#8221; et souhaitent que l\u2019activit\u00e9 des commer\u00e7ants ambulants puisse continuer librement, afin de pr\u00e9server l\u2019\u00e2me du stade et son identit\u00e9. &#8220;Petit \u00e0 petit, c\u2019est toute cette ambiance unique qui risque de dispara\u00eetre&#8221;, avertissent-ils.<\/p>\n<p>Le FC Nantes accueillera le PSG ce dimanche \u00e0 20h45 pour la premi\u00e8re journ\u00e9e de Ligue 1.<\/p>\n<\/p><\/div>\n<p><script async src=\"\/\/platform.twitter.com\/widgets.js\" charset=\"utf-8\"><\/script><br \/><a href=\"https:\/\/www.ladepeche.fr\/2025\/08\/16\/ligue-1-polemique-a-nantes-sur-la-vente-de-biere-desormais-restreinte-les-supporters-sinsurgent-12879638.php\">source<\/a><\/p>\n","protected":false},"excerpt":{"rendered":"<p>l&#8217;essentiel Les joueurs du club de Loire-Atlantique d\u00e9fient ceux du Paris Saint-Germain, champions de France et d\u2019Europe en titre, dimanche 17\u00a0ao\u00fbt en ouverture de la saison 2025\/2026 du championnat de France. \u00c0 quelques heures de la reprise de la Ligue 1 pour le FC Nantes, dont les footballeurs d\u00e9fient le PSG dimanche 17\u00a0ao\u00fbt, les habitu\u00e9s [&hellip;]<\/p>\n","protected":false},"author":1,"featured_media":99535,"comment_status":"open","ping_status":"open","sticky":false,"template":"","format":"standard","meta":{"_monsterinsights_skip_tracking":false,"_monsterinsights_sitenote_active":false,"_monsterinsights_sitenote_note":"","_monsterinsights_sitenote_category":0,"footnotes":""},"categories":[71],"tags":[],"coauthors":[77],"class_list":["post-99534","post","type-post","status-publish","format-standard","has-post-thumbnail","hentry","category-sport"],"aioseo_notices":[],"_links":{"self":[{"href":"https:\/\/pressactu.com\/index.php?rest_route=\/wp\/v2\/posts\/99534","targetHints":{"allow":["GET"]}}],"collection":[{"href":"https:\/\/pressactu.com\/index.php?rest_route=\/wp\/v2\/posts"}],"about":[{"href":"https:\/\/pressactu.com\/index.php?rest_route=\/wp\/v2\/types\/post"}],"author":[{"embeddable":true,"href":"https:\/\/pressactu.com\/index.php?rest_route=\/wp\/v2\/users\/1"}],"replies":[{"embeddable":true,"href":"https:\/\/pressactu.com\/index.php?rest_route=%2Fwp%2Fv2%2Fcomments&post=99534"}],"version-history":[{"count":0,"href":"https:\/\/pressactu.com\/index.php?rest_route=\/wp\/v2\/posts\/99534\/revisions"}],"wp:featuredmedia":[{"embeddable":true,"href":"https:\/\/pressactu.com\/index.php?rest_route=\/wp\/v2\/media\/99535"}],"wp:attachment":[{"href":"https:\/\/pressactu.com\/index.php?rest_route=%2Fwp%2Fv2%2Fmedia&parent=99534"}],"wp:term":[{"taxonomy":"category","embeddable":true,"href":"https:\/\/pressactu.com\/index.php?rest_route=%2Fwp%2Fv2%2Fcategories&post=99534"},{"taxonomy":"post_tag","embeddable":true,"href":"https:\/\/pressactu.com\/index.php?rest_route=%2Fwp%2Fv2%2Ftags&post=99534"},{"taxonomy":"author","embeddable":true,"href":"https:\/\/pressactu.com\/index.php?rest_route=%2Fwp%2Fv2%2Fcoauthors&post=99534"}],"curies":[{"name":"wp","href":"https:\/\/api.w.org\/{rel}","templated":true}]}}