{"id":99528,"date":"2025-08-16T15:06:38","date_gmt":"2025-08-16T15:06:38","guid":{"rendered":"https:\/\/pressactu.com\/?p=99528"},"modified":"2025-08-16T15:06:38","modified_gmt":"2025-08-16T15:06:38","slug":"canicule-15c-et-orages-violents-quand-les-temperatures-vont-elles-enfin-baisser","status":"publish","type":"post","link":"https:\/\/pressactu.com\/?p=99528","title":{"rendered":"Canicule\u00a0: \u2013 15\u00b0C et &quot;orages violents&quot;\u2026 quand les temp\u00e9ratures vont-elles enfin baisser\u00a0?"},"content":{"rendered":"<p>\n                                                                    <span class=\"article-full__chapo-label hide-on-small-only\">l&#8217;essentiel<\/span><br \/>\n                                                                Le Sud vit, une nouvelle fois, ce samedi 16\u00a0ao\u00fbt une journ\u00e9e caniculaire avec plus de 40\u00b0C. La fin de cette vague de chaleur se rapproche. La baisse des temp\u00e9ratures, c\u2019est pour bient\u00f4t.\n                            <\/p>\n<div rel=\"js-article-content\">\n                                                                                                                            <!-- Pub DFP Position [outstream] --><\/p>\n<p>Une chaude journ\u00e9e, une de plus. Les temp\u00e9ratures ont fr\u00f4l\u00e9 ou d\u00e9pass\u00e9 les 40\u00b0C entre le nord de l\u2019Aquitaine et le Languedoc, ce samedi apr\u00e8s-midi. Une atmosph\u00e8re \u00e9touffante marqu\u00e9e dans les r\u00e9gions de la M\u00e9diterran\u00e9e par le retour du mistral et de la tramontane jusqu\u2019\u00e0 60\/70\u00a0km\/h en pointe. Une majorit\u00e9 de d\u00e9partements restent en alerte orange canicule.<\/p>\n<p><!-- Pub DFP Position [article] --><\/p>\n<p class=\"std-elt__inline\">\n        <strong>\u00c0 lire aussi :<\/strong><br \/>\n        <a href=\"\/2025\/08\/16\/direct-canicule-plus-de-40c-dans-le-sud-ouest-et-le-languedoc-ce-samedi-retour-du-mistral-et-de-la-tramontane-12878054.php\">DIRECT. Canicule\u00a0: 36 d\u00e9partements plac\u00e9s en vigilance orange pour demain, soit 18 de moins qu\u2019aujourd\u2019hui<\/a>\n    <\/p>\n<p>Dimanche 17\u00a0ao\u00fbt, les temp\u00e9ratures vont commencer \u00e0 baisser un peu sur la France, sous l\u2019influence du vent de nord. Pas encore vraiment dans le Sud puisque les temp\u00e9ratures maximales resteront comprises entre 35\u00b0C et 37\u00b0C entre le Sud-Ouest et le Sud-Est, toujours sous un soleil de feu.<\/p>\n<div class=\"center-align\" rel=\"js-article-inline-img\" data-protec-aida=\"image\">\n<figure class=\"std-img\" data-src=\"https:\/\/images.ladepeche.fr\/api\/v1\/images\/view\/689fc5b32a7490e4650834fe\/original\/image.jpg?v=1\">\n        <img decoding=\"async\" class=\"std-img__img responsive-img\" src=\"http:\/\/pressactu.com\/wp-content\/uploads\/2025\/08\/1755356798_575_image.jpg?v=1\" alt=\"Les temp\u00e9ratures pr\u00e9vues le dimanche 17\u00a0ao\u00fbt 2025.\"\/><figcaption class=\"article-full__media-infos\">\n                <span class=\"article-full__media-legend\">Les temp\u00e9ratures pr\u00e9vues le dimanche 17\u00a0ao\u00fbt 2025.<\/span><br \/>\n                                    <span class=\"article-full__media-author\">M\u00e9t\u00e9o France<\/span><br \/>\n                            <\/figcaption><\/figure>\n<\/div>\n<p>Lundi 18\u00a0ao\u00fbt, la journ\u00e9e sera encore assez ensoleill\u00e9e et assez chaude \u2013 en particulier entre l\u2019Aude et le Gard avec 36\u00b0C \u00e0 38\u00b0C mais 32\u00b0C \u00e0 36\u00b0C ailleurs dans le Sud \u2013 les temp\u00e9ratures vont continuer \u00e0 baisser un peu, en raison d\u2019une petite d\u00e9gradation orageuse qui abordera la France par l\u2019ouest.<\/p>\n<div class=\"center-align\" rel=\"js-article-inline-img\" data-protec-aida=\"image\">\n<figure class=\"std-img\" data-src=\"https:\/\/images.ladepeche.fr\/api\/v1\/images\/view\/689fc5b96953837053011a9e\/original\/image.jpg?v=1\">\n        <img decoding=\"async\" class=\"std-img__img responsive-img\" src=\"http:\/\/pressactu.com\/wp-content\/uploads\/2025\/08\/1755356798_216_image.jpg?v=1\" alt=\"Les temp\u00e9ratures pr\u00e9vues le lundi 18\u00a0ao\u00fbt 2025.\"\/><figcaption class=\"article-full__media-infos\">\n                <span class=\"article-full__media-legend\">Les temp\u00e9ratures pr\u00e9vues le lundi 18\u00a0ao\u00fbt 2025.<\/span><br \/>\n                                    <span class=\"article-full__media-author\">M\u00e9t\u00e9o France<\/span><br \/>\n                            <\/figcaption><\/figure>\n<\/div>\n<p>C\u2019est mardi 19\u00a0ao\u00fbt que la canicule se terminera enfin. Une d\u00e9gradation pluvieuse et orageuse va s\u2019\u00e9tendre \u00e0 la France enti\u00e8re. Elle sera &#8220;potentiellement forte&#8221;, pr\u00e9vient M\u00e9t\u00e9o France, avec des rafales, de la gr\u00eale et des cumuls de pr\u00e9cipitations importants et &#8220;une nette baisse&#8221; des temp\u00e9ratures.<\/p>\n<div class=\"extemb-container\">\n<blockquote data-class=\"twitter-tweet\">\n<p lang=\"fr\" dir=\"ltr\">M\u00eame si l&#8217;\u00e9volution est \u00e0 confirmer et que la <a href=\"https:\/\/twitter.com\/hashtag\/canicule?src=hash&amp;ref_src=twsrc%5Etfw\">#canicule<\/a> actuelle pourrait mettre un peu plus de temps \u00e0 se terminer, on peut d\u00e9j\u00e0 \u00e9tablir une premi\u00e8re estimation sur sa dur\u00e9e : du 8 au 19 ao\u00fbt, un cran en dessous de celle d&#8217;ao\u00fbt 2003 (du 3 au 15 ao\u00fbt) en termes d&#8217;intensit\u00e9. <a href=\"https:\/\/t.co\/HyVXRwZe6c\">pic.twitter.com\/HyVXRwZe6c<\/a><\/p>\n<p>\u2014 La Cha\u00eene M\u00e9t\u00e9o (@lachainemeteo) <a href=\"https:\/\/twitter.com\/lachainemeteo\/status\/1956392825425101243?ref_src=twsrc%5Etfw\">August 15, 2025<\/a><\/p><\/blockquote><\/div>\n<p>Entre ce samedi et mercredi prochain, les maximales vont perdre jusqu\u2019\u00e0 15\u00b0C dans le Sud\u00a0! En fin de semaine prochaine, les temp\u00e9ratures retrouveront des valeurs conformes aux normales de saison.<\/p>\n<\/p><\/div>\n<p><script async src=\"\/\/platform.twitter.com\/widgets.js\" charset=\"utf-8\"><\/script><br \/><a href=\"https:\/\/www.ladepeche.fr\/2025\/08\/16\/canicule-15c-et-orages-violents-quand-les-temperatures-vont-elles-enfin-baisser-12876540.php\">source<\/a><\/p>\n","protected":false},"excerpt":{"rendered":"<p>l&#8217;essentiel Le Sud vit, une nouvelle fois, ce samedi 16\u00a0ao\u00fbt une journ\u00e9e caniculaire avec plus de 40\u00b0C. La fin de cette vague de chaleur se rapproche. La baisse des temp\u00e9ratures, c\u2019est pour bient\u00f4t. Une chaude journ\u00e9e, une de plus. Les temp\u00e9ratures ont fr\u00f4l\u00e9 ou d\u00e9pass\u00e9 les 40\u00b0C entre le nord de l\u2019Aquitaine et le Languedoc, [&hellip;]<\/p>\n","protected":false},"author":1,"featured_media":99529,"comment_status":"open","ping_status":"open","sticky":false,"template":"","format":"standard","meta":{"_monsterinsights_skip_tracking":false,"_monsterinsights_sitenote_active":false,"_monsterinsights_sitenote_note":"","_monsterinsights_sitenote_category":0,"footnotes":""},"categories":[1],"tags":[],"coauthors":[77],"class_list":["post-99528","post","type-post","status-publish","format-standard","has-post-thumbnail","hentry","category-a-la-une"],"aioseo_notices":[],"_links":{"self":[{"href":"https:\/\/pressactu.com\/index.php?rest_route=\/wp\/v2\/posts\/99528","targetHints":{"allow":["GET"]}}],"collection":[{"href":"https:\/\/pressactu.com\/index.php?rest_route=\/wp\/v2\/posts"}],"about":[{"href":"https:\/\/pressactu.com\/index.php?rest_route=\/wp\/v2\/types\/post"}],"author":[{"embeddable":true,"href":"https:\/\/pressactu.com\/index.php?rest_route=\/wp\/v2\/users\/1"}],"replies":[{"embeddable":true,"href":"https:\/\/pressactu.com\/index.php?rest_route=%2Fwp%2Fv2%2Fcomments&post=99528"}],"version-history":[{"count":0,"href":"https:\/\/pressactu.com\/index.php?rest_route=\/wp\/v2\/posts\/99528\/revisions"}],"wp:featuredmedia":[{"embeddable":true,"href":"https:\/\/pressactu.com\/index.php?rest_route=\/wp\/v2\/media\/99529"}],"wp:attachment":[{"href":"https:\/\/pressactu.com\/index.php?rest_route=%2Fwp%2Fv2%2Fmedia&parent=99528"}],"wp:term":[{"taxonomy":"category","embeddable":true,"href":"https:\/\/pressactu.com\/index.php?rest_route=%2Fwp%2Fv2%2Fcategories&post=99528"},{"taxonomy":"post_tag","embeddable":true,"href":"https:\/\/pressactu.com\/index.php?rest_route=%2Fwp%2Fv2%2Ftags&post=99528"},{"taxonomy":"author","embeddable":true,"href":"https:\/\/pressactu.com\/index.php?rest_route=%2Fwp%2Fv2%2Fcoauthors&post=99528"}],"curies":[{"name":"wp","href":"https:\/\/api.w.org\/{rel}","templated":true}]}}