{"id":99419,"date":"2025-08-15T22:01:03","date_gmt":"2025-08-15T22:01:03","guid":{"rendered":"https:\/\/pressactu.com\/?p=99419"},"modified":"2025-08-15T22:01:03","modified_gmt":"2025-08-15T22:01:03","slug":"poignee-de-main-et-tapis-rouge-le-sommet-trump-poutine-a-commence-en-alaska","status":"publish","type":"post","link":"https:\/\/pressactu.com\/?p=99419","title":{"rendered":"Poign\u00e9e de main et tapis rouge, le sommet Trump-Poutine a commenc\u00e9 en Alaska"},"content":{"rendered":"<div auto_robot_readability=\"154.51443057722\">\n          <!-- app\/web\/views\/partials\/article\/authors.volt --><\/p>\n<p class=\"authors latino-300b text-grey-600\">\n<p>  <span>Par\u00a0<\/span><br \/>\n<span class=\"text-grey-800\" data-oncrawl-author=\"Le Nouvel Obs avec AFP\">Le Nouvel Obs avec AFP<\/span><\/p>\n<div class=\"d-flex flex-column flex-lg-row align-items-lg-center mt-5\" auto_robot_readability=\"8\">\n            <!-- app\/web\/views\/partials\/article\/publication_dates.volt --><\/p>\n<p class=\"latino-300r text-grey-600 pe-10  border-end-lg\">\n      <time datetime=\"2025-08-15T22:02:32.000+02:00\" data-oncrawl-firstpublished=\"2025-08-15T22:02:32\"><br \/>\n    Publi\u00e9 le\u00a015 ao\u00fbt 2025 \u00e0 22h02  <\/time><br \/>\n      <time datetime=\"2025-08-15T22:46:40.000+02:00\" data-oncrawl-lastpublished=\"2025-08-15T22:46:40\"><br \/>\n      , mis \u00e0 jour le\u00a015 ao\u00fbt 2025 \u00e0 22h46    <\/time>\n  <\/p>\n<p>                        <time class=\"latino-300r text-grey-600 pt-8 pt-lg-0 ps-lg-10\" datetime=\"PT3M\"><br \/>\n              Lecture\u00a0:\u00a03\u00a0min.<br \/>\n            <\/time>\n                      <\/div>\n<p>          <!-- partials\/article\/hook_media--standard.volt --><\/p>\n<figure class=\"hook-media--standard mt-24 mt-lg-32 \" auto_robot_readability=\"-23.5\">\n    <picture class=\"hook-media_picture pb-8\"><source media=\"(max-width: 768px)\" srcset=\"https:\/\/focus.nouvelobs.com\/2025\/08\/15\/0\/0\/2307\/1538\/375\/250\/75\/0\/0b44d2b_upload-1-fiwrwjtr9gpo-sipa-ap22976973-000088.jpg 1x,https:\/\/focus.nouvelobs.com\/2025\/08\/15\/0\/0\/2307\/1538\/750\/500\/50\/0\/0b44d2b_upload-1-fiwrwjtr9gpo-sipa-ap22976973-000088.jpg 2x\" width=\"375\" height=\"250\"><img fetchpriority=\"high\" decoding=\"async\" class=\"mx-auto\" src=\"data:image\/svg+xml,%3Csvg%20xmlns%3D%27http%3A%2F%2Fwww.w3.org%2F2000%2Fsvg%27%20fill%3D%22%23e4e4e4%22%20viewBox%3D%270%200%20510%20340%27%20width%3D%22510%22%20height%3D%22340%22%3E%3Cpath%20d%3D%27M0%200h510v340H0z%27%2F%3E%3C%2Fsvg%3E\" srcset=\"https:\/\/focus.nouvelobs.com\/2025\/08\/15\/0\/0\/2307\/1538\/510\/340\/75\/0\/0b44d2b_upload-1-fiwrwjtr9gpo-sipa-ap22976973-000088.jpg 1x,https:\/\/focus.nouvelobs.com\/2025\/08\/15\/0\/0\/2307\/1538\/1020\/680\/50\/0\/0b44d2b_upload-1-fiwrwjtr9gpo-sipa-ap22976973-000088.jpg 2x\" loading=\"eager\" width=\"510\" height=\"340\" data-oncrawl-image-size=\"510x340\" alt=\"Vladimir Poutine accueilli par Donald Trump en Alaska le vendredi 15\u00a0ao\u00fbt.\"\/>      <\/source><\/picture><figcaption class=\"hook-media_figcaption\" auto_robot_readability=\"-22\">\n<p class=\"latino-100m text-grey-600\">\n            Vladimir Poutine accueilli par Donald Trump en Alaska le vendredi 15\u00a0ao\u00fbt.\u00a0<span class=\"text-grey-600 ms-5\">JULIA DEMAREE NIKHINSON\/AP\/SIPA <\/span>        <\/p>\n<\/figcaption><\/figure>\n<p>                    <!-- partials\/article\/actions\/toolbar --><\/p>\n<div class=\"article__share d-flex align-items-center py-24 border-bottom  py-20 mb-20 border-bottom\" style=\"--border-color:#D9D9D9;\">\n<div class=\"d-flex flex-wrap gap-16\" auto_robot_readability=\"5.4432989690722\">\n<p>          <!-- partials\/article\/actions\/gift.volt --><\/p>\n<p>          <!-- partials\/article\/actions\/comment.volt --><\/p>\n<p>  <button data-article-key=\"20250815.OBS106769\" aria-label=\"Lire\u00a0plus\u00a0tard\" data-section=\"Monde\" data-piano=\"Page_Article,Sous_date_publi,A_lire_plus_tard,1er_clic,action\" class=\"popover-trigger btn--tertiary btn--icon-only btn btn--small btn--secondary read-later\"><br \/>\n    <i class=\"icon  icon-read-after\" aria-hidden=\"true\"\/><br \/>\n          <span class=\"latino-300r mt-2 \"><br \/>\n        Lire\u00a0plus\u00a0tard      <\/span><br \/>\n      <\/button><\/p>\n<p><a aria-label=\"Nous suivre sur Google News\" href=\"https:\/\/news.google.com\/publications\/CAAqBwgKMJe4nQkw3dFs?hl=fr&amp;gl=FR&amp;ceid=FR%3Afr\" target=\"_blank\" data-piano=\"Page_Article,Sous_date_publi,Nous_suivre_sur_google_news,1er_clic,action\" class=\"btn btn--small btn--tertiary btn--icon-only\"><br \/>\n      <svg class=\"icon icon--google  \" style=\"--fill:#56668A\">\n        <use href=\"\/bucket\/cce111c1fe657da4eede2bd9d3e82343a1b779dc\/v3\/img\/sprite.svg#google\"\/>\n  <\/svg><br \/>\n      <span class=\"latino-300r mt-2 \">Google Actualit\u00e9s<\/span><br \/>\n  <\/a><\/p>\n<p>          <!-- partials\/article\/actions\/hook_action--share.volt --><br \/>\n<button id=\"share\" aria-label=\"Partager\" class=\"popover-trigger btn btn--small btn--tertiary btn--icon-only\" data-piano=\"Page_Article,Sous_date_publi,Partager,1er_clic,action\"><br \/>\n      <svg class=\"icon icon--share-alt  \" style=\"--fill:#171717\">\n        <use href=\"\/bucket\/cce111c1fe657da4eede2bd9d3e82343a1b779dc\/v3\/img\/sprite.svg#share-alt\"\/>\n  <\/svg><br \/>\n  <span class=\"latino-300r mt-2\">Partager<\/span><br \/>\n<\/button><\/p>\n<div id=\"popover-share\" data-url=\"https:\/\/www.nouvelobs.com\/monde\/20250815.OBS106769\/poignee-de-main-et-tapis-rouge-le-sommet-trump-poutine-a-commence-en-alaska.html\" data-id=\"20250815.OBS106769\" data-popover-for=\"share\" class=\"popover p-30\" role=\"tooltip\" style=\"width: 375px\" auto_robot_readability=\"7\">\n<p>\n          <button onclick=\"setToFacebook();\" class=\"btn btn--large btn--secondary\" aria-label=\"Facebook\" piano-context-origin=\"Page_Article,Sous_date_publi,Partager,Facebook,action\"><br \/>\n            <svg class=\"icon icon--facebook  \" style=\"--fill:#171717\">\n        <use href=\"\/bucket\/cce111c1fe657da4eede2bd9d3e82343a1b779dc\/v3\/img\/sprite.svg#facebook\"\/>\n  <\/svg><br \/>\n        <span class=\"latino-300r\">Facebook<\/span><br \/>\n      <\/button><br \/>\n      <button onclick=\"setToBsky();\" class=\"btn btn--large btn--secondary\" aria-label=\"Bluesky\" piano-context-origin=\"Page_Article,Sous_date_publi,Partager,Bluesky,action\"><br \/>\n            <svg class=\"icon icon--bluesky  \" style=\"--fill:#171717\">\n        <use href=\"\/bucket\/cce111c1fe657da4eede2bd9d3e82343a1b779dc\/v3\/img\/sprite.svg#bluesky\"\/>\n  <\/svg><br \/>\n        <span class=\"latino-300r\">Bluesky<\/span><br \/>\n      <\/button><br \/>\n      <button id=\"mail-button\" onclick=\"setToMail(true)\" class=\"btn btn--large btn--secondary\" aria-label=\"Mail\" piano-context-origin=\"Page_Article,Sous_date_publi,Partager,Email,action\"><br \/>\n            <svg class=\"icon icon--mail  \" style=\"--fill:#171717\">\n        <use href=\"\/bucket\/cce111c1fe657da4eede2bd9d3e82343a1b779dc\/v3\/img\/sprite.svg#mail\"\/>\n  <\/svg><br \/>\n        <span class=\"latino-300r\">E-mail<\/span><br \/>\n      <\/button><br \/>\n      <button onclick=\"setToClipboard();\" class=\"copy-button btn btn--large btn--secondary\" aria-label=\"copier le lien\" piano-context-origin=\"Page_Article,Sous_date_publi,Partager,Copier_lien,action\"><br \/>\n            <svg class=\"icon icon--link  \" style=\"--fill:#171717\">\n        <use href=\"\/bucket\/cce111c1fe657da4eede2bd9d3e82343a1b779dc\/v3\/img\/sprite.svg#link\"\/>\n  <\/svg><br \/>\n        <span class=\"latino-300r\">Copier le lien<\/span><br \/>\n      <\/button>\n      <\/p>\n<p>\n    <button id=\"share-mail-submit\" type=\"submit\" form=\"mail-form\" onclick=\"__forecast.collectShareMail()\" class=\"latino-300r btn btn--large btn--black btn--fit\"><br \/>\n      Envoyer<br \/>\n    <\/button>\n  <\/p>\n<\/div>\n<p>          <!-- app\/web\/views\/partials\/article\/actions\/subscribe.volt --><\/p>\n<p>              <span data-urlencode=\"aHR0cHM6Ly93d3cubm91dmVsb2JzLmNvbS9hYm9ubmVtZW50LWV0ZQ==\" data-piano=\"Page_Article,Sous_date_publi,S_abonner_Ete2025,1er_clic,action\" class=\"btn btn--small btn--conversion-secondary\" style=\"--btn-bg:#FE8B3C;--btn-bg-hover: var(--btn-bg);--btn-bg-focus: var(--btn-bg);--btn-color:#FFF;\"><br \/>\n      S\u2019abonner    <\/span><\/p><\/div>\n<\/div>\n<p>    <!-- partials\/article\/node.volt --><br \/>\n<!-- partials\/article\/node_text.volt --><\/p>\n<p class=\"node__paragraphe antonia-750r text-grey-800 pb-24 pb-md-30\">\nUne poign\u00e9e de main avant de s\u2019enfermer pour<a href=\"https:\/\/www.nouvelobs.com\/monde\/20250809.OBS106605\/un-sommet-trump-poutine-le-15-aout-echanges-de-territoires-mise-en-garde-de-zelensky-quatre-questions-sur-cette-rencontre.html\"> un sommet historique\u00a0: Donald Trump et Vladimir Poutine<\/a> se sont retrouv\u00e9s vendredi en Alaska, pour peut-\u00eatre sceller le sort de l\u2019Ukraine.<\/p>\n<p>          <!-- partials\/article\/node.volt --><br \/>\n<!-- partials\/article\/node_text.volt --><\/p>\n<p class=\"node__paragraphe antonia-750r text-grey-800 pb-24 pb-md-30\">\nLe pr\u00e9sident am\u00e9ricain a offert \u00e0 son homologue russe un retour soigneusement chor\u00e9graphi\u00e9 sur la sc\u00e8ne diplomatique, plus de trois ans apr\u00e8s l\u2019invasion russe, qui a d\u00e9clench\u00e9 le plus sanglant conflit en Europe depuis la Seconde Guerre mondiale.<\/p>\n<p>                                            <!-- partials\/article\/node.volt --><br \/>\n<!-- partials\/article\/node_text.volt --><\/p>\n<p class=\"node__paragraphe antonia-750r text-grey-800 pb-24 pb-md-30\">\nArriv\u00e9 le premier sur la base militaire d\u2019Elmendorf-Richardson, Donald Trump a attendu que son homologue russe s\u2019avance vers lui sur le tarmac. Les deux dirigeants ont \u00e9chang\u00e9 une poign\u00e9e de main et des amabilit\u00e9s. Puis ils ont march\u00e9 le long d\u2019un tapis rouge bord\u00e9 de militaires en grande tenue avant de poser pour les photographes.<\/p>\n<p>          <!-- partials\/article\/node.volt --><br \/>\n<!-- partials\/article\/node_media.volt --><\/p>\n<p>      <!-- partials\/article\/node.volt --><br \/>\n<!-- partials\/article\/node_text.volt --><\/p>\n<p class=\"node__paragraphe antonia-750r text-grey-800 pb-24 pb-md-30\">\nChose rare, Vladimir Poutine est ensuite mont\u00e9 dans la voiture blind\u00e9e de Donald Trump pour rejoindre le lieu de leur r\u00e9union. Laquelle ne se tiendra pas en t\u00eate-\u00e0-t\u00eate, comme initialement pr\u00e9vu, mais avec deux conseillers de part et d\u2019autre. Pour Donald Trump, il s\u2019agira du secr\u00e9taire d\u2019Etat Marco Rubio et de Steve Witkoff, \u00e9missaire sp\u00e9cial aupr\u00e8s de la Russie.<\/p>\n<p>          <!-- partials\/article\/node.volt --><br \/>\n<!-- partials\/article\/node_text.volt --><\/p>\n<p class=\"node__paragraphe antonia-750r text-grey-800 pb-24 pb-md-30\">\nVladimir Poutine, dont c\u2019est le premier d\u00e9placement en Occident depuis le d\u00e9but de la guerre en Ukraine en 2022, est accompagn\u00e9 du chef de la diplomatie Sergue\u00ef Lavrov et de Iouri Ouchakov, son conseiller diplomatique.<\/p>\n<p>          <!-- partials\/article\/node.volt --><br \/>\n<!-- partials\/article\/node_text.volt --><\/p>\n<h2 class=\"node__heading latino-800m latino-lg-900b text-grey-800 pb-8 pb-md-20\">\n\u00ab\u00a0Cinq minutes\u00a0\u00bb<\/h2>\n<p>          <!-- partials\/article\/node.volt --><br \/>\n<!-- partials\/article\/node_text.volt --><\/p>\n<p class=\"node__paragraphe antonia-750r text-grey-800 pb-24 pb-md-30\">\nDe quoi changer la dynamique psychologique de cette rencontre, dont l\u2019Ukraine et les Europ\u00e9ens redoutent par-dessus tout qu\u2019elle ne permette \u00e0 Vladimir Poutine de manipuler son homologue am\u00e9ricain.<\/p>\n<p>                                                  <!-- partials\/article\/node.volt --><br \/>\n<!-- partials\/article\/node_media.volt --><\/p>\n<p class=\"latino-500b text-grey-600 pb-16\">A lire aussi<\/p>\n<article class=\"node__media-article d-flex justify-content-between gap-md-30 pb-24 pb-md-30\">\n<!-- partials\/article\/article-link.volt --><\/p>\n<p><a href=\"\/monde\/20250815.OBS106756\/poutine-en-alaska-les-europeens-se-montrent-rassures-par-trump-mais-n-ont-aucune-raison-de-l-etre.html\" data-article-key=\"20250815.OBS106756\" class=\"link--box flex-grow-1\" data-piano=\"Page_Article,Lire_aussi,,Lien1,navigation\"><\/p>\n<article class=\"d-flex\" auto_robot_readability=\"1.5\">\n<div class=\"flex-shrink-0 me-24\">\n<picture>\n                <img loading=\"lazy\" decoding=\"async\" src=\"data:image\/svg+xml,%3Csvg%20xmlns%3D%27http%3A%2F%2Fwww.w3.org%2F2000%2Fsvg%27%20fill%3D%22%23e4e4e4%22%20viewBox%3D%270%200%20120%2080%27%20width%3D%22120%22%20height%3D%2280%22%3E%3Cpath%20d%3D%27M0%200h120v80H0z%27%2F%3E%3C%2Fsvg%3E\" srcset=\"https:\/\/focus.nouvelobs.com\/2025\/08\/14\/147\/416\/7112\/4741\/120\/79\/75\/0\/ec804fc_ftp-import-images-1-rcig6zxcgqgf-2230095965.jpg 1x,https:\/\/focus.nouvelobs.com\/2025\/08\/14\/147\/416\/7112\/4741\/240\/158\/50\/0\/ec804fc_ftp-import-images-1-rcig6zxcgqgf-2230095965.jpg 2x\" width=\"120\" height=\"79\" loading=\"lazy\" alt=\"Des activistes d\u00e9guis\u00e9s en Donald Trump et Vladimir Poutine se partagent l\u2019Ukraine, le 14\u00a0ao\u00fbt lors d\u2019une manifestation \u00e0 Berlin.\"\/>\n      <\/picture>\n    <\/div>\n<div class=\"flex-1 d-flex flex-column justify-content-center\" auto_robot_readability=\"33\">\n<p class=\"latino-300r latino-lg-600m text-grey-800\">\n                      <strong class=\"latino-300b latino-lg-600m text-grey-500\">Analyse\u00a0<\/strong><br \/>\n                    Poutine en Alaska\u00a0: les Europ\u00e9ens se montrent rassur\u00e9s par Trump\u2026 mais n\u2019ont aucune raison de l\u2019\u00eatre        <\/p>\n<\/p><\/div>\n<\/article>\n<p><\/a><\/p>\n<\/article>\n<p>      <!-- partials\/article\/node.volt --><br \/>\n<!-- partials\/article\/node_text.volt --><\/p>\n<p class=\"node__paragraphe antonia-750r text-grey-800 pb-24 pb-md-30\">\nPremier concern\u00e9 mais grand absent de ce rendez-vous, le pr\u00e9sident ukrainien Volodymyr Zelensky a d\u00e9clar\u00e9 <em>\u00ab\u00a0compter\u00a0\u00bb<\/em> sur Donald Trump pour mettre un terme au conflit.<\/p>\n<p>          <!-- partials\/article\/node.volt --><br \/>\n<!-- partials\/article\/node_text.volt --><\/p>\n<p class=\"node__paragraphe antonia-750r text-grey-800 pb-24 pb-md-30\">\nLes soldats russes <em>\u00ab\u00a0continuent \u00e0 tuer le jour des n\u00e9gociations\u00a0\u00bb<\/em>, a-t-il d\u00e9plor\u00e9, tandis que l\u2019arm\u00e9e ukrainienne a annonc\u00e9 vendredi avoir repris six villages dont des unit\u00e9s russes s\u2019\u00e9taient empar\u00e9s ces derniers jours, lors d\u2019une avanc\u00e9e particuli\u00e8rement rapide.<\/p>\n<p>          <!-- partials\/article\/node.volt --><br \/>\n<!-- partials\/article\/node_text.volt --><\/p>\n<p class=\"node__paragraphe antonia-750r text-grey-800 pb-24 pb-md-30\">\nDonald Trump s\u2019est vant\u00e9 de savoir en <em>\u00ab\u00a0cinq minutes\u00a0\u00bb<\/em> maximum si sa premi\u00e8re rencontre en personne depuis 2019 avec le ma\u00eetre du Kremlin serait un fiasco.<\/p>\n<p>          <!-- partials\/article\/node.volt --><br \/>\n<!-- partials\/article\/node_text.volt --><\/p>\n<p class=\"node__paragraphe antonia-750r text-grey-800 pb-24 pb-md-30\">\nSi tout se passe bien, le pr\u00e9sident am\u00e9ricain, qui se r\u00eave en laur\u00e9at du prix Nobel de la paix, assure que <em>\u00ab\u00a0cette rencontre va ouvrir la voie \u00e0 une autre\u00a0\u00bb<\/em>, \u00e0 trois, avec Volodymyr Zelensky.<\/p>\n<p>                                            <!-- partials\/article\/node.volt --><br \/>\n<!-- partials\/article\/node_text.volt --><\/p>\n<h2 class=\"node__heading latino-800m latino-lg-900b text-grey-800 pb-8 pb-md-20\">\n\u00ab\u00a0Oeuvrer pour la paix\u00a0\u00bb<\/h2>\n<p>          <!-- partials\/article\/node.volt --><br \/>\n<!-- partials\/article\/node_text.volt --><\/p>\n<p class=\"node__paragraphe antonia-750r text-grey-800 pb-24 pb-md-30\">\nLe choix de l\u2019Alaska est truff\u00e9 de symboles. Ce vaste territoire a \u00e9t\u00e9 c\u00e9d\u00e9 par la Russie aux Etats-Unis au XIXe si\u00e8cle. Il a ensuite \u00e9t\u00e9 un avant-poste de la Guerre froide, quand l\u2019Am\u00e9rique et l\u2019Union sovi\u00e9tique se toisaient de part et d\u2019autre du d\u00e9troit de Bering.<\/p>\n<p>          <!-- partials\/article\/node.volt --><br \/>\n<!-- partials\/article\/node_text.volt --><\/p>\n<p class=\"node__paragraphe antonia-750r text-grey-800 pb-24 pb-md-30\">\nLe pr\u00e9sident ukrainien et les dirigeants europ\u00e9ens devront attendre que l\u2019impr\u00e9visible pr\u00e9sident am\u00e9ricain, comme il s\u2019est engag\u00e9, les informe de la teneur de son entrevue.<\/p>\n<p>          <!-- partials\/article\/node.volt --><br \/>\n<!-- partials\/article\/node_text.volt --><\/p>\n<p class=\"node__paragraphe antonia-750r text-grey-800 pb-24 pb-md-30\">\nVladimir Poutine <em>\u00ab\u00a0a aujourd\u2019hui l\u2019occasion d\u2019accepter un cessez-le-feu\u00a0\u00bb<\/em> en Ukraine, a soulign\u00e9 le chancelier allemand Friedrich Merz.<\/p>\n<p>          <!-- partials\/article\/node.volt --><br \/>\n<!-- partials\/article\/node_text.volt --><\/p>\n<p class=\"node__paragraphe antonia-750r text-grey-800 pb-24 pb-md-30\">\nLa premi\u00e8re r\u00e9union sera suivie par un repas de travail, avec davantage de ministres et conseillers. Les pr\u00e9sidents russe et am\u00e9ricain donneront ensuite une conf\u00e9rence de presse pour des journalistes du monde entier, devant un fond bleu portant l\u2019inscription <em>\u00ab\u00a0Pursuing Peace\u00a0\u00bb<\/em> (<em>\u00ab\u00a0Oeuvrer pour la paix\u00a0\u00bb<\/em>). Le Kremlin a estim\u00e9 vendredi que la rencontre pourrait durer au total\u00a0<em>\u00ab\u00a0au moins 6 \u00e0 7 heures\u00a0\u00bb<\/em>, en comptant leur r\u00e9union et une conf\u00e9rence de presse commune.<\/p>\n<p>                                            <!-- partials\/article\/node.volt --><br \/>\n<!-- partials\/article\/node_text.volt --><\/p>\n<h2 class=\"node__heading latino-800m latino-lg-900b text-grey-800 pb-8 pb-md-20\">\n\u00ab\u00a0Donnant-donnant\u00a0\u00bb<\/h2>\n<p>          <!-- partials\/article\/node.volt --><br \/>\n<!-- partials\/article\/node_text.volt --><\/p>\n<p class=\"node__paragraphe antonia-750r text-grey-800 pb-24 pb-md-30\">\nCette paix semble bien lointaine, tant les positions des deux bellig\u00e9rants paraissent pour l\u2019heure irr\u00e9conciliables.<\/p>\n<p>          <!-- partials\/article\/node.volt --><br \/>\n<!-- partials\/article\/node_text.volt --><\/p>\n<p class=\"node__paragraphe antonia-750r text-grey-800 pb-24 pb-md-30\">\nLa Russie r\u00e9clame que l\u2019Ukraine lui c\u00e8de quatre r\u00e9gions partiellement occup\u00e9es (Donetsk, Lougansk, Zaporijjia et Kherson), en plus de la Crim\u00e9e annex\u00e9e en 2014, et qu\u2019elle renonce aux livraisons d\u2019armes occidentales et \u00e0 toute adh\u00e9sion \u00e0 l\u2019Otan. C\u2019est inacceptable pour Kiev, qui veut un cessez-le-feu inconditionnel et imm\u00e9diat, ainsi que des garanties de s\u00e9curit\u00e9 futures.<\/p>\n<p>                <!-- partials\/article\/node.volt --><br \/>\n<!-- partials\/article\/node_media.volt --><\/p>\n<p class=\"latino-500b text-grey-600 pb-16\">A lire aussi<\/p>\n<article class=\"node__media-article d-flex justify-content-between gap-md-30 pb-24 pb-md-30\">\n<!-- partials\/article\/article-link.volt --><\/p>\n<p><a href=\"\/monde\/20250813.OBS106709\/ukraine-pourquoi-l-offre-de-poutine-a-trump-reste-inacceptable-en-l-etat-pour-zelensky.html\" data-article-key=\"20250813.OBS106709\" class=\"link--box flex-grow-1\" data-piano=\"Page_Article,Lire_aussi,,Lien2,navigation\"><\/p>\n<article class=\"d-flex\" auto_robot_readability=\"1.5\">\n<div class=\"flex-shrink-0 me-24\">\n<picture>\n                <img loading=\"lazy\" decoding=\"async\" src=\"data:image\/svg+xml,%3Csvg%20xmlns%3D%27http%3A%2F%2Fwww.w3.org%2F2000%2Fsvg%27%20fill%3D%22%23e4e4e4%22%20viewBox%3D%270%200%20120%2080%27%20width%3D%22120%22%20height%3D%2280%22%3E%3Cpath%20d%3D%27M0%200h120v80H0z%27%2F%3E%3C%2Fsvg%3E\" srcset=\"https:\/\/focus.nouvelobs.com\/2025\/08\/12\/739\/730\/1769\/1179\/120\/79\/75\/0\/623007f_upload-1-wjrslngq62w1-000-63rq8t2.jpg 1x,https:\/\/focus.nouvelobs.com\/2025\/08\/12\/739\/730\/1769\/1179\/240\/158\/50\/0\/623007f_upload-1-wjrslngq62w1-000-63rq8t2.jpg 2x\" width=\"120\" height=\"79\" loading=\"lazy\" alt=\"Volodymyr Zelensky et Donald Trump, le 25\u00a0juin, \u00e0 La Haye (Pays-Bas).\"\/>\n      <\/picture>\n    <\/div>\n<div class=\"flex-1 d-flex flex-column justify-content-center\" auto_robot_readability=\"33\">\n<p class=\"latino-300r latino-lg-600m text-grey-800\">\n                      <strong class=\"latino-300b latino-lg-600m text-grey-500\">Analyse\u00a0<\/strong><br \/>\n                    Ukraine\u00a0: pourquoi l\u2019offre de Poutine \u00e0 Trump reste inacceptable en l\u2019\u00e9tat pour Zelensky        <\/p>\n<\/p><\/div>\n<\/article>\n<p><\/a><\/p>\n<\/article>\n<p>      <!-- partials\/article\/node.volt --><br \/>\n<!-- partials\/article\/node_text.volt --><\/p>\n<p class=\"node__paragraphe antonia-750r text-grey-800 pb-24 pb-md-30\">\nDonald Trump, qui depuis l\u2019invasion russe de l\u2019Ukraine renvoie dos \u00e0 dos les deux bellig\u00e9rants, parle de <em>\u00ab\u00a0donnant-donnant\u00a0\u00bb<\/em> en mati\u00e8re de concessions territoriales.<\/p>\n<p>          <!-- partials\/article\/node.volt --><br \/>\n<!-- partials\/article\/node_text.volt --><\/p>\n<p class=\"node__paragraphe antonia-750r text-grey-800 pb-24 pb-md-30\">\nSi le pr\u00e9sident russe et le pr\u00e9sident am\u00e9ricain ont une obsession commune, celle de ne jamais appara\u00eetre en position de faiblesse, leurs approches des rapports de force internationaux sont bien diff\u00e9rentes.<\/p>\n<p>                                            <!-- partials\/article\/node.volt --><br \/>\n<!-- partials\/article\/node_text.volt --><\/p>\n<p class=\"node__paragraphe antonia-750r text-grey-800 pb-24 pb-md-30\">\nPour Donald Trump, ancien promoteur immobilier devenu c\u00e9l\u00e8bre gr\u00e2ce \u00e0 une \u00e9mission de t\u00e9l\u00e9r\u00e9alit\u00e9, tout est affaire de n\u00e9gociation rapide, de marchandage rondement men\u00e9, pour arriver \u00e0 un <em>\u00ab\u00a0deal\u00a0\u00bb<\/em> forc\u00e9ment avantageux pour lui.<\/p>\n<p>          <!-- partials\/article\/node.volt --><br \/>\n<!-- partials\/article\/node_text.volt --><\/p>\n<p class=\"node__paragraphe antonia-750r text-grey-800 pb-24 pb-md-30\">\nL\u00e0 o\u00f9 Vladimir Poutine, ancien du KGB form\u00e9 \u00e0 la guerre psychologique, raisonne \u00e0 long terme, \u00e9voquant le destin historique d\u2019une <em>\u00ab\u00a0grande Russie\u00a0\u00bb<\/em> qu\u2019il voudrait reconstituer.<\/p>\n<p>      <!-- partials\/article\/node.volt --><br \/>\n<!-- partials\/article\/node_text.volt --><\/p>\n<p class=\"node__paragraphe antonia-750r text-grey-800 pb-24 pb-md-30\">\n<em>\u00ab\u00a0Je ne vais pas \u00eatre content s\u2019il n\u2019y a pas de cessez-le-feu aujourd\u2019hui\u00a0\u00bb<\/em>, a confi\u00e9 Donald Trump durant le vol vers l\u2019Alaska. Il s\u2019est m\u00eame dit pr\u00eat \u00e0 quitter abruptement la table des discussions.<\/p>\n<div class=\"article__author pb-32\" auto_robot_readability=\"32\">\n    <!-- app\/web\/views\/partials\/article\/authors.volt --><\/p>\n<p class=\"authors latino-600m text-grey-800\">\n<p>  <span>Par\u00a0<\/span><br \/>\nLe Nouvel Obs avec AFP<\/p>\n<\/p><\/div>\n<\/p><\/div>\n<p><a href=\"https:\/\/www.nouvelobs.com\/monde\/20250815.OBS106769\/poignee-de-main-et-tapis-rouge-le-sommet-trump-poutine-a-commence-en-alaska.html\">source<\/a><\/p>\n","protected":false},"excerpt":{"rendered":"<p>Par\u00a0 Le Nouvel Obs avec AFP Publi\u00e9 le\u00a015 ao\u00fbt 2025 \u00e0 22h02 , mis \u00e0 jour le\u00a015 ao\u00fbt 2025 \u00e0 22h46 Lecture\u00a0:\u00a03\u00a0min. Vladimir Poutine accueilli par Donald Trump en Alaska le vendredi 15\u00a0ao\u00fbt.\u00a0JULIA DEMAREE NIKHINSON\/AP\/SIPA Lire\u00a0plus\u00a0tard Google Actualit\u00e9s Partager Facebook Bluesky E-mail Copier le lien Envoyer S\u2019abonner Une poign\u00e9e de main avant de s\u2019enfermer pour [&hellip;]<\/p>\n","protected":false},"author":1,"featured_media":99420,"comment_status":"open","ping_status":"open","sticky":false,"template":"","format":"standard","meta":{"_monsterinsights_skip_tracking":false,"_monsterinsights_sitenote_active":false,"_monsterinsights_sitenote_note":"","_monsterinsights_sitenote_category":0,"footnotes":""},"categories":[75],"tags":[],"coauthors":[77],"class_list":["post-99419","post","type-post","status-publish","format-standard","has-post-thumbnail","hentry","category-monde"],"aioseo_notices":[],"_links":{"self":[{"href":"https:\/\/pressactu.com\/index.php?rest_route=\/wp\/v2\/posts\/99419","targetHints":{"allow":["GET"]}}],"collection":[{"href":"https:\/\/pressactu.com\/index.php?rest_route=\/wp\/v2\/posts"}],"about":[{"href":"https:\/\/pressactu.com\/index.php?rest_route=\/wp\/v2\/types\/post"}],"author":[{"embeddable":true,"href":"https:\/\/pressactu.com\/index.php?rest_route=\/wp\/v2\/users\/1"}],"replies":[{"embeddable":true,"href":"https:\/\/pressactu.com\/index.php?rest_route=%2Fwp%2Fv2%2Fcomments&post=99419"}],"version-history":[{"count":0,"href":"https:\/\/pressactu.com\/index.php?rest_route=\/wp\/v2\/posts\/99419\/revisions"}],"wp:featuredmedia":[{"embeddable":true,"href":"https:\/\/pressactu.com\/index.php?rest_route=\/wp\/v2\/media\/99420"}],"wp:attachment":[{"href":"https:\/\/pressactu.com\/index.php?rest_route=%2Fwp%2Fv2%2Fmedia&parent=99419"}],"wp:term":[{"taxonomy":"category","embeddable":true,"href":"https:\/\/pressactu.com\/index.php?rest_route=%2Fwp%2Fv2%2Fcategories&post=99419"},{"taxonomy":"post_tag","embeddable":true,"href":"https:\/\/pressactu.com\/index.php?rest_route=%2Fwp%2Fv2%2Ftags&post=99419"},{"taxonomy":"author","embeddable":true,"href":"https:\/\/pressactu.com\/index.php?rest_route=%2Fwp%2Fv2%2Fcoauthors&post=99419"}],"curies":[{"name":"wp","href":"https:\/\/api.w.org\/{rel}","templated":true}]}}