{"id":99372,"date":"2025-08-15T11:54:23","date_gmt":"2025-08-15T11:54:23","guid":{"rendered":"https:\/\/pressactu.com\/?p=99372"},"modified":"2025-08-15T11:54:23","modified_gmt":"2025-08-15T11:54:23","slug":"encore-plus-informative-que-niaux-plongee-dans-lintimite-prehistorique-de-la-grotte-de-la-vache","status":"publish","type":"post","link":"https:\/\/pressactu.com\/?p=99372","title":{"rendered":"\u00ab\u00a0Encore plus informative que Niaux\u00a0\u00bb\u00a0: plong\u00e9e dans l\u2019intimit\u00e9 pr\u00e9historique de la Grotte de la Vache"},"content":{"rendered":"<p>\n                                                                    <span class=\"article-full__chapo-label hide-on-small-only\">l&#8217;essentiel<\/span><br \/>\n                                                                \u00c0 deux pas de Niaux, la Grotte de la Vache ne mise pas sur l\u2019effet spectaculaire, mais sur l\u2019authenticit\u00e9. Un voyage rafra\u00eechissant au c\u0153ur de l\u2019habitat pr\u00e9historique, o\u00f9 outils, ossements et gravures racontent la vie des Magdal\u00e9niens.\n                            <\/p>\n<div rel=\"js-article-content\">\n                                                                                                                            <!-- Pub DFP Position [outstream] --><\/p>\n<p>Nich\u00e9e non loin de la c\u00e9l\u00e8bre Grotte de Niaux, accessible par un petit sentier d\u2019\u00e0 peine dix minutes au-dessus d\u2019Auzat, la Grotte de la Vache se d\u00e9voile sous un aspect modeste. Une entr\u00e9e \u00e9troite, peu spectaculaire, ne laisse rien pr\u00e9sager de ce qui s\u2019y cache. Mais d\u00e8s le seuil franchi, c\u2019est une fra\u00eecheur bienvenue, autour de 12\u00a0\u00b0C, qui vous enveloppe. Par cette chaleur estivale, la sensation est imm\u00e9diatement agr\u00e9able. La visite guid\u00e9e est d\u2019une dur\u00e9e de 1 h \u00e0 1\u00a0h\u00a015, conduite \u00e0 travers les trois galeries principales, r\u00e9v\u00e9lant un espace d\u2019habitation pr\u00e9historique riche de milliers d\u2019ossements d\u2019animaux, vestiges d\u2019un quotidien loin des grottes orn\u00e9es. On y d\u00e9couvre \u00e9galement pr\u00e8s de 400 objets grav\u00e9s ou fa\u00e7onn\u00e9s en os aiguilles, sagaies, harpons ainsi que des dessins animaliers, offrant une vision personnelle et p\u00e9dagogique de la vie domestique des Magdal\u00e9niens du plateau ari\u00e9geois. En compl\u00e9ment, un petit espace am\u00e9nag\u00e9 propose des reproductions grandeur nature des outils retrouv\u00e9s, donnant corps \u00e0 cette \u00e9poque.<\/p>\n<p><!-- Pub DFP Position [article] --><\/p>\n<h2 class=\"txt-int\">Intimit\u00e9 pr\u00e9historique et authenticit\u00e9<\/h2>\n<p>Ce lieu respire l\u2019intimit\u00e9, loin des foules. Chaque visite est limit\u00e9e, permettant un vrai moment d\u2019\u00e9change avec le guide, dans le respect des traces laiss\u00e9es. La Grotte de la Vache tire son nom d\u2019une formation rocheuse ressemblant au profil d\u2019une vache, un d\u00e9tail min\u00e9ral, \u00e0 la fois discret et embl\u00e9matique. Un visiteur venu de Toulouse confie son sentiment\u00a0: \u00ab\u00a0La grotte de la Vache impressionne moins que celle de Niaux, mais elle est beaucoup plus informative sur les modes de vie des hommes pr\u00e9historiques.\u00a0\u00bb \u00c0 quelques pas de l\u00e0, Julie, Ari\u00e9geoise, ajoute\u00a0: \u00ab\u00a0On est comme dans l\u2019intimit\u00e9 des hommes pr\u00e9historiques, plusieurs g\u00e9n\u00e9rations de Magdal\u00e9niens ont v\u00e9cu ici.\u00a0\u00bb<\/p>\n<h2 class=\"txt-int\">Compl\u00e9ment indispensable \u00e0 la grotte de Niaux<\/h2>\n<p>Pour celles et ceux qui ont d\u00e9j\u00e0 explor\u00e9 Niaux, la grotte de la Vache offre un compl\u00e9ment essentiel\u00a0: l\u00e0 o\u00f9 Niaux expose l\u2019art des anc\u00eatres, cette grotte r\u00e9v\u00e8le leur quotidien. L\u2019exp\u00e9rience devient compl\u00e8te\u00a0: d\u2019un c\u00f4t\u00e9 l\u2019\u00e9l\u00e9gance des objets d\u00e9cor\u00e9s, de l\u2019autre la v\u00e9rit\u00e9 brute de l\u2019habitation. Ce contraste \u00e9difie une compr\u00e9hension profonde de ces mondes disparus. C\u00f4t\u00e9 pratique, la r\u00e9servation est vivement recommand\u00e9e et il est conseill\u00e9 de porter\u00a0de bonnes chaussures de marche et une veste au vu de la fra\u00eecheur.<\/p>\n<footer class=\"txt-note\">Les tarifs (9,50\u00a0\u20ac pour un adulte, 6\u00a0\u20ac pour un enfant, ou un pack combin\u00e9 Niaux +\u00a0Vache pour 19\u00a0\u20ac).<\/footer>\n<\/p><\/div>\n<p><a href=\"https:\/\/www.ladepeche.fr\/2025\/08\/15\/encore-plus-informative-que-niaux-plongee-dans-lintimite-prehistorique-de-la-grotte-de-la-vache-12876150.php\">source<\/a><\/p>\n","protected":false},"excerpt":{"rendered":"<p>l&#8217;essentiel \u00c0 deux pas de Niaux, la Grotte de la Vache ne mise pas sur l\u2019effet spectaculaire, mais sur l\u2019authenticit\u00e9. Un voyage rafra\u00eechissant au c\u0153ur de l\u2019habitat pr\u00e9historique, o\u00f9 outils, ossements et gravures racontent la vie des Magdal\u00e9niens. Nich\u00e9e non loin de la c\u00e9l\u00e8bre Grotte de Niaux, accessible par un petit sentier d\u2019\u00e0 peine dix [&hellip;]<\/p>\n","protected":false},"author":1,"featured_media":99373,"comment_status":"open","ping_status":"open","sticky":false,"template":"","format":"standard","meta":{"_monsterinsights_skip_tracking":false,"_monsterinsights_sitenote_active":false,"_monsterinsights_sitenote_note":"","_monsterinsights_sitenote_category":0,"footnotes":""},"categories":[74],"tags":[],"coauthors":[77],"class_list":["post-99372","post","type-post","status-publish","format-standard","has-post-thumbnail","hentry","category-economie"],"aioseo_notices":[],"_links":{"self":[{"href":"https:\/\/pressactu.com\/index.php?rest_route=\/wp\/v2\/posts\/99372","targetHints":{"allow":["GET"]}}],"collection":[{"href":"https:\/\/pressactu.com\/index.php?rest_route=\/wp\/v2\/posts"}],"about":[{"href":"https:\/\/pressactu.com\/index.php?rest_route=\/wp\/v2\/types\/post"}],"author":[{"embeddable":true,"href":"https:\/\/pressactu.com\/index.php?rest_route=\/wp\/v2\/users\/1"}],"replies":[{"embeddable":true,"href":"https:\/\/pressactu.com\/index.php?rest_route=%2Fwp%2Fv2%2Fcomments&post=99372"}],"version-history":[{"count":0,"href":"https:\/\/pressactu.com\/index.php?rest_route=\/wp\/v2\/posts\/99372\/revisions"}],"wp:featuredmedia":[{"embeddable":true,"href":"https:\/\/pressactu.com\/index.php?rest_route=\/wp\/v2\/media\/99373"}],"wp:attachment":[{"href":"https:\/\/pressactu.com\/index.php?rest_route=%2Fwp%2Fv2%2Fmedia&parent=99372"}],"wp:term":[{"taxonomy":"category","embeddable":true,"href":"https:\/\/pressactu.com\/index.php?rest_route=%2Fwp%2Fv2%2Fcategories&post=99372"},{"taxonomy":"post_tag","embeddable":true,"href":"https:\/\/pressactu.com\/index.php?rest_route=%2Fwp%2Fv2%2Ftags&post=99372"},{"taxonomy":"author","embeddable":true,"href":"https:\/\/pressactu.com\/index.php?rest_route=%2Fwp%2Fv2%2Fcoauthors&post=99372"}],"curies":[{"name":"wp","href":"https:\/\/api.w.org\/{rel}","templated":true}]}}