{"id":99353,"date":"2025-08-15T06:51:14","date_gmt":"2025-08-15T06:51:14","guid":{"rendered":"https:\/\/pressactu.com\/?p=99353"},"modified":"2025-08-15T06:51:14","modified_gmt":"2025-08-15T06:51:14","slug":"pourquoi-bruno-retailleau-sattaque-au-fleau-des-vols-de-cuivre","status":"publish","type":"post","link":"https:\/\/pressactu.com\/?p=99353","title":{"rendered":"Pourquoi Bruno Retailleau s\u2019attaque au fl\u00e9au des vols de cuivre"},"content":{"rendered":"<p>\n                                                                    <span class=\"article-full__chapo-label hide-on-small-only\">l&#8217;essentiel<\/span><br \/>\n                                                                Avec un cuivre fr\u00f4lant les 10\u00a0000\u00a0\u20ac la tonne, les vols de c\u00e2bles explosent en France, frappant r\u00e9seaux ferr\u00e9s, t\u00e9l\u00e9coms et \u00e9clairages publics. Bruno Retailleau en fait une priorit\u00e9 nationale, misant sur une riposte s\u00e9curitaire et p\u00e9nale renforc\u00e9e pour d\u00e9manteler des fili\u00e8res organis\u00e9es venues d\u2019Europe de l\u2019Est. Un fl\u00e9au co\u00fbteux, aux cons\u00e9quences parfois paralysantes pour les collectivit\u00e9s et les usagers.\n                            <\/p>\n<div rel=\"js-article-content\">\n                                                                                                                            <!-- Pub DFP Position [outstream] --><\/p>\n<p>Alors que le prix du cuivre flirte avec les 10\u00a0000\u00a0euros la tonne, les vols de c\u00e2bles se multiplient sur l\u2019ensemble du territoire, causant des dommages consid\u00e9rables aux infrastructures publiques et priv\u00e9es.<\/p>\n<p><!-- Pub DFP Position [article] --><\/p>\n<p>Face \u00e0 ce fl\u00e9au, Bruno Retailleau, ministre de l\u2019Int\u00e9rieur, affirme vouloir frapper fort. Mais derri\u00e8re la hausse spectaculaire des actes se cache un ph\u00e9nom\u00e8ne complexe, europ\u00e9en, structur\u00e9\u00a0et d\u00e9sormais enracin\u00e9.<\/p>\n<h2 class=\"txt-int\">R\u00e9seau ferr\u00e9, lampadaires, t\u00e9l\u00e9coms\u2026<\/h2>\n<p>Du r\u00e9seau ferr\u00e9 aux lampadaires municipaux, des lignes t\u00e9l\u00e9coms aux tuyauteries d\u2019irrigation, rien n\u2019\u00e9chappe \u00e0 la convoitise des voleurs de cuivre. En 2024, Orange a recens\u00e9 1\u00a0300 actes de malveillance pour 1\u00a0200 kilom\u00e8tres de c\u00e2bles subtilis\u00e9s. La SNCF, de son c\u00f4t\u00e9, chiffre \u00e0 plusieurs centaines de milliers d\u2019euros le pr\u00e9judice caus\u00e9 par certains r\u00e9seaux, comme celui r\u00e9cemment d\u00e9mantel\u00e9 en Loire-Atlantique. Dans les Pyr\u00e9n\u00e9es-Atlantiques, la commune de Lescar a d\u00fb engager 150\u00a0000\u00a0euros pour refaire son \u00e9clairage. \u00c0 Toulouse, le vol de quatre kilom\u00e8tres de c\u00e2bles a plong\u00e9 plusieurs quartiers dans le noir pendant des semaines.<\/p>\n<p>La m\u00e9thode est \u00e9prouv\u00e9e\u00a0: des groupes souvent venus d\u2019Europe de l\u2019Est op\u00e8rent en mode commando, de nuit ou en plein jour, grim\u00e9s en ouvriers, panneaux de chantier et gyrophares \u00e0 l\u2019appui. Ils ciblent des zones peu fr\u00e9quent\u00e9es \u2013 bords d\u2019autoroutes, lotissements isol\u00e9s, chantiers t\u00e9l\u00e9coms \u2013 et utilisent des v\u00e9hicules pour tracter les c\u00e2bles jusqu\u2019\u00e0 rupture, avant de br\u00fbler les gaines plastiques et \u00e9couler le m\u00e9tal brut, en France ou \u00e0 l\u2019\u00e9tranger. Des circuits de recel bien huil\u00e9s, notamment en Belgique, rendent la tra\u00e7abilit\u00e9 quasi impossible, malgr\u00e9 l\u2019interdiction du paiement en esp\u00e8ces et l\u2019obligation de registre dans les centres de recyclage.<\/p>\n<h2 class=\"txt-int\">Une priorit\u00e9 s\u00e9curitaire pour Retailleau<\/h2>\n<p>La r\u00e9ponse de l\u2019\u00c9tat se veut globale. Depuis son arriv\u00e9e place Beauvau, Bruno Retailleau en a fait une priorit\u00e9 s\u00e9curitaire. Car \u00ab\u00a0il ne faut pas nier la vuln\u00e9rabilit\u00e9 de nos r\u00e9seaux mais il est hors de question de c\u00e9der \u00e0 la fatalit\u00e9\u00a0\u00bb, assure-t-il au <em>Figaro<\/em>, estimant qu\u2019 \u00ab\u00a0il n\u2019y a que la r\u00e9ponse s\u00e9curitaire et p\u00e9nale qui viendra \u00e0 bout de ce fl\u00e9au.\u00a0\u00bb<\/p>\n<p>Plans d\u2019action d\u00e9partementaux, renforcement des contr\u00f4les chez les ferrailleurs, d\u00e9ploiement de \u00ab\u00a0r\u00e9f\u00e9rents s\u00fbret\u00e9\u00a0\u00bb pour \u00e9pauler les maires\u00a0: la strat\u00e9gie associe r\u00e9pression cibl\u00e9e et pr\u00e9vention de terrain. L\u2019Office central de lutte contre la d\u00e9linquance itin\u00e9rante (OCLDI) pilote les grandes op\u00e9rations, tandis que des conventions de partenariat ont \u00e9t\u00e9 sign\u00e9es entre la gendarmerie, les op\u00e9rateurs et la F\u00e9d\u00e9ration des recycleurs.<\/p>\n<p>Les premiers r\u00e9sultats sont encourageants\u00a0: plus de 200 interpellations en 18 mois, des r\u00e9seaux d\u00e9mantel\u00e9s dans le Val-d\u2019Oise, le Maine-et-Loire ou les Yvelines, et des peines de prison de plus en plus s\u00e9v\u00e8res, comme \u00e0 Colmar ou N\u00eemes. Mais le ph\u00e9nom\u00e8ne persiste et les cons\u00e9quences sont parfois lourdes\u00a0: coupures de t\u00e9l\u00e9alarmes, de r\u00e9seaux incendie, paralysie de lignes RER, voire de l\u2019Eurostar.<\/p>\n<p>La France, pays de transit et de confluence, paie au prix fort cette criminalit\u00e9 itin\u00e9rante et avec les grands d\u00e9parts, les op\u00e9rateurs redoutaient de nouvelles razzias. Pour les collectivit\u00e9s, les co\u00fbts explosent\u00a0; pour les habitants, l\u2019ins\u00e9curit\u00e9 s\u2019installe.<\/p>\n<p>La traque de \u00ab\u00a0l\u2019or rouge\u00a0\u00bb est devenue un enjeu national, mais tant que le cuivre restera une mati\u00e8re strat\u00e9gique, ch\u00e8re et difficile \u00e0 tracer, la lutte s\u2019annonce de longue haleine.<\/p>\n<\/p><\/div>\n<p><a href=\"https:\/\/www.ladepeche.fr\/2025\/08\/15\/pourquoi-bruno-retailleau-sattaque-au-fleau-des-vols-de-cuivre-12876931.php\">source<\/a><\/p>\n","protected":false},"excerpt":{"rendered":"<p>l&#8217;essentiel Avec un cuivre fr\u00f4lant les 10\u00a0000\u00a0\u20ac la tonne, les vols de c\u00e2bles explosent en France, frappant r\u00e9seaux ferr\u00e9s, t\u00e9l\u00e9coms et \u00e9clairages publics. Bruno Retailleau en fait une priorit\u00e9 nationale, misant sur une riposte s\u00e9curitaire et p\u00e9nale renforc\u00e9e pour d\u00e9manteler des fili\u00e8res organis\u00e9es venues d\u2019Europe de l\u2019Est. Un fl\u00e9au co\u00fbteux, aux cons\u00e9quences parfois paralysantes pour [&hellip;]<\/p>\n","protected":false},"author":1,"featured_media":99354,"comment_status":"open","ping_status":"open","sticky":false,"template":"","format":"standard","meta":{"_monsterinsights_skip_tracking":false,"_monsterinsights_sitenote_active":false,"_monsterinsights_sitenote_note":"","_monsterinsights_sitenote_category":0,"footnotes":""},"categories":[74],"tags":[],"coauthors":[77],"class_list":["post-99353","post","type-post","status-publish","format-standard","has-post-thumbnail","hentry","category-economie"],"aioseo_notices":[],"_links":{"self":[{"href":"https:\/\/pressactu.com\/index.php?rest_route=\/wp\/v2\/posts\/99353","targetHints":{"allow":["GET"]}}],"collection":[{"href":"https:\/\/pressactu.com\/index.php?rest_route=\/wp\/v2\/posts"}],"about":[{"href":"https:\/\/pressactu.com\/index.php?rest_route=\/wp\/v2\/types\/post"}],"author":[{"embeddable":true,"href":"https:\/\/pressactu.com\/index.php?rest_route=\/wp\/v2\/users\/1"}],"replies":[{"embeddable":true,"href":"https:\/\/pressactu.com\/index.php?rest_route=%2Fwp%2Fv2%2Fcomments&post=99353"}],"version-history":[{"count":0,"href":"https:\/\/pressactu.com\/index.php?rest_route=\/wp\/v2\/posts\/99353\/revisions"}],"wp:featuredmedia":[{"embeddable":true,"href":"https:\/\/pressactu.com\/index.php?rest_route=\/wp\/v2\/media\/99354"}],"wp:attachment":[{"href":"https:\/\/pressactu.com\/index.php?rest_route=%2Fwp%2Fv2%2Fmedia&parent=99353"}],"wp:term":[{"taxonomy":"category","embeddable":true,"href":"https:\/\/pressactu.com\/index.php?rest_route=%2Fwp%2Fv2%2Fcategories&post=99353"},{"taxonomy":"post_tag","embeddable":true,"href":"https:\/\/pressactu.com\/index.php?rest_route=%2Fwp%2Fv2%2Ftags&post=99353"},{"taxonomy":"author","embeddable":true,"href":"https:\/\/pressactu.com\/index.php?rest_route=%2Fwp%2Fv2%2Fcoauthors&post=99353"}],"curies":[{"name":"wp","href":"https:\/\/api.w.org\/{rel}","templated":true}]}}