{"id":99294,"date":"2025-08-14T19:04:43","date_gmt":"2025-08-14T19:04:43","guid":{"rendered":"https:\/\/pressactu.com\/?p=99294"},"modified":"2025-08-14T19:04:43","modified_gmt":"2025-08-14T19:04:43","slug":"boxe-un-champion-du-monde-japonais-prend-sa-retraite-a-28-ans-pour-soutenir-son-frere-dans-le-coma-a-la-suite-dun-combat","status":"publish","type":"post","link":"https:\/\/pressactu.com\/?p=99294","title":{"rendered":"Boxe\u00a0: un champion du monde japonais prend sa retraite \u00e0 28 ans pour soutenir son fr\u00e8re, dans le coma \u00e0 la suite d\u2019un combat"},"content":{"rendered":"<p>\n                                                                    <span class=\"article-full__chapo-label hide-on-small-only\">l&#8217;essentiel<\/span><br \/>\n                                                                Le boxeur japonais Yudai Shigeoka a annonc\u00e9 prendre sa retraite \u00e0 28 ans le 13\u00a0ao\u00fbt dans un post Instagram. Son fr\u00e8re est dans le coma depuis le mois de mai \u00e0 la suite d\u2019un combat.\n                            <\/p>\n<div rel=\"js-article-content\">\n                                                                                                                            <!-- Pub DFP Position [outstream] --><\/p>\n<p>Le premier des \u00e9lectrochocs\u00a0? \u00c0 seulement 28 ans, Yudai Shigeoka met un terme \u00e0 sa carri\u00e8re de boxeur. Le champion du monde de boxe anglaise des poids pailles 2023 l\u2019a annonc\u00e9 le 13\u00a0ao\u00fbt sur Instagram. Le Japonais a justifi\u00e9 sa d\u00e9cision par le fait que\u00a0son fr\u00e8re Ginjiro, 25\u00a0ans, est plong\u00e9 dans le coma depuis le mois de mai\u00a0contre le boxeur philippin Pedro Taduran \u00e0 Osaka.\u00a0Shigeoka confie encourager son fr\u00e8re tous les jours \u00e0 &#8220;tout donner pour que la flamme de son c\u0153ur ne s\u2019\u00e9teigne pas&#8221;.<\/p>\n<p><!-- Pub DFP Position [article] --><\/p>\n<p class=\"std-elt__inline\">\n        <strong>\u00c0 lire aussi :<\/strong><br \/>\n        <a href=\"\/2025\/08\/10\/boxe-une-nouvelle-dechirante-un-jour-apres-un-deuxieme-boxeur-japonais-decede-de-ses-blessures-les-combats-avaient-eu-lieu-la-meme-soiree-12869427.php\">Boxe\u00a0: &#8220;Une nouvelle d\u00e9chirante\u2026&#8221; Un jour apr\u00e8s, un deuxi\u00e8me boxeur japonais d\u00e9c\u00e8de de ses blessures, les combats avaient eu lieu la m\u00eame soir\u00e9e<\/a>\n    <\/p>\n<blockquote data-instgrm-captioned=\"\" data-instgrm-permalink=\"https:\/\/www.instagram.com\/p\/DNR6PteTVwu\/?utm_source=ig_embed&amp;utm_campaign=loading\" data-instgrm-version=\"14\" style=\" background:#FFF; border:0; border-radius:3px; box-shadow:0 0 1px 0 rgba(0,0,0,0.5),0 1px 10px 0 rgba(0,0,0,0.15); margin: 1px; max-width:540px; min-width:326px; padding:0; width:99.375%; width:-webkit-calc(100% - 2px); width:calc(100% - 2px);\" data-class=\"instagram-media\"\/>\n<p>Tr\u00e8s touch\u00e9, le champion des poids pailles 2022 du Japon a confi\u00e9\u00a0: &#8220;Je pense que c\u2019est \u00e0 moi, son fr\u00e8re a\u00een\u00e9, de donner un sens \u00e0 sa vie d\u00e9sormais&#8221;. Shigeoka \u00e9voque \u00e9galement la cr\u00e9ation d\u2019un lieu pour honorer son fr\u00e8re, l\u2019une des raisons pour lesquelles il prend sa retraite. Il admet d\u00e9sormais vouloir &#8220;[s]&#8217;\u00e9panouir\u00a0avec Gin sur une nouvelle voie&#8221;, reconnaissant que &#8220;le v\u00e9ritable d\u00e9fi commence maintenant&#8221;.<\/p>\n<p class=\"std-elt__inline\">\n        <strong>\u00c0 lire aussi :<\/strong><br \/>\n        <a href=\"\/2025\/08\/11\/boxe-apres-la-mort-de-deux-boxeurs-en-lespace-de-24-heures-la-commission-japonaise-ordonne-une-reunion-durgence-12870605.php\">Boxe\u00a0: apr\u00e8s la mort de deux boxeurs en l\u2019espace de 24\u00a0heures, la Commission japonaise ordonne une r\u00e9union d\u2019urgence<\/a>\n    <\/p>\n<p>Cette annonce surprise intervient en pleine crise du monde de la boxe au Japon. Au cours des derniers jours, <a href=\"https:\/\/www.ladepeche.fr\/2025\/08\/09\/un-guerrier-sur-le-ring-un-boxeur-de-28-ans-meurt-tragiquement-six-jours-apres-avoir-perdu-connaissance-lors-dun-combat-12868344.php\" target=\"_self\">deux boxeurs sont d\u00e9c\u00e9d\u00e9s<\/a> des suites de leurs blessures <a href=\"https:\/\/www.ladepeche.fr\/2025\/08\/10\/boxe-une-nouvelle-dechirante-un-jour-apres-un-deuxieme-boxeur-japonais-decede-de-ses-blessures-les-combats-avaient-eu-lieu-la-meme-soiree-12869427.php\" target=\"_self\">apr\u00e8s avoir combattu au cours de la m\u00eame soir\u00e9e dans le m\u00eame \u00e9v\u00e9nement<\/a>. Face \u00e0 ces deux d\u00e9c\u00e8s brutaux, <a href=\"https:\/\/www.ladepeche.fr\/2025\/08\/11\/boxe-apres-la-mort-de-deux-boxeurs-en-lespace-de-24-heures-la-commission-japonaise-ordonne-une-reunion-durgence-12870605.php\" target=\"_self\">la Commission japonaise a ordonn\u00e9 une r\u00e9union d\u2019urgence<\/a> pour \u00e9lucider les circonstances des drames.<\/p>\n<\/p><\/div>\n<p><a href=\"https:\/\/www.ladepeche.fr\/2025\/08\/14\/boxe-un-champion-du-monde-japonais-prend-sa-retraite-a-28-ans-pour-soutenir-son-frere-dans-le-coma-a-la-suite-dun-combat-12876984.php\">source<\/a><\/p>\n","protected":false},"excerpt":{"rendered":"<p>l&#8217;essentiel Le boxeur japonais Yudai Shigeoka a annonc\u00e9 prendre sa retraite \u00e0 28 ans le 13\u00a0ao\u00fbt dans un post Instagram. Son fr\u00e8re est dans le coma depuis le mois de mai \u00e0 la suite d\u2019un combat. Le premier des \u00e9lectrochocs\u00a0? \u00c0 seulement 28 ans, Yudai Shigeoka met un terme \u00e0 sa carri\u00e8re de boxeur. Le [&hellip;]<\/p>\n","protected":false},"author":1,"featured_media":99295,"comment_status":"open","ping_status":"open","sticky":false,"template":"","format":"standard","meta":{"_monsterinsights_skip_tracking":false,"_monsterinsights_sitenote_active":false,"_monsterinsights_sitenote_note":"","_monsterinsights_sitenote_category":0,"footnotes":""},"categories":[1],"tags":[],"coauthors":[77],"class_list":["post-99294","post","type-post","status-publish","format-standard","has-post-thumbnail","hentry","category-a-la-une"],"aioseo_notices":[],"_links":{"self":[{"href":"https:\/\/pressactu.com\/index.php?rest_route=\/wp\/v2\/posts\/99294","targetHints":{"allow":["GET"]}}],"collection":[{"href":"https:\/\/pressactu.com\/index.php?rest_route=\/wp\/v2\/posts"}],"about":[{"href":"https:\/\/pressactu.com\/index.php?rest_route=\/wp\/v2\/types\/post"}],"author":[{"embeddable":true,"href":"https:\/\/pressactu.com\/index.php?rest_route=\/wp\/v2\/users\/1"}],"replies":[{"embeddable":true,"href":"https:\/\/pressactu.com\/index.php?rest_route=%2Fwp%2Fv2%2Fcomments&post=99294"}],"version-history":[{"count":0,"href":"https:\/\/pressactu.com\/index.php?rest_route=\/wp\/v2\/posts\/99294\/revisions"}],"wp:featuredmedia":[{"embeddable":true,"href":"https:\/\/pressactu.com\/index.php?rest_route=\/wp\/v2\/media\/99295"}],"wp:attachment":[{"href":"https:\/\/pressactu.com\/index.php?rest_route=%2Fwp%2Fv2%2Fmedia&parent=99294"}],"wp:term":[{"taxonomy":"category","embeddable":true,"href":"https:\/\/pressactu.com\/index.php?rest_route=%2Fwp%2Fv2%2Fcategories&post=99294"},{"taxonomy":"post_tag","embeddable":true,"href":"https:\/\/pressactu.com\/index.php?rest_route=%2Fwp%2Fv2%2Ftags&post=99294"},{"taxonomy":"author","embeddable":true,"href":"https:\/\/pressactu.com\/index.php?rest_route=%2Fwp%2Fv2%2Fcoauthors&post=99294"}],"curies":[{"name":"wp","href":"https:\/\/api.w.org\/{rel}","templated":true}]}}