{"id":99005,"date":"2025-08-12T05:20:24","date_gmt":"2025-08-12T05:20:24","guid":{"rendered":"https:\/\/pressactu.com\/?p=99005"},"modified":"2025-08-12T05:20:24","modified_gmt":"2025-08-12T05:20:24","slug":"direct-guerre-en-ukraine-donald-trump-contrarie-par-le-refus-de-volodymyr-zelensky-de-ne-pas-ceder-des-territoires-aux-russes","status":"publish","type":"post","link":"https:\/\/pressactu.com\/?p=99005","title":{"rendered":"DIRECT. Guerre en Ukraine\u00a0: Donald Trump &quot;contrari\u00e9&quot; par le refus de Volodymyr Zelensky de ne pas c\u00e9der des territoires aux Russes"},"content":{"rendered":"<div id=\"live_post_EVME7MH1UH3YZJM\"><span class=\"live-post__date\">07h12.<\/span><\/p>\n<div class=\"live-post__content\">\n<h2 class=\"live-post__title\">Donald Trump &#8220;contrari\u00e9&#8221; par le refus de Volodymyr Zelensky de c\u00e9der des terres aux Russes<\/h2>\n<p class=\"live-post__amorce\">Le pr\u00e9sident am\u00e9ricain s&#8217;est dit &#8220;contrari\u00e9&#8221; par le refus de son homologue ukrainien de c\u00e9der du territoire \u00e0 la Russie dans le cadre d&#8217;un accord qui mettrait fin au conflit. &#8220;Je veux dire, il a obtenu l&#8217;autorisation d&#8217;entrer en guerre et de tuer tout le monde. Mais il a besoin d&#8217;une autorisation pour proc\u00e9der \u00e0 un \u00e9change de territoires?&#8221;, a-t-il d\u00e9clar\u00e9. &#8220;Car il y aura des \u00e9changes de territoires.&#8221;<\/p>\n<blockquote data-media-max-width=\"560\" data-class=\"twitter-tweet\">\n<p lang=\"en\" dir=\"ltr\">&#8220;I was a little bothered by the fact that Zelenskyy was saying I have to get constitutional approval. He has approval to go to war and kill everybody, &#8221; says Trump, completely ignoring the fact that russia invaded Ukraine! <\/p>\n<p>RUSSIA INVADED UKRAINE! <a href=\"https:\/\/t.co\/bCGnJDWpkf\">pic.twitter.com\/bCGnJDWpkf<\/a><\/p>\n<p>\u2014 Kate from Kharkiv (@BohuslavskaKate) <a href=\"https:\/\/twitter.com\/BohuslavskaKate\/status\/1954933093619614195?ref_src=twsrc%5Etfw\">August 11, 2025<\/a><\/p><\/blockquote>\n<\/div>\n<\/div>\n<div id=\"live_post_EVME7MFRZLAPN93\"><span class=\"live-post__date\">07h09.<\/span><\/p>\n<div class=\"live-post__content\">\n<h2 class=\"live-post__title\">Donald Trump s&#8217;attend \u00e0 une rencontre &#8220;constructive&#8221; avec Vladimir Poutine<\/h2>\n<p class=\"live-post__amorce\">Donald Trump a dit lundi s&#8217;attendre \u00e0 une rencontre constructive avec Vladimir Poutine, lors de leur sommet pr\u00e9vu vendredi en Alaska. &#8220;Je vais m&#8217;entretenir avec Vladimir Poutine et je vais lui dire +Vous devez mettre fin \u00e0 cette guerre+&#8221;, a d\u00e9clar\u00e9 Donald Trump lors d&#8217;une conf\u00e9rence de presse \u00e0 la Maison Blanche, ajoutant qu&#8217;il &#8220;aimerait voir un cessez-le-feu tr\u00e8s, tr\u00e8s rapidement&#8221;.<\/p>\n<\/div>\n<\/div>\n<div id=\"live_post_EVME7MCT51A3W5J\"><span class=\"live-post__date\">07h03.<\/span><\/p>\n<div class=\"live-post__content\">\n<h2 class=\"live-post__title\">Les Europ\u00e9ens et Volodymyr Zelensky vont parler \u00e0 Donald Trump mercredi<\/h2>\n<p class=\"live-post__amorce\">Volodymyr Zelensky et les dirigeants europ\u00e9ens s&#8217;adresseront mercredi \u00e0 Donald Trump. L&#8217;Allemagne a annonc\u00e9 que le chancelier Friedrich Merz avait &#8220;invit\u00e9&#8221; les dirigeants de pays europ\u00e9ens et de l&#8217;UE, ceux de l&#8217;Ukraine et de l&#8217;Otan mais aussi Donald Trump et son vice-pr\u00e9sident JD Vance \u00e0 des &#8220;discussions&#8221; par visioconf\u00e9rence mercredi. Elles porteront sur d&#8217;\u00e9ventuelles &#8220;actions suppl\u00e9mentaires&#8221; pour &#8220;exercer une pression sur la Russie&#8221;.<\/p>\n<\/div>\n<\/div>\n<div id=\"live_post_EVME7MAGLOP64K0\"><span class=\"live-post__date\">07h01.<\/span><\/p>\n<div class=\"live-post__content\">\n<h2 class=\"live-post__title\">R\u00e9union d&#8217;urgence des ministres europ\u00e9ens des Affaires \u00e9trang\u00e8res lundi apr\u00e8s-midi<\/h2>\n<p class=\"live-post__amorce\">Les ministres europ\u00e9ens des Affaires \u00e9trang\u00e8res se sont r\u00e9unis par visioconf\u00e9rence, lundi apr\u00e8s-midi, \u00e0 4 jours de la rencontre entre Donald Trump et Vladimir Poutine en Alaska. Les Europ\u00e9ens s&#8217;efforcent de faire front commun et redoublent d&#8217;activit\u00e9 diplomatique. Pour la cheffe de la diplomatie de l&#8217;Union europ\u00e9enne, Kaja Kallas, tout accord entre les Etats-Unis et la Russie &#8220;doit inclure l&#8217;Ukraine et l&#8217;UE&#8221;. Aucune conf\u00e9rence de presse n&#8217;a suivi cette r\u00e9union.<\/p>\n<\/div>\n<\/div>\n<div id=\"live_post_EVME7M0TAS9C5PX\"><span class=\"live-post__date\">07h00.<\/span><\/p>\n<div class=\"live-post__content\">\n<h2 class=\"live-post__title\">Bienvenue dans notre direct<\/h2>\n<p class=\"live-post__amorce\">Suivez l&#8217;actualit\u00e9 de la guerre en Ukraine sur  <a href=\"http:\/\/ladepeche.fr\" target=\"_blank\" rel=\"noopener noreferrer nofollow\" class=\"\">ladepeche.fr<\/a>  ce mardi 12 ao\u00fbt 2025.<\/p>\n<\/div>\n<\/div>\n<p><script async src=\"\/\/platform.twitter.com\/widgets.js\" charset=\"utf-8\"><\/script><br \/><a href=\"https:\/\/www.ladepeche.fr\/2025\/08\/12\/direct-guerre-en-ukraine-donald-trump-contrarie-par-le-refus-de-volodymyr-zelensky-de-ne-pas-ceder-des-territoires-aux-russes-12871070.php\">source<\/a><\/p>\n","protected":false},"excerpt":{"rendered":"<p>07h12. Donald Trump &#8220;contrari\u00e9&#8221; par le refus de Volodymyr Zelensky de c\u00e9der des terres aux Russes Le pr\u00e9sident am\u00e9ricain s&#8217;est dit &#8220;contrari\u00e9&#8221; par le refus de son homologue ukrainien de c\u00e9der du territoire \u00e0 la Russie dans le cadre d&#8217;un accord qui mettrait fin au conflit. &#8220;Je veux dire, il a obtenu l&#8217;autorisation d&#8217;entrer en [&hellip;]<\/p>\n","protected":false},"author":1,"featured_media":99006,"comment_status":"open","ping_status":"open","sticky":false,"template":"","format":"standard","meta":{"_monsterinsights_skip_tracking":false,"_monsterinsights_sitenote_active":false,"_monsterinsights_sitenote_note":"","_monsterinsights_sitenote_category":0,"footnotes":""},"categories":[1],"tags":[],"coauthors":[77],"class_list":["post-99005","post","type-post","status-publish","format-standard","has-post-thumbnail","hentry","category-a-la-une"],"aioseo_notices":[],"_links":{"self":[{"href":"https:\/\/pressactu.com\/index.php?rest_route=\/wp\/v2\/posts\/99005","targetHints":{"allow":["GET"]}}],"collection":[{"href":"https:\/\/pressactu.com\/index.php?rest_route=\/wp\/v2\/posts"}],"about":[{"href":"https:\/\/pressactu.com\/index.php?rest_route=\/wp\/v2\/types\/post"}],"author":[{"embeddable":true,"href":"https:\/\/pressactu.com\/index.php?rest_route=\/wp\/v2\/users\/1"}],"replies":[{"embeddable":true,"href":"https:\/\/pressactu.com\/index.php?rest_route=%2Fwp%2Fv2%2Fcomments&post=99005"}],"version-history":[{"count":0,"href":"https:\/\/pressactu.com\/index.php?rest_route=\/wp\/v2\/posts\/99005\/revisions"}],"wp:featuredmedia":[{"embeddable":true,"href":"https:\/\/pressactu.com\/index.php?rest_route=\/wp\/v2\/media\/99006"}],"wp:attachment":[{"href":"https:\/\/pressactu.com\/index.php?rest_route=%2Fwp%2Fv2%2Fmedia&parent=99005"}],"wp:term":[{"taxonomy":"category","embeddable":true,"href":"https:\/\/pressactu.com\/index.php?rest_route=%2Fwp%2Fv2%2Fcategories&post=99005"},{"taxonomy":"post_tag","embeddable":true,"href":"https:\/\/pressactu.com\/index.php?rest_route=%2Fwp%2Fv2%2Ftags&post=99005"},{"taxonomy":"author","embeddable":true,"href":"https:\/\/pressactu.com\/index.php?rest_route=%2Fwp%2Fv2%2Fcoauthors&post=99005"}],"curies":[{"name":"wp","href":"https:\/\/api.w.org\/{rel}","templated":true}]}}