{"id":98939,"date":"2025-08-11T17:10:19","date_gmt":"2025-08-11T17:10:19","guid":{"rendered":"https:\/\/pressactu.com\/?p=98939"},"modified":"2025-08-11T17:10:19","modified_gmt":"2025-08-11T17:10:19","slug":"cyclisme-retour-en-france-absence-aux-mondiaux-ou-et-quand-pourra-t-on-revoir-pauline-ferrand-prevot-vainqueure-du-tour-de-france","status":"publish","type":"post","link":"https:\/\/pressactu.com\/?p=98939","title":{"rendered":"Cyclisme\u00a0: retour en France, absence aux Mondiaux\u2026 O\u00f9 et quand pourra-t-on revoir Pauline Ferrand-Pr\u00e9vot, vainqueure du Tour de France\u00a0?"},"content":{"rendered":"<p>\n                                                                    <span class=\"article-full__chapo-label hide-on-small-only\">l&#8217;essentiel<\/span><br \/>\n                                                                Pauline Ferrand-Pr\u00e9vot r\u00eavait d\u2019une &#8220;vie normale&#8221; apr\u00e8s sa victoire sur le Tour de France, elle va finalement revenir assez vite \u00e0 la comp\u00e9tition avec un programme ambitieux, bien qu\u2019elle ne pr\u00e9voie pas de s\u2019aligner aux Mondiaux sur route.\n                            <\/p>\n<div rel=\"js-article-content\">\n                                                                                                                            <!-- Pub DFP Position [outstream] --><\/p>\n<p>Pauline Ferrand-Pr\u00e9vot bient\u00f4t de retour pour briller sur les routes fran\u00e7aises\u00a0? La vainqueure du Tour de France<a href=\"https:\/\/www.lequipe.fr\/Cyclisme-sur-route\/Actualites\/Pauline-ferrand-prevot-reprendra-a-lorient-le-30-aout-et-sera-aux-championnats-d-europe-en-france\/1584506\" target=\"_self\"> a annonc\u00e9 ce lundi 11\u00a0ao\u00fbt son programme pour la suite de sa saison<\/a>. Alors qu\u2019elle a d\u2019ores et d\u00e9j\u00e0 accompli un objectif pour lequel elle s\u2019\u00e9tait donn\u00e9 3 ans, Pauline Ferrand-Pr\u00e9vot a d\u00e9cid\u00e9 que son prochain d\u00e9fi ne serait pas de reconqu\u00e9rir son titre de championne du monde sur route acquis en 2014. Elle a officiellement renonc\u00e9 \u00e0 l\u2019id\u00e9e de concourir aux Mondiaux organis\u00e9s cette ann\u00e9e au Rwanda.<\/p>\n<p><!-- Pub DFP Position [article] --><\/p>\n<p class=\"std-elt__inline\">\n        <strong>\u00c0 lire aussi :<\/strong><br \/>\n        <a href=\"\/2025\/08\/04\/tour-de-france-feminin-la-grande-dame-de-haute-savoie-pauline-ferrand-prevot-remporte-sa-premiere-grande-boucle-avec-panache-retour-sur-son-triomphe-12858815.php\">Tour de France f\u00e9minin\u00a0: la grande dame de Haute-Savoie Pauline Ferrand-Pr\u00e9v\u00f4t remporte sa premi\u00e8re Grande Boucle avec panache, retour sur son triomphe<\/a>\n    <\/p>\n<p>Celle qui compte \u00e9galement un titre de championne du monde de cyclo-cross, un en gravel, 7\u00a0autres en cross-country (dont deux en short-track), 3 en relais mixte VTT et 2 en VTT marathon pr\u00e9f\u00e8re partir \u00e0 la conqu\u00eate d\u2019un nouveau maillot distinctif.<\/p>\n<p class=\"std-elt__inline\">\n        <strong>\u00c0 lire aussi :<\/strong><br \/>\n        <a href=\"\/2025\/08\/06\/tour-de-france-femmes-2025-cest-notre-pogacar-a-nous-pauline-ferrand-prevot-louee-par-les-legendes-du-cyclisme-francais-12862694.php\">Tour de France Femmes 2025\u00a0: &#8220;C\u2019est notre Pogacar \u00e0 nous\u00a0!&#8221; Pauline Ferrand-Pr\u00e9vot lou\u00e9e par les l\u00e9gendes du cyclisme fran\u00e7ais<\/a>\n    <\/p>\n<p>Apr\u00e8s le mythique maillot jaune glan\u00e9 cet \u00e9t\u00e9 d\u00e8s sa premi\u00e8re participation \u00e0 la Grande Boucle, elle semble d\u00e9sormais viser le\u00a0maillot \u00e9toil\u00e9 de championne d\u2019Europe.\u00a0Avant cela, elle reprendra la comp\u00e9tition le 30\u00a0ao\u00fbt lors de la\u00a0Classic Lorient Agglom\u00e9ration \u2013 Ceratizit. Elle devrait ensuite encha\u00eener avec une course par \u00e9tapes, le Tour de l\u2019Ard\u00e8che, avant de se projeter vers son objectif principal de cette fin de saison\u00a0: les &#8220;Europe&#8221;. Elle sera donc bien pr\u00e9sente,<a href=\"https:\/\/www.ladepeche.fr\/2025\/08\/10\/cyclisme-jy-serai-probablement-tadej-pogacar-de-retour-en-france-seulement-deux-mois-apres-son-4e-sacre-au-tour-de-france-12869727.php\" target=\"_self\"> comme Tadej Pogacar<\/a>, en\u00a0Dr\u00f4me-Ard\u00e8che pour ces championnats (du 1er au 5\u00a0octobre). Elle pourrait ensuite changer de nouveau de discipline pour tenter de s\u2019offrir un 16e titre de championne du monde, en participant aux Mondiaux de gravel.<\/p>\n<\/p><\/div>\n<p><a href=\"https:\/\/www.ladepeche.fr\/2025\/08\/11\/cyclisme-retour-en-france-absence-aux-mondiaux-ou-et-quand-pourra-t-on-revoir-pauline-ferrand-prevot-vainqueure-du-tour-de-france-12871288.php\">source<\/a><\/p>\n","protected":false},"excerpt":{"rendered":"<p>l&#8217;essentiel Pauline Ferrand-Pr\u00e9vot r\u00eavait d\u2019une &#8220;vie normale&#8221; apr\u00e8s sa victoire sur le Tour de France, elle va finalement revenir assez vite \u00e0 la comp\u00e9tition avec un programme ambitieux, bien qu\u2019elle ne pr\u00e9voie pas de s\u2019aligner aux Mondiaux sur route. Pauline Ferrand-Pr\u00e9vot bient\u00f4t de retour pour briller sur les routes fran\u00e7aises\u00a0? La vainqueure du Tour de [&hellip;]<\/p>\n","protected":false},"author":1,"featured_media":98940,"comment_status":"open","ping_status":"open","sticky":false,"template":"","format":"standard","meta":{"_monsterinsights_skip_tracking":false,"_monsterinsights_sitenote_active":false,"_monsterinsights_sitenote_note":"","_monsterinsights_sitenote_category":0,"footnotes":""},"categories":[71],"tags":[],"coauthors":[77],"class_list":["post-98939","post","type-post","status-publish","format-standard","has-post-thumbnail","hentry","category-sport"],"aioseo_notices":[],"_links":{"self":[{"href":"https:\/\/pressactu.com\/index.php?rest_route=\/wp\/v2\/posts\/98939","targetHints":{"allow":["GET"]}}],"collection":[{"href":"https:\/\/pressactu.com\/index.php?rest_route=\/wp\/v2\/posts"}],"about":[{"href":"https:\/\/pressactu.com\/index.php?rest_route=\/wp\/v2\/types\/post"}],"author":[{"embeddable":true,"href":"https:\/\/pressactu.com\/index.php?rest_route=\/wp\/v2\/users\/1"}],"replies":[{"embeddable":true,"href":"https:\/\/pressactu.com\/index.php?rest_route=%2Fwp%2Fv2%2Fcomments&post=98939"}],"version-history":[{"count":0,"href":"https:\/\/pressactu.com\/index.php?rest_route=\/wp\/v2\/posts\/98939\/revisions"}],"wp:featuredmedia":[{"embeddable":true,"href":"https:\/\/pressactu.com\/index.php?rest_route=\/wp\/v2\/media\/98940"}],"wp:attachment":[{"href":"https:\/\/pressactu.com\/index.php?rest_route=%2Fwp%2Fv2%2Fmedia&parent=98939"}],"wp:term":[{"taxonomy":"category","embeddable":true,"href":"https:\/\/pressactu.com\/index.php?rest_route=%2Fwp%2Fv2%2Fcategories&post=98939"},{"taxonomy":"post_tag","embeddable":true,"href":"https:\/\/pressactu.com\/index.php?rest_route=%2Fwp%2Fv2%2Ftags&post=98939"},{"taxonomy":"author","embeddable":true,"href":"https:\/\/pressactu.com\/index.php?rest_route=%2Fwp%2Fv2%2Fcoauthors&post=98939"}],"curies":[{"name":"wp","href":"https:\/\/api.w.org\/{rel}","templated":true}]}}