{"id":98735,"date":"2025-08-10T02:08:51","date_gmt":"2025-08-10T02:08:51","guid":{"rendered":"https:\/\/pressactu.com\/?p=98735"},"modified":"2025-08-10T02:08:51","modified_gmt":"2025-08-10T02:08:51","slug":"video-tour-de-france-2025-tout-ceci-seme-le-doute-un-ancien-entraineur-du-tfc-se-dit-circonspect-devant-les-performances-de-tadej-pogacar","status":"publish","type":"post","link":"https:\/\/pressactu.com\/?p=98735","title":{"rendered":"VIDEO. Tour de France 2025\u00a0: &quot;Tout ceci s\u00e8me le doute\u2026&quot; Un ancien entra\u00eeneur du TFC se dit &quot;circonspect&quot; devant les performances de Tadej Pogacar"},"content":{"rendered":"<p>\n                                                                    <span class=\"article-full__chapo-label hide-on-small-only\">l&#8217;essentiel<\/span><br \/>\n                                                                Pour les performances de Tadej Pogacar ne suscitent-elles pas que de l\u2019admiration de la part du public\u00a0? Interrog\u00e9 sur le sujet dans une \u00e9mission ce samedi 9\u00a0ao\u00fbt, l\u2019ancien entra\u00eeneur du TFC Pascal Dupraz a un avis bien tranch\u00e9 sur la question.\n                            <\/p>\n<div rel=\"js-article-content\">\n                                                                                                                            <!-- Pub DFP Position [outstream] --><\/p>\n<p>Dans l\u2019\u00e9mission du samedi 9\u00a0ao\u00fbt, les Grandes Gueules du sport ont questionn\u00e9 le rapport du public avec Tadej Pogacar, vainqueur ultra-dominateur des deux derniers <a href=\"https:\/\/www.ladepeche.fr\/sport\/cyclisme\/tour-de-france\/\" target=\"_self\">Tours de France<\/a>. En effet, dans un r\u00e9cent podcast,<a href=\"https:\/\/www.ladepeche.fr\/2025\/08\/07\/tour-de-france-les-supporters-francais-le-huaient-un-coureur-assure-que-tadej-pogacar-a-volontairement-laisse-echapper-des-victoires-12864845.php\" target=\"_self\"> Michael Sotrer, coureur australien qui a particip\u00e9 \u00e0 la Grande Boucle a d\u00e9clar\u00e9 que le Slov\u00e8ne avait volontairement laiss\u00e9 certaines victoires d\u2019\u00e9tape lui \u00e9chapper parce que &#8220;les supporters fran\u00e7ais le huaient&#8221;.<\/a><\/p>\n<p><!-- Pub DFP Position [article] --><\/p>\n<div class=\"extemb-container\">\n<blockquote data-class=\"twitter-tweet\">\n<p lang=\"fr\" dir=\"ltr\">&#8220;Les fans ud83cuddebud83cuddf7 le huaient et la direction de l&#8217;\u00e9quipe a d\u00e9cid\u00e9 qu&#8217;il valait mieux qu&#8217;il ne gagne pas ce jour-l\u00e0 afin de garder les fans ud83cuddebud83cuddf7 de son c\u00f4t\u00e9&#8221;, Dupraz r\u00e9agit \u00e0 la sortie de Storer.<\/p>\n<p>ud83dudde3ufe0f &#8220;Il est siffl\u00e9 non pas parce qu&#8217;il gagne tout mais parce qu&#8217;il y a un doute ! <a href=\"https:\/\/t.co\/pDAwVd9FNc\">pic.twitter.com\/pDAwVd9FNc<\/a><\/p>\n<p>\u2014 Les Grandes Gueules du Sport &#8211; RMC (@GGsportRMC) <a href=\"https:\/\/twitter.com\/GGsportRMC\/status\/1954103917869981735?ref_src=twsrc%5Etfw\">August 9, 2025<\/a><\/p><\/blockquote><\/div>\n<p>\u00a0<\/p>\n<p>Les chroniqueurs se sont donc questionn\u00e9s sur les raisons de ce d\u00e9samour suppos\u00e9. Rapidement, la th\u00e8se d\u2019une ultradomination lassante est avanc\u00e9e. Une hypoth\u00e8se que ne partage pas Pascal Dupraz, ancien entra\u00eeneur du TFC. Pour le coach, ce n\u2019est pas n\u00e9cessairement l\u2019absence de suspens qui agace le public. Il avance l\u2019exemple de Mondo Duplantis, champion du monde de saut \u00e0 la perche, invaincu depuis de nombreuses ann\u00e9es et qui ne cesse de repousser plus loin ses records, pour battre cette id\u00e9e en br\u00e8che, avan\u00e7ant que &#8220;personne n\u2019y trouve \u00e0 redire&#8221;.<\/p>\n<h2 class=\"txt-int\">&#8220;On pense que ce n\u2019est pas possible&#8221;<\/h2>\n<p>&#8220;\u00c7a nous laisse circonspect et \u00e7a laisse beaucoup de personnes dans son milieu circonspect&#8221;, assure Dupraz \u00e0 propos des performances de Pogacar. &#8220;On se dit\u00a0: &#8220;comment il fait\u00a0?&#8221; C\u2019est pour \u00e7a que les supporters le sifflent. On pense que\u00a0ce n\u2019est pas possible&#8221;, consid\u00e8re l\u2019ancien manager des Violets. Il continue en d\u00e9clarant que &#8220;scientifiquement, certains avancent qu\u2019il a fait des progr\u00e8s en termes de watts (unit\u00e9 de mesure de puissance en cyclisme, ndlr), en termes de temps effectu\u00e9s sur les mont\u00e9es, il bat des records, c\u2019est insens\u00e9. Tout ceci s\u00e8me le doute&#8221;.<\/p>\n<p class=\"std-elt__inline\">\n        <strong>\u00c0 lire aussi :<\/strong><br \/>\n        <a href=\"\/2025\/08\/09\/football-dopage-imaginez-si-cetait-pogacar-lun-des-favoris-au-ballon-dor-sanctionne-pour-plusieurs-infractions-au-reglement-antidopage-12868623.php\">Football-Dopage\u00a0: &#8220;Imaginez si c\u2019\u00e9tait Pogacar\u2026&#8221; L\u2019un des favoris au Ballon d\u2019or sanctionn\u00e9 pour plusieurs infractions au r\u00e8glement antidopage<\/a>\n    <\/p>\n<p>Aucune preuve d\u2019un \u00e9ventuel dopage de Tadej Pogacar n\u2019a jamais \u00e9t\u00e9 r\u00e9v\u00e9l\u00e9e et il est donc difficile de l\u2019accuser d\u2019une quelconque tricherie m\u00eame si ses liens avec Mauro Gianetti, manager de son \u00e9quipe qui a \u00e9t\u00e9 impliqu\u00e9 dans diff\u00e9rentes affaires, ne sont pas de nature \u00e0 rassurer le public. Au vu de son pass\u00e9, le cyclisme continue \u00e0 payer un lourd tribut et doit faire face \u00e0 des soup\u00e7ons plus prononc\u00e9s que d\u2019autres sports.<\/p>\n<\/p><\/div>\n<p><script async src=\"\/\/platform.twitter.com\/widgets.js\" charset=\"utf-8\"><\/script><br \/><a href=\"https:\/\/www.ladepeche.fr\/2025\/08\/09\/tour-de-france-2025-tout-ceci-seme-le-doute-un-ancien-entraineur-du-tfc-se-dit-circonspect-devant-les-performances-de-tadej-pogacar-12868750.php\">source<\/a><\/p>\n","protected":false},"excerpt":{"rendered":"<p>l&#8217;essentiel Pour les performances de Tadej Pogacar ne suscitent-elles pas que de l\u2019admiration de la part du public\u00a0? Interrog\u00e9 sur le sujet dans une \u00e9mission ce samedi 9\u00a0ao\u00fbt, l\u2019ancien entra\u00eeneur du TFC Pascal Dupraz a un avis bien tranch\u00e9 sur la question. Dans l\u2019\u00e9mission du samedi 9\u00a0ao\u00fbt, les Grandes Gueules du sport ont questionn\u00e9 le [&hellip;]<\/p>\n","protected":false},"author":1,"featured_media":98736,"comment_status":"open","ping_status":"open","sticky":false,"template":"","format":"standard","meta":{"_monsterinsights_skip_tracking":false,"_monsterinsights_sitenote_active":false,"_monsterinsights_sitenote_note":"","_monsterinsights_sitenote_category":0,"footnotes":""},"categories":[1],"tags":[],"coauthors":[77],"class_list":["post-98735","post","type-post","status-publish","format-standard","has-post-thumbnail","hentry","category-a-la-une"],"aioseo_notices":[],"_links":{"self":[{"href":"https:\/\/pressactu.com\/index.php?rest_route=\/wp\/v2\/posts\/98735","targetHints":{"allow":["GET"]}}],"collection":[{"href":"https:\/\/pressactu.com\/index.php?rest_route=\/wp\/v2\/posts"}],"about":[{"href":"https:\/\/pressactu.com\/index.php?rest_route=\/wp\/v2\/types\/post"}],"author":[{"embeddable":true,"href":"https:\/\/pressactu.com\/index.php?rest_route=\/wp\/v2\/users\/1"}],"replies":[{"embeddable":true,"href":"https:\/\/pressactu.com\/index.php?rest_route=%2Fwp%2Fv2%2Fcomments&post=98735"}],"version-history":[{"count":0,"href":"https:\/\/pressactu.com\/index.php?rest_route=\/wp\/v2\/posts\/98735\/revisions"}],"wp:featuredmedia":[{"embeddable":true,"href":"https:\/\/pressactu.com\/index.php?rest_route=\/wp\/v2\/media\/98736"}],"wp:attachment":[{"href":"https:\/\/pressactu.com\/index.php?rest_route=%2Fwp%2Fv2%2Fmedia&parent=98735"}],"wp:term":[{"taxonomy":"category","embeddable":true,"href":"https:\/\/pressactu.com\/index.php?rest_route=%2Fwp%2Fv2%2Fcategories&post=98735"},{"taxonomy":"post_tag","embeddable":true,"href":"https:\/\/pressactu.com\/index.php?rest_route=%2Fwp%2Fv2%2Ftags&post=98735"},{"taxonomy":"author","embeddable":true,"href":"https:\/\/pressactu.com\/index.php?rest_route=%2Fwp%2Fv2%2Fcoauthors&post=98735"}],"curies":[{"name":"wp","href":"https:\/\/api.w.org\/{rel}","templated":true}]}}