{"id":98667,"date":"2025-08-09T10:27:41","date_gmt":"2025-08-09T10:27:41","guid":{"rendered":"https:\/\/pressactu.com\/?p=98667"},"modified":"2025-08-09T10:27:41","modified_gmt":"2025-08-09T10:27:41","slug":"football-un-ancien-joueur-de-lyon-grievement-blesse-et-opere-suite-a-accident-de-la-route-quaucune-source-officielle-ne-peut-confirmer","status":"publish","type":"post","link":"https:\/\/pressactu.com\/?p=98667","title":{"rendered":"Football\u00a0: un ancien joueur de Lyon gri\u00e8vement bless\u00e9 et op\u00e9r\u00e9 suite \u00e0 accident de la route qu\u2019aucune source officielle ne peut confirmer"},"content":{"rendered":"<p>\n                                                                    <span class=\"article-full__chapo-label hide-on-small-only\">l&#8217;essentiel<\/span><br \/>\n                                                                Selon les r\u00e9v\u00e9lations du <em>Progr\u00e8s<\/em>, un ancien joueur de l\u2019OL aurait \u00e9t\u00e9 victime d\u2019un grave accident \u00e0 Lyon le 31\u00a0juillet dernier. Cependant, aucune source officielle ne peut le confirmer.\n                            <\/p>\n<div rel=\"js-article-content\">\n                                                                                                                            <!-- Pub DFP Position [outstream] --><\/p>\n<p>Un myst\u00e9rieux accident. Comme r\u00e9v\u00e9l\u00e9 par <a href=\"https:\/\/www.leprogres.fr\/sport\/2025\/08\/09\/ancien-de-l-ol-djibrail-dib-gravement-blesse-dans-un-mysterieux-accident-de-la-route\" target=\"_self\">Le Progr\u00e8s<\/a>, Djibrail Dib, joueur de 23 ans form\u00e9 \u00e0 l\u2019Olympique lyonnais, aurait \u00e9t\u00e9 victime d\u2019un grave accident de la route.<\/p>\n<p><!-- Pub DFP Position [article] --><\/p>\n<p class=\"std-elt__inline\">\n        <strong>\u00c0 lire aussi :<\/strong><br \/>\n        <a href=\"\/2025\/08\/08\/football-65-millions-deuros-reclames-transfert-fantome-nouvel-imbroglio-entre-john-textor-et-lol-12866825.php\">Football\u00a0: 65\u00a0millions d\u2019euros r\u00e9clam\u00e9s, &#8220;transfert fant\u00f4me&#8221;\u2026 Nouvel imbroglio entre John Textor et l\u2019OL<\/a>\n    <\/p>\n<p>Selon le journal et d\u2019apr\u00e8s les membres de sa famille, l\u2019incident aurait eu lieu dans le 9e arrondissement de Lyon, le 31\u00a0juillet dernier. Le probl\u00e8me\u00a0: personne ne peut le confirmer. Aucun service de secours, aucune source municipale ou polici\u00e8re n\u2019a \u00e9t\u00e9 en capacit\u00e9 d\u2019approuver ces informations.<\/p>\n<p class=\"std-elt__inline\">\n        <strong>\u00c0 lire aussi :<\/strong><br \/>\n        <a href=\"\/2025\/08\/09\/football-je-lui-ai-balance-les-ciseaux-dessus-le-jour-ou-la-star-zlatan-ibrahimovic-a-failli-se-faire-tuer-par-un-coequipier-12868264.php\">Football\u00a0: &#8220;Je lui ai balanc\u00e9 les ciseaux dessus\u2026&#8221; Le jour o\u00f9 la star Zlatan Ibrahimovic a failli se faire tuer par un co\u00e9quipier<\/a>\n    <\/p>\n<p>La nature des blessures, le nombre de personnes impliqu\u00e9es et les circonstances exactes sont flous. Le jeune milieu offensif aurait, toujours selon des proches, subi pas moins de trois interventions chirurgicales, \u00e0 l\u2019h\u00f4pital\u00a0Edouard-Herriot.<\/p>\n<p class=\"std-elt__inline\">\n        <strong>\u00c0 lire aussi :<\/strong><br \/>\n        <a href=\"\/2025\/08\/08\/video-football-une-femme-politique-espere-que-son-heung-min-va-aider-les-etats-unis-a-remporter-la-coupe-du-monde-apres-son-transfert-a-los-angeles-12867118.php\">VIDEO. Football\u00a0: une femme politique croit qu\u2019un joueur cor\u00e9en va jouer pour les \u00c9tats-Unis pendant la coupe du monde et cr\u00e9e un \u00e9norme embarras<\/a>\n    <\/p>\n<p>\u00c0 voir si des d\u00e9tails seront donn\u00e9s dans les semaines \u00e0 venir. Pour rappel, Dib \u00e9volue\u00a0dans le club de D3 du FC Biel Bienne, depuis 2025 en Suisse. Il devrait ne plus pouvoir jouer pendant un certain temps.<\/p>\n<\/p><\/div>\n<p><a href=\"https:\/\/www.ladepeche.fr\/2025\/08\/09\/football-un-ancien-joueur-de-lyon-grievement-blesse-et-opere-suite-a-accident-de-la-route-quaucune-source-officielle-ne-peut-confirmer-12868305.php\">source<\/a><\/p>\n","protected":false},"excerpt":{"rendered":"<p>l&#8217;essentiel Selon les r\u00e9v\u00e9lations du Progr\u00e8s, un ancien joueur de l\u2019OL aurait \u00e9t\u00e9 victime d\u2019un grave accident \u00e0 Lyon le 31\u00a0juillet dernier. Cependant, aucune source officielle ne peut le confirmer. Un myst\u00e9rieux accident. Comme r\u00e9v\u00e9l\u00e9 par Le Progr\u00e8s, Djibrail Dib, joueur de 23 ans form\u00e9 \u00e0 l\u2019Olympique lyonnais, aurait \u00e9t\u00e9 victime d\u2019un grave accident de [&hellip;]<\/p>\n","protected":false},"author":1,"featured_media":98668,"comment_status":"open","ping_status":"open","sticky":false,"template":"","format":"standard","meta":{"_monsterinsights_skip_tracking":false,"_monsterinsights_sitenote_active":false,"_monsterinsights_sitenote_note":"","_monsterinsights_sitenote_category":0,"footnotes":""},"categories":[71],"tags":[],"coauthors":[77],"class_list":["post-98667","post","type-post","status-publish","format-standard","has-post-thumbnail","hentry","category-sport"],"aioseo_notices":[],"_links":{"self":[{"href":"https:\/\/pressactu.com\/index.php?rest_route=\/wp\/v2\/posts\/98667","targetHints":{"allow":["GET"]}}],"collection":[{"href":"https:\/\/pressactu.com\/index.php?rest_route=\/wp\/v2\/posts"}],"about":[{"href":"https:\/\/pressactu.com\/index.php?rest_route=\/wp\/v2\/types\/post"}],"author":[{"embeddable":true,"href":"https:\/\/pressactu.com\/index.php?rest_route=\/wp\/v2\/users\/1"}],"replies":[{"embeddable":true,"href":"https:\/\/pressactu.com\/index.php?rest_route=%2Fwp%2Fv2%2Fcomments&post=98667"}],"version-history":[{"count":0,"href":"https:\/\/pressactu.com\/index.php?rest_route=\/wp\/v2\/posts\/98667\/revisions"}],"wp:featuredmedia":[{"embeddable":true,"href":"https:\/\/pressactu.com\/index.php?rest_route=\/wp\/v2\/media\/98668"}],"wp:attachment":[{"href":"https:\/\/pressactu.com\/index.php?rest_route=%2Fwp%2Fv2%2Fmedia&parent=98667"}],"wp:term":[{"taxonomy":"category","embeddable":true,"href":"https:\/\/pressactu.com\/index.php?rest_route=%2Fwp%2Fv2%2Fcategories&post=98667"},{"taxonomy":"post_tag","embeddable":true,"href":"https:\/\/pressactu.com\/index.php?rest_route=%2Fwp%2Fv2%2Ftags&post=98667"},{"taxonomy":"author","embeddable":true,"href":"https:\/\/pressactu.com\/index.php?rest_route=%2Fwp%2Fv2%2Fcoauthors&post=98667"}],"curies":[{"name":"wp","href":"https:\/\/api.w.org\/{rel}","templated":true}]}}