{"id":98517,"date":"2025-08-08T10:31:25","date_gmt":"2025-08-08T10:31:25","guid":{"rendered":"https:\/\/pressactu.com\/?p=98517"},"modified":"2025-08-08T10:31:25","modified_gmt":"2025-08-08T10:31:25","slug":"incendie-dans-laude-je-lui-ai-dit-prepare-tes-affaires-on-sest-dit-je-taime-la-fille-de-la-victime-de-67-ans-temoigne","status":"publish","type":"post","link":"https:\/\/pressactu.com\/?p=98517","title":{"rendered":"Incendie dans l\u2019Aude\u00a0: &quot;Je lui ai dit\u00a0: pr\u00e9pare tes affaires, on s\u2019est dit je t\u2019aime\u2026&quot; La fille de la victime de 67 ans t\u00e9moigne"},"content":{"rendered":"<p>\n                                                                    <span class=\"article-full__chapo-label hide-on-small-only\">l&#8217;essentiel<\/span><br \/>\n                                                                <a href=\"https:\/\/www.ladepeche.fr\/faits-divers\/incendies\/\" target=\"_blank\">L\u2019incendie dans l\u2019Aude<\/a> a \u00e9t\u00e9 fatal \u00e0 une femme de 67 ans \u00e0 Saint-Laurent-de-la-Cabrerisse. Sa fille d\u00e9ment la version selon laquelle sa m\u00e8re aurait refus\u00e9 de quitter sa maison. Elle raconte leur dernier appel.\n                            <\/p>\n<div rel=\"js-article-content\">\n                                                                                                                            <!-- Pub DFP Position [outstream] --><\/p>\n<p>Elle s\u2019appelait Stella. Elle avait 67 ans. Cette habitante du village de Saint-Laurent-de-la-Cabrerisse dans l\u2019Aude est d\u00e9c\u00e9d\u00e9e dans sa maison, pi\u00e9g\u00e9e par les immenses flammes qui ont ravag\u00e9 les Corbi\u00e8res. Le maire Xavier de Volontat racontait il y a quelques jours\u00a0: &#8220;Malheureusement, une personne qui n\u2019a pas voulu suivre mes directives est d\u00e9c\u00e9d\u00e9e&#8221;.<\/p>\n<p><!-- Pub DFP Position [article] --><\/p>\n<p>Un voisin, interrog\u00e9 par <a href=\"https:\/\/www.midilibre.fr\/2025\/08\/08\/mort-de-stella-pendant-lincendie-dans-laude-il-faut-que-les-pompiers-se-depechent-je-ne-suis-pas-bien-sa-fille-raconte-son-dernier-appel-12866532.php\" target=\"_blank\"><em>Midi Libre<\/em><\/a> cette semaine, allait dans le m\u00eame sens. &#8220;Trois fois, les pompiers y sont all\u00e9s pour essayer de la faire venir au foyer pour passer la nuit, mais elle n\u2019a pas voulu partir parce qu\u2019elle avait son chien. Elle disait\u00a0: &#8220;Non, non, je m\u2019enfuirai s\u2019il le faut&#8221;.<\/p>\n<p class=\"std-elt__inline\">\n        <strong>\u00c0 lire aussi :<\/strong><br \/>\n        <a href=\"\/2025\/08\/08\/direct-incendie-dans-laude-le-feu-est-fixe-mais-il-ne-sera-pas-eteint-avant-plusieurs-jours-12866471.php\">DIRECT. Incendie dans l\u2019Aude\u00a0: les viticulteurs redoutent &#8220;un bilan assez catastrophique&#8221;<\/a>\n    <\/p>\n<p>La fille de la victime livre une tout autre version. Lydie assure que sa maman a bien respect\u00e9 les directives. Quand les flammes entouraient sa maison, Stella t\u00e9l\u00e9phone \u00e0 sa fille qui r\u00e9side \u00e0 Montpellier. &#8220;Je lui ai dit\u00a0: pr\u00e9pare tes affaires, un sac avec tes papiers d\u2019identit\u00e9, et j\u2019appelle les pompiers&#8221;, raconte Lydie \u00e0\u00a0<a href=\"https:\/\/www.m6.fr\/le-1945-p_1058\/le-1945-du-07-08-25-c_13135501\" target=\"_blank\">M6<\/a> et <a href=\"https:\/\/www.rtl.fr\/actu\/debats-societe\/incendie-dans-l-aude-la-fille-de-la-femme-decedee-assure-que-sa-mere-etait-dans-une-optique-de-partir-de-sa-maison-7900528787\" target=\"_blank\">RTL<\/a>. &#8220;J\u2019ai raccroch\u00e9, j\u2019ai appel\u00e9 les pompiers, et ils m\u2019ont dit s\u2019il n\u2019y a pas le feu dans la maison, il faut qu\u2019elle reste enferm\u00e9e. Il y a une troupe qui est sur place. C\u2019est tout ce que je peux vous dire&#8221;.<\/p>\n<p class=\"std-elt__inline\">\n        <strong>\u00c0 lire aussi :<\/strong><br \/>\n        <a href=\"\/2025\/08\/08\/incendie-dans-laude-les-pompiers-ont-pu-fixer-les-flammes-apres-une-journee-de-lutte-acharnee-contre-le-megafeu-12865610.php\">Incendie dans l\u2019Aude\u00a0: les pompiers ont pu fixer les flammes apr\u00e8s une journ\u00e9e de lutte acharn\u00e9e contre le m\u00e9gafeu<\/a>\n    <\/p>\n<h2 class=\"txt-int\">&#8220;Je ne me sens pas bien&#8221;<\/h2>\n<p>Lydie r\u00e9p\u00e8te l\u2019ordre donn\u00e9 au t\u00e9l\u00e9phone \u00e0 sa m\u00e8re. Les flammes redoublent d\u2019intensit\u00e9. &#8220;Les murs ont commenc\u00e9 \u00e0 chauffer&#8221; et &#8220;la v\u00e9randa a explos\u00e9&#8221;. La fille conseille alors \u00e0 sa m\u00e8re de se r\u00e9fugier dans la salle de bains.<\/p>\n<p>Stella confie \u00e0 sa fille\u00a0: &#8220;Il faut qu\u2019ils se d\u00e9p\u00eachent parce que je ne me sens pas bien&#8221;. &#8220;Et on s\u2019est dit je t\u2019aime. J\u2019ai raccroch\u00e9&#8221;, se souvient Lydie.<\/p>\n<p>Inqui\u00e8te, la jeune femme appelle des habitants du village mais aucun n\u2019a de nouvelles de sa m\u00e8re. En fin de journ\u00e9e, elle appelle plusieurs h\u00f4pitaux \u00e0 Narbonne et Carcassonne mais sa maman ne s\u2019y trouve pas. Elle r\u00e9ussit \u00e0 joindre un pompier de Saint-Laurent-de-la-Cabrerisse qui, lui, non plus n\u2019a pas de nouvelle. Vers 1h du matin, ce pompier la rappelle pour lui dire que le t\u00e9l\u00e9phone portable de sa m\u00e8re a born\u00e9 dans le village de Th\u00e9zan-des-Corbi\u00e8res (Aude), sans doute dans un centre d\u2019h\u00e9bergement d\u2019urgence pour les sinistr\u00e9s. Cette nouvelle rassure Lydie.<\/p>\n<h2 class=\"txt-int\">Visite de la police \u00e0 5h du matin<\/h2>\n<p>Mais \u00e0 5h du matin, c\u2019est le choc. Des policiers d\u00e9barquent \u00e0 son logement \u00e0 Montpellier pour lui annoncer le d\u00e9c\u00e8s de sa m\u00e8re sans davantage d\u2019informations \u00e0 part qu\u2019elle est morte dans sa maison. Depuis, la jeune femme se pose beaucoup de questions mais n\u2019a pas de r\u00e9ponses. Elle assure que si on avait demand\u00e9 \u00e0 sa m\u00e8re de partir, &#8220;elle serait partie&#8221;.<\/p>\n<\/p><\/div>\n<p><a href=\"https:\/\/www.ladepeche.fr\/2025\/08\/08\/incendie-dans-laude-je-lui-ai-dit-prepare-tes-affaires-on-sest-dit-je-taime-la-fille-de-la-victime-de-67-ans-temoigne-12866790.php\">source<\/a><\/p>\n","protected":false},"excerpt":{"rendered":"<p>l&#8217;essentiel L\u2019incendie dans l\u2019Aude a \u00e9t\u00e9 fatal \u00e0 une femme de 67 ans \u00e0 Saint-Laurent-de-la-Cabrerisse. Sa fille d\u00e9ment la version selon laquelle sa m\u00e8re aurait refus\u00e9 de quitter sa maison. Elle raconte leur dernier appel. Elle s\u2019appelait Stella. Elle avait 67 ans. Cette habitante du village de Saint-Laurent-de-la-Cabrerisse dans l\u2019Aude est d\u00e9c\u00e9d\u00e9e dans sa maison, [&hellip;]<\/p>\n","protected":false},"author":1,"featured_media":98518,"comment_status":"open","ping_status":"open","sticky":false,"template":"","format":"standard","meta":{"_monsterinsights_skip_tracking":false,"_monsterinsights_sitenote_active":false,"_monsterinsights_sitenote_note":"","_monsterinsights_sitenote_category":0,"footnotes":""},"categories":[1],"tags":[],"coauthors":[77],"class_list":["post-98517","post","type-post","status-publish","format-standard","has-post-thumbnail","hentry","category-a-la-une"],"aioseo_notices":[],"_links":{"self":[{"href":"https:\/\/pressactu.com\/index.php?rest_route=\/wp\/v2\/posts\/98517","targetHints":{"allow":["GET"]}}],"collection":[{"href":"https:\/\/pressactu.com\/index.php?rest_route=\/wp\/v2\/posts"}],"about":[{"href":"https:\/\/pressactu.com\/index.php?rest_route=\/wp\/v2\/types\/post"}],"author":[{"embeddable":true,"href":"https:\/\/pressactu.com\/index.php?rest_route=\/wp\/v2\/users\/1"}],"replies":[{"embeddable":true,"href":"https:\/\/pressactu.com\/index.php?rest_route=%2Fwp%2Fv2%2Fcomments&post=98517"}],"version-history":[{"count":0,"href":"https:\/\/pressactu.com\/index.php?rest_route=\/wp\/v2\/posts\/98517\/revisions"}],"wp:featuredmedia":[{"embeddable":true,"href":"https:\/\/pressactu.com\/index.php?rest_route=\/wp\/v2\/media\/98518"}],"wp:attachment":[{"href":"https:\/\/pressactu.com\/index.php?rest_route=%2Fwp%2Fv2%2Fmedia&parent=98517"}],"wp:term":[{"taxonomy":"category","embeddable":true,"href":"https:\/\/pressactu.com\/index.php?rest_route=%2Fwp%2Fv2%2Fcategories&post=98517"},{"taxonomy":"post_tag","embeddable":true,"href":"https:\/\/pressactu.com\/index.php?rest_route=%2Fwp%2Fv2%2Ftags&post=98517"},{"taxonomy":"author","embeddable":true,"href":"https:\/\/pressactu.com\/index.php?rest_route=%2Fwp%2Fv2%2Fcoauthors&post=98517"}],"curies":[{"name":"wp","href":"https:\/\/api.w.org\/{rel}","templated":true}]}}