{"id":98471,"date":"2025-08-08T00:22:39","date_gmt":"2025-08-08T00:22:39","guid":{"rendered":"https:\/\/pressactu.com\/?p=98471"},"modified":"2025-08-08T00:22:39","modified_gmt":"2025-08-08T00:22:39","slug":"rodez-je-veux-rendre-fier-mon-club-lionel-frezal-senvole-pour-le-japon","status":"publish","type":"post","link":"https:\/\/pressactu.com\/?p=98471","title":{"rendered":"Rodez. &quot;Je veux rendre fier mon club&quot;, Lionel Frezal s\u2019envole pour le Japon"},"content":{"rendered":"<p>\n                                                                    <span class=\"article-full__chapo-label hide-on-small-only\">l&#8217;essentiel<\/span><br \/>\n                                                                Le samedi 16 ao\u00fbt, l\u2019Agentol participera \u00e0 la coupe du monde de karat\u00e9 Wado ryu au pays du soleil levant.\n                            <\/p>\n<div rel=\"js-article-content\">\n                                                                                                                            <!-- Pub DFP Position [outstream] --><\/p>\n<p>Le samedi 16 ao\u00fbt, le Nippon budokan de Tokyo accueillera la coupe du monde de karat\u00e9 &#8220;Wado ryu&#8221;, un rendez-vous auquel participera, pour la derni\u00e8re fois de sa carri\u00e8re sportive, Lionel Frezal, \u00e9l\u00e8ve et professeur au Sakura karat\u00e9 club de Rodez.<\/p>\n<p><!-- Pub DFP Position [article] --><\/p>\n<p>Originaire d\u2019Agen-d\u2019Aveyron, Lionel Frezal a commenc\u00e9 le karat\u00e9 en 1993 au Sakura karat\u00e9 club sous la direction de Christian Cabantous, son professeur et mentor depuis plus de trois d\u00e9cennies. Pour Lionel Frezal quatri\u00e8me dan, professeur de combat au sein du Sakura karat\u00e9 club, cette coupe du monde est une mani\u00e8re de boucler la boucle dans le respect des valeurs du wado-ryu (litt\u00e9ralement l\u2019\u00c9cole de la voie de la paix). Lui qui a marqu\u00e9 l\u2019ann\u00e9e 2024 en remportant la coupe de France de kata wado-ryu en cat\u00e9gorie v\u00e9t\u00e9ran (+ 37 ans) et a accroch\u00e9 la troisi\u00e8me place de la derni\u00e8re coupe d\u2019Europe wado-ryu, le 2 novembre de la m\u00eame ann\u00e9e \u00e0 Edimbourg (\u00c9cosse).<\/p>\n<p>Ces performances lui permettent de repr\u00e9senter la France \u00e0 la prochaine coupe du monde en cat\u00e9gorie senior (+ 18 ans). Apr\u00e8s 2005 et 2010 en combat, l\u2019Aveyronnais aura le 16 ao\u00fbt l\u2019ultime saveur de fr\u00e9quenter le mythique Nippon budokan de Tokyo mais cette fois en kata.<\/p>\n<p><span class=\"txt-cit\">&#8220;Participer \u00e0 40 ans \u00e0 cette coupe du monde au Japon, c\u2019est la plus belle mani\u00e8re de refermer cette parenth\u00e8se de la comp\u00e9tition. Je veux surtout rendre fier mon club, faire rayonner le karat\u00e9 Aveyronnais dans le monde et faire honneur \u00e0 tous ceux qui me suivent dans cette derni\u00e8re aventure&#8221;, <\/span>explique le karat\u00e9ka embl\u00e9matique du club ruth\u00e9nois.<\/p>\n<\/p><\/div>\n<p><a href=\"https:\/\/www.ladepeche.fr\/2025\/08\/07\/je-veux-rendre-fier-mon-club-lionel-frezal-senvole-pour-le-japon-12866274.php\">source<\/a><\/p>\n","protected":false},"excerpt":{"rendered":"<p>l&#8217;essentiel Le samedi 16 ao\u00fbt, l\u2019Agentol participera \u00e0 la coupe du monde de karat\u00e9 Wado ryu au pays du soleil levant. Le samedi 16 ao\u00fbt, le Nippon budokan de Tokyo accueillera la coupe du monde de karat\u00e9 &#8220;Wado ryu&#8221;, un rendez-vous auquel participera, pour la derni\u00e8re fois de sa carri\u00e8re sportive, Lionel Frezal, \u00e9l\u00e8ve et [&hellip;]<\/p>\n","protected":false},"author":1,"featured_media":98472,"comment_status":"open","ping_status":"open","sticky":false,"template":"","format":"standard","meta":{"_monsterinsights_skip_tracking":false,"_monsterinsights_sitenote_active":false,"_monsterinsights_sitenote_note":"","_monsterinsights_sitenote_category":0,"footnotes":""},"categories":[71],"tags":[],"coauthors":[77],"class_list":["post-98471","post","type-post","status-publish","format-standard","has-post-thumbnail","hentry","category-sport"],"aioseo_notices":[],"_links":{"self":[{"href":"https:\/\/pressactu.com\/index.php?rest_route=\/wp\/v2\/posts\/98471","targetHints":{"allow":["GET"]}}],"collection":[{"href":"https:\/\/pressactu.com\/index.php?rest_route=\/wp\/v2\/posts"}],"about":[{"href":"https:\/\/pressactu.com\/index.php?rest_route=\/wp\/v2\/types\/post"}],"author":[{"embeddable":true,"href":"https:\/\/pressactu.com\/index.php?rest_route=\/wp\/v2\/users\/1"}],"replies":[{"embeddable":true,"href":"https:\/\/pressactu.com\/index.php?rest_route=%2Fwp%2Fv2%2Fcomments&post=98471"}],"version-history":[{"count":0,"href":"https:\/\/pressactu.com\/index.php?rest_route=\/wp\/v2\/posts\/98471\/revisions"}],"wp:featuredmedia":[{"embeddable":true,"href":"https:\/\/pressactu.com\/index.php?rest_route=\/wp\/v2\/media\/98472"}],"wp:attachment":[{"href":"https:\/\/pressactu.com\/index.php?rest_route=%2Fwp%2Fv2%2Fmedia&parent=98471"}],"wp:term":[{"taxonomy":"category","embeddable":true,"href":"https:\/\/pressactu.com\/index.php?rest_route=%2Fwp%2Fv2%2Fcategories&post=98471"},{"taxonomy":"post_tag","embeddable":true,"href":"https:\/\/pressactu.com\/index.php?rest_route=%2Fwp%2Fv2%2Ftags&post=98471"},{"taxonomy":"author","embeddable":true,"href":"https:\/\/pressactu.com\/index.php?rest_route=%2Fwp%2Fv2%2Fcoauthors&post=98471"}],"curies":[{"name":"wp","href":"https:\/\/api.w.org\/{rel}","templated":true}]}}