{"id":98256,"date":"2025-08-06T19:21:36","date_gmt":"2025-08-06T19:21:36","guid":{"rendered":"https:\/\/pressactu.com\/?p=98256"},"modified":"2025-08-06T19:21:36","modified_gmt":"2025-08-06T19:21:36","slug":"jazz-in-marciac-ce-nest-pas-non-plus-une-tres-belle-annee-les-exposants-peinent-a-retrouver-le-sourire-en-2025","status":"publish","type":"post","link":"https:\/\/pressactu.com\/?p=98256","title":{"rendered":"Jazz in Marciac\u00a0: &quot;Ce n\u2019est pas non plus une tr\u00e8s belle ann\u00e9e&quot;\u2026 les exposants peinent \u00e0 retrouver le sourire en 2025"},"content":{"rendered":"<p>\n                                                                    <span class=\"article-full__chapo-label hide-on-small-only\">l&#8217;essentiel<\/span><br \/>\n                                                                Apr\u00e8s une \u00e9dition 2024 d\u00e9cevante pour les exposants, le festival Jazz in Marciac 2025 suscite de nouvelles attentes. Commer\u00e7ants et artisans ont-ils sorti leur \u00e9pingle du jeu et voient-ils enfin les signes d\u2019un regain d\u2019activit\u00e9\u00a0?\n                            <\/p>\n<div rel=\"js-article-content\" data-state=\"fixed-height\" data-selection=\"disabled\">\n                                                                                                                            <!-- Pub DFP Position [outstream] --><\/p>\n<p>Si le festival Jazz in Marciac reste une r\u00e9f\u00e9rence pour les amateurs de musique, du c\u00f4t\u00e9 des exposants, l\u2019ambiance est nettement plus contrast\u00e9e.<\/p>\n<p><!-- Pub DFP Position [article] --><\/p>\n<p>L\u2019\u00e9dition 2024 du festival <a href=\"https:\/\/www.ladepeche.fr\/culture-et-loisirs\/fetes-et-festivals\/jazz-in-marciac-32\/\" target=\"_self\">Jazz in Marciac<\/a> avait laiss\u00e9 un go\u00fbt amer \u00e0 de nombreux exposants. Commer\u00e7ants, artisans et restaurateurs r\u00e9unis sur la place<a href=\"https:\/\/www.ladepeche.fr\/2024\/08\/05\/depuis-ce-matin-on-est-assis-et-on-attend-pour-de-nombreux-commercants-le-festival-jazz-in-marciac-na-pas-ete-a-la-hauteur-de-leurs-attentes-12123591.php\" target=\"_self\"> du village dans le cadre du festival Bis s\u2019\u00e9taient dits durement affect\u00e9s par une fr\u00e9quentation en net recul<\/a>. Malgr\u00e9 des concerts gratuits et une ambiance conviviale, plusieurs participants avaient exprim\u00e9 leur d\u00e9ception face \u00e0 des r\u00e9sultats \u00e9conomiques jug\u00e9s d\u00e9cevants. Ces m\u00eames commer\u00e7ants s\u2019\u00e9taient r\u00e9unis et avaient remis en mairie une p\u00e9tition pour exprimer leur m\u00e9contentement. \u00c0 l\u2019heure o\u00f9 l\u2019\u00e9dition 2025 bat son plein, beaucoup s\u2019interrogent sur les \u00e9volutions apport\u00e9es pour relancer la dynamique.<\/p>\n<p class=\"std-elt__inline\">\n        <strong>\u00c0 lire aussi :<\/strong><br \/>\n        <a href=\"\/2025\/07\/28\/jazz-in-marciac-autant-en-profiter-pour-gouter-les-produits-du-terroir-la-gastronomie-locale-autre-star-du-festival-12849045.php\">Jazz in Marciac\u00a0: &#8220;Autant en profiter pour go\u00fbter les produits du terroir&#8221;\u2026 la gastronomie locale, autre star du festival<\/a>\n    <\/p>\n<p data-end=\"481\" data-start=\"171\">Plusieurs professionnels pr\u00e9sents sur le village du festival en ce d\u00e9but de mois d\u2019ao\u00fbt confient leur d\u00e9ception face \u00e0 une fr\u00e9quentation jug\u00e9e faible et une client\u00e8le peu encline \u00e0 consommer.<\/p>\n<h2 class=\"txt-int\" data-end=\"481\" data-start=\"171\">&#8220;C\u2019est le monde qui p\u00eache&#8221;<\/h2>\n<p data-end=\"1009\" data-start=\"483\">Aur\u00e9lie Moreno, venue pour la premi\u00e8re fois avec son entreprise Aligot de l\u2019Aubrac, avait mis\u00e9 gros.\u00a05\u00a0000\u00a0euros l\u2019emplacement, trois salari\u00e9s mobilis\u00e9s, et l\u2019espoir de toucher les 300\u00a0000\u00a0\u00e0 350\u00a0000 visiteurs annonc\u00e9s. Mais la r\u00e9alit\u00e9 est tout autre, confie-t-elle.<\/p>\n<div class=\"center-align\" rel=\"js-article-inline-img\" data-protec-aida=\"image\">\n<figure class=\"std-img\" data-src=\"https:\/\/images.ladepeche.fr\/api\/v1\/images\/view\/688f6f60b1eec986d80b8802\/original\/image.jpg?v=1\">\n        <img decoding=\"async\" class=\"std-img__img responsive-img\" src=\"http:\/\/pressactu.com\/wp-content\/uploads\/2025\/08\/1754508095_839_image.jpg?v=1\" alt=\"Aur\u00e9lie Moreno est venue depuis le Cantal proposer de l\u2019aligot sur la place du festival Bis.\"\/><figcaption class=\"article-full__media-infos\">\n                <span class=\"article-full__media-legend\">Aur\u00e9lie Moreno est venue depuis le Cantal proposer de l\u2019aligot sur la place du festival Bis.<\/span><br \/>\n                                    <span class=\"article-full__media-author\">DDM &#8211; SEBASTIEN LAPEYRERE<\/span><br \/>\n                            <\/figcaption><\/figure>\n<\/div>\n<p data-end=\"1009\" data-start=\"483\">&#8220;Samedi midi, j\u2019ai servi 30 repas. C\u2019est ce que je fais sur un petit march\u00e9 o\u00f9 je paie 10\u00a0euros d\u2019emplacement.&#8221; Malgr\u00e9 tout, elle garde la t\u00eate haute. &#8220;C\u2019est une exp\u00e9rience, je ne regrette pas de l\u2019avoir tent\u00e9e. On verra, une fois les comptes faits, si je reviens.&#8221;<\/p>\n<p data-end=\"1565\" data-start=\"1011\">Un peu plus loin, Laurent Cruzal\u00e8bes et ses bi\u00e8res artisanales\u00a0accompagn\u00e9 de\u00a0Val\u00e9rie Cazal\u00e9 et ses viandes et salaisons des Pyr\u00e9n\u00e9es\u00a0partagent le m\u00eame sentiment.<\/p>\n<p class=\"std-elt__inline\">\n        <strong>\u00c0 lire aussi :<\/strong><br \/>\n        <a href=\"\/2025\/07\/22\/jazz-in-marciac-2025-une-parenthese-ensoleillee-conviviale-et-hors-du-temps-la-47e-edition-du-festival-est-lancee-12837591.php\">Jazz in Marciac 2025\u00a0: &#8220;Une parenth\u00e8se ensoleill\u00e9e, conviviale et hors du temps&#8221;, la 47e \u00e9dition du festival est lanc\u00e9e<\/a>\n    <\/p>\n<p data-end=\"1565\" data-start=\"1011\">&#8220;Le prix est ce qu\u2019il est, mais c\u2019est le monde qui p\u00eache. On pensait trouver ici une client\u00e8le sensible \u00e0 la qualit\u00e9, mais ce n\u2019est pas le cas&#8221;. Leur stand, soign\u00e9\u00a0et haut de gamme, semble mal int\u00e9gr\u00e9\u00a0: &#8220;On se sent noy\u00e9s entre des boucles d\u2019oreilles et des sacs \u00e0 dos.&#8221;<\/p>\n<p data-end=\"1565\" data-start=\"1011\">Un contraste d\u00e9concertant pour ces producteurs qui avaient mis\u00e9 sur le prestige de l\u2019\u00e9v\u00e9nement pour faire rayonner leurs produits du terroir.<\/p>\n<h2 class=\"txt-int\" data-end=\"1565\" data-start=\"1011\">&#8220;C\u2019est la crise \u00e9conomique&#8221;<\/h2>\n<p data-end=\"1936\" data-start=\"1567\">Un autre commer\u00e7ant, qui souhaite rester anonyme, fait lui aussi un constat amer. D\u00e9j\u00e0 pr\u00e9sent l\u2019ann\u00e9e derni\u00e8re, il se souvient de la p\u00e9tition lanc\u00e9e alors par les exposants, avec le slogan\u00a0: &#8220;Le festival nous met en danger.&#8221;<\/p>\n<p data-end=\"1936\" data-start=\"1567\">&#8220;\u00c0 l\u2019\u00e9poque, on avait mis \u00e7a sur le dos des JO. Cette ann\u00e9e, c\u2019est clairement la crise \u00e9conomique. La client\u00e8le vieillit, les gens d\u00e9pensent moins.&#8221;<\/p>\n<div class=\"center-align\" rel=\"js-article-inline-img\" data-protec-aida=\"image\">\n<figure class=\"std-img\" data-src=\"https:\/\/images.ladepeche.fr\/api\/v1\/images\/view\/688f6f68f20e03418b07a3f1\/original\/image.jpg?v=1\">\n        <img decoding=\"async\" class=\"std-img__img responsive-img\" src=\"http:\/\/pressactu.com\/wp-content\/uploads\/2025\/08\/1754508095_646_image.jpg?v=1\" alt=\"Il fait tr\u00e8s chaud encore \u00e0 15h30, la place du village a du mal \u00e0 se remplir.\"\/><figcaption class=\"article-full__media-infos\">\n                <span class=\"article-full__media-legend\">Il fait tr\u00e8s chaud encore \u00e0 15h30, la place du village a du mal \u00e0 se remplir.<\/span><br \/>\n                                    <span class=\"article-full__media-author\">DDM &#8211; SEBASTIEN LAPEYRERE<\/span><br \/>\n                            <\/figcaption><\/figure>\n<\/div>\n<p data-end=\"2347\" data-start=\"1938\">Habitu\u00e9 \u00e0 proposer des produits de valeur, il a d\u00fb s\u2019adapter.\u00a0&#8220;D\u2019habitude, je ne vends pas de bricoles \u00e0 10\u00a0euros, mais l\u00e0, c\u2019est tout ce qui part.&#8221;<\/p>\n<p data-end=\"2347\" data-start=\"1938\">Avec un stand \u00e0 3\u00a0000\u00a0euros, il estime qu\u2019il lui faudra au moins une semaine pour rentabiliser l\u2019emplacement. Et il n\u2019oublie pas les promesses non tenues.\u00a0&#8220;Apr\u00e8s la p\u00e9tition de l\u2019an dernier, la mairie avait promis un geste\u2026 On n\u2019en a jamais vu la couleur.&#8221;<\/p>\n<p data-end=\"2538\" data-start=\"2349\">\u00c0 15h30, les all\u00e9es sont encore calmes. Tous esp\u00e8rent un regain d\u2019affluence en fin de journ\u00e9e. Mais une chose est s\u00fbre, la magie du festival ne suffit plus \u00e0 garantir le succ\u00e8s commercial.<\/p>\n<\/p><\/div>\n<p><a href=\"https:\/\/www.ladepeche.fr\/2025\/08\/06\/jazz-in-marciac-ce-nest-pas-non-plus-une-tres-belle-annee-les-exposants-peinent-a-retrouver-le-sourire-en-2025-12858510.php\">source<\/a><\/p>\n","protected":false},"excerpt":{"rendered":"<p>l&#8217;essentiel Apr\u00e8s une \u00e9dition 2024 d\u00e9cevante pour les exposants, le festival Jazz in Marciac 2025 suscite de nouvelles attentes. Commer\u00e7ants et artisans ont-ils sorti leur \u00e9pingle du jeu et voient-ils enfin les signes d\u2019un regain d\u2019activit\u00e9\u00a0? Si le festival Jazz in Marciac reste une r\u00e9f\u00e9rence pour les amateurs de musique, du c\u00f4t\u00e9 des exposants, l\u2019ambiance [&hellip;]<\/p>\n","protected":false},"author":1,"featured_media":98257,"comment_status":"open","ping_status":"open","sticky":false,"template":"","format":"standard","meta":{"_monsterinsights_skip_tracking":false,"_monsterinsights_sitenote_active":false,"_monsterinsights_sitenote_note":"","_monsterinsights_sitenote_category":0,"footnotes":""},"categories":[74],"tags":[],"coauthors":[77],"class_list":["post-98256","post","type-post","status-publish","format-standard","has-post-thumbnail","hentry","category-economie"],"aioseo_notices":[],"_links":{"self":[{"href":"https:\/\/pressactu.com\/index.php?rest_route=\/wp\/v2\/posts\/98256","targetHints":{"allow":["GET"]}}],"collection":[{"href":"https:\/\/pressactu.com\/index.php?rest_route=\/wp\/v2\/posts"}],"about":[{"href":"https:\/\/pressactu.com\/index.php?rest_route=\/wp\/v2\/types\/post"}],"author":[{"embeddable":true,"href":"https:\/\/pressactu.com\/index.php?rest_route=\/wp\/v2\/users\/1"}],"replies":[{"embeddable":true,"href":"https:\/\/pressactu.com\/index.php?rest_route=%2Fwp%2Fv2%2Fcomments&post=98256"}],"version-history":[{"count":0,"href":"https:\/\/pressactu.com\/index.php?rest_route=\/wp\/v2\/posts\/98256\/revisions"}],"wp:featuredmedia":[{"embeddable":true,"href":"https:\/\/pressactu.com\/index.php?rest_route=\/wp\/v2\/media\/98257"}],"wp:attachment":[{"href":"https:\/\/pressactu.com\/index.php?rest_route=%2Fwp%2Fv2%2Fmedia&parent=98256"}],"wp:term":[{"taxonomy":"category","embeddable":true,"href":"https:\/\/pressactu.com\/index.php?rest_route=%2Fwp%2Fv2%2Fcategories&post=98256"},{"taxonomy":"post_tag","embeddable":true,"href":"https:\/\/pressactu.com\/index.php?rest_route=%2Fwp%2Fv2%2Ftags&post=98256"},{"taxonomy":"author","embeddable":true,"href":"https:\/\/pressactu.com\/index.php?rest_route=%2Fwp%2Fv2%2Fcoauthors&post=98256"}],"curies":[{"name":"wp","href":"https:\/\/api.w.org\/{rel}","templated":true}]}}