{"id":98158,"date":"2025-08-06T00:06:38","date_gmt":"2025-08-06T00:06:38","guid":{"rendered":"https:\/\/pressactu.com\/?p=98158"},"modified":"2025-08-06T00:06:38","modified_gmt":"2025-08-06T00:06:38","slug":"drone-charge-explosive-demande-daide-aupres-de-lotan-que-se-passe-t-il-entre-la-lituanie-et-la-russie","status":"publish","type":"post","link":"https:\/\/pressactu.com\/?p=98158","title":{"rendered":"Drone, charge explosive, demande d\u2019aide aupr\u00e8s de l\u2019OTAN\u2026 Que se passe-t-il entre la Lituanie et la Russie\u00a0?"},"content":{"rendered":"<div auto_robot_readability=\"98.001570475069\">\n                          <!-- partials\/article\/hook_media--standard.volt --><\/p>\n<figure class=\"hook-media--standard \" auto_robot_readability=\"-23\">\n    <picture class=\"hook-media_picture pb-8\"><source media=\"(max-width: 768px)\" srcset=\"https:\/\/focus.nouvelobs.com\/2025\/08\/05\/0\/0\/4735\/3156\/375\/250\/75\/0\/de8dab6_upload-1-9jrly6fqy2wd-075-ukrinform-ukrainia250718-npwgn.jpg 1x,https:\/\/focus.nouvelobs.com\/2025\/08\/05\/0\/0\/4735\/3156\/750\/500\/50\/0\/de8dab6_upload-1-9jrly6fqy2wd-075-ukrinform-ukrainia250718-npwgn.jpg 2x\" width=\"375\" height=\"250\"><img fetchpriority=\"high\" decoding=\"async\" class=\"mx-auto\" src=\"data:image\/svg+xml,%3Csvg%20xmlns%3D%27http%3A%2F%2Fwww.w3.org%2F2000%2Fsvg%27%20fill%3D%22%23e4e4e4%22%20viewBox%3D%270%200%20510%20340%27%20width%3D%22510%22%20height%3D%22340%22%3E%3Cpath%20d%3D%27M0%200h510v340H0z%27%2F%3E%3C%2Fsvg%3E\" srcset=\"https:\/\/focus.nouvelobs.com\/2025\/08\/05\/0\/0\/4735\/3156\/510\/340\/75\/0\/de8dab6_upload-1-9jrly6fqy2wd-075-ukrinform-ukrainia250718-npwgn.jpg 1x,https:\/\/focus.nouvelobs.com\/2025\/08\/05\/0\/0\/4735\/3156\/1020\/680\/50\/0\/de8dab6_upload-1-9jrly6fqy2wd-075-ukrinform-ukrainia250718-npwgn.jpg 2x\" loading=\"eager\" width=\"510\" height=\"340\" data-oncrawl-image-size=\"510x340\" alt=\"Des d\u00e9bris de drone \u00e0 Stepnohirsk, en Ukraine le 18\u00a0juillet 2025. \"\/>      <\/source><\/picture><figcaption class=\"hook-media_figcaption\" auto_robot_readability=\"-21\">\n<p class=\"latino-100m text-grey-600\">\n            Des d\u00e9bris de drone \u00e0 Stepnohirsk, en Ukraine le 18\u00a0juillet 2025. \u00a0<span class=\"text-grey-600 ms-5\">DMYTRO SMOLIENKO \/ NURPHOTO VIA AFP<\/span>        <\/p>\n<\/figcaption><\/figure>\n<p>                        <!-- partials\/article\/actions\/toolbar --><\/p>\n<div class=\"article__share d-flex align-items-center py-24 border-bottom  mb-32\" style=\"--border-color:#D9D9D9;\">\n<div class=\"d-flex flex-wrap gap-16\" auto_robot_readability=\"5.4432989690722\">\n<p>          <!-- partials\/article\/actions\/gift.volt --><\/p>\n<p>          <!-- partials\/article\/actions\/comment.volt --><\/p>\n<p>  <button data-article-key=\"20250805.OBS106515\" aria-label=\"Lire\u00a0plus\u00a0tard\" data-section=\"Monde\" data-piano=\"Page_Article,Sous_date_publi,A_lire_plus_tard,1er_clic,action\" class=\"popover-trigger btn--tertiary btn--icon-only btn btn--small btn--secondary read-later\"><br \/>\n    <i class=\"icon  icon-read-after\" aria-hidden=\"true\"\/><br \/>\n          <span class=\"latino-300r mt-2 \"><br \/>\n        Lire\u00a0plus\u00a0tard      <\/span><br \/>\n      <\/button><\/p>\n<p><a aria-label=\"Nous suivre sur Google News\" href=\"https:\/\/news.google.com\/publications\/CAAqBwgKMJe4nQkw3dFs?hl=fr&amp;gl=FR&amp;ceid=FR%3Afr\" target=\"_blank\" data-piano=\"Page_Article,Sous_date_publi,Nous_suivre_sur_google_news,1er_clic,action\" class=\"btn btn--small btn--tertiary btn--icon-only\"><br \/>\n      <svg class=\"icon icon--google  \" style=\"--fill:#56668A\">\n        <use href=\"\/bucket\/aceed6b42574d3fcd5d7921440466b4655ba839c\/v3\/img\/sprite.svg#google\"\/>\n  <\/svg><br \/>\n      <span class=\"latino-300r mt-2 \">Google Actualit\u00e9s<\/span><br \/>\n  <\/a><\/p>\n<p>          <!-- partials\/article\/actions\/hook_action--share.volt --><br \/>\n<button id=\"share\" aria-label=\"Partager\" class=\"popover-trigger btn btn--small btn--tertiary btn--icon-only\" data-piano=\"Page_Article,Sous_date_publi,Partager,1er_clic,action\"><br \/>\n      <svg class=\"icon icon--share-alt  \" style=\"--fill:#171717\">\n        <use href=\"\/bucket\/aceed6b42574d3fcd5d7921440466b4655ba839c\/v3\/img\/sprite.svg#share-alt\"\/>\n  <\/svg><br \/>\n  <span class=\"latino-300r mt-2\">Partager<\/span><br \/>\n<\/button><\/p>\n<div id=\"popover-share\" data-url=\"https:\/\/www.nouvelobs.com\/monde\/20250805.OBS106515\/drone-charge-explosive-demande-d-aide-aupres-de-l-otan-que-se-passe-t-il-entre-la-lituanie-et-la-russie.html\" data-id=\"20250805.OBS106515\" data-popover-for=\"share\" class=\"popover p-30\" role=\"tooltip\" style=\"width: 375px\" auto_robot_readability=\"7\">\n<p>\n          <button onclick=\"setToFacebook();\" class=\"btn btn--large btn--secondary\" aria-label=\"Facebook\" piano-context-origin=\"Page_Article,Sous_date_publi,Partager,Facebook,action\"><br \/>\n            <svg class=\"icon icon--facebook  \" style=\"--fill:#171717\">\n        <use href=\"\/bucket\/aceed6b42574d3fcd5d7921440466b4655ba839c\/v3\/img\/sprite.svg#facebook\"\/>\n  <\/svg><br \/>\n        <span class=\"latino-300r\">Facebook<\/span><br \/>\n      <\/button><br \/>\n      <button onclick=\"setToBsky();\" class=\"btn btn--large btn--secondary\" aria-label=\"Bluesky\" piano-context-origin=\"Page_Article,Sous_date_publi,Partager,Bluesky,action\"><br \/>\n            <svg class=\"icon icon--bluesky  \" style=\"--fill:#171717\">\n        <use href=\"\/bucket\/aceed6b42574d3fcd5d7921440466b4655ba839c\/v3\/img\/sprite.svg#bluesky\"\/>\n  <\/svg><br \/>\n        <span class=\"latino-300r\">Bluesky<\/span><br \/>\n      <\/button><br \/>\n      <button id=\"mail-button\" onclick=\"setToMail(true)\" class=\"btn btn--large btn--secondary\" aria-label=\"Mail\" piano-context-origin=\"Page_Article,Sous_date_publi,Partager,Email,action\"><br \/>\n            <svg class=\"icon icon--mail  \" style=\"--fill:#171717\">\n        <use href=\"\/bucket\/aceed6b42574d3fcd5d7921440466b4655ba839c\/v3\/img\/sprite.svg#mail\"\/>\n  <\/svg><br \/>\n        <span class=\"latino-300r\">E-mail<\/span><br \/>\n      <\/button><br \/>\n      <button onclick=\"setToClipboard();\" class=\"copy-button btn btn--large btn--secondary\" aria-label=\"copier le lien\" piano-context-origin=\"Page_Article,Sous_date_publi,Partager,Copier_lien,action\"><br \/>\n            <svg class=\"icon icon--link  \" style=\"--fill:#171717\">\n        <use href=\"\/bucket\/aceed6b42574d3fcd5d7921440466b4655ba839c\/v3\/img\/sprite.svg#link\"\/>\n  <\/svg><br \/>\n        <span class=\"latino-300r\">Copier le lien<\/span><br \/>\n      <\/button>\n      <\/p>\n<p>\n    <button id=\"share-mail-submit\" type=\"submit\" form=\"mail-form\" onclick=\"__forecast.collectShareMail()\" class=\"latino-300r btn btn--large btn--black btn--fit\"><br \/>\n      Envoyer<br \/>\n    <\/button>\n  <\/p>\n<\/div>\n<p>          <!-- app\/web\/views\/partials\/article\/actions\/subscribe.volt --><\/p>\n<p>              <span data-urlencode=\"aHR0cHM6Ly93d3cubm91dmVsb2JzLmNvbS9hYm9ubmVtZW50LWV0ZQ==\" data-piano=\"Page_Article,Sous_date_publi,S_abonner_Ete2025,1er_clic,action\" class=\"btn btn--small btn--conversion-secondary\" style=\"--btn-bg:#FE8B3C;--btn-bg-hover: var(--btn-bg);--btn-bg-focus: var(--btn-bg);--btn-color:#FFF;\"><br \/>\n      S\u2019abonner    <\/span><\/p><\/div>\n<\/div>\n<p>            <!-- partials\/article\/contextual_blocks.volt --><\/p>\n<p>    <!-- partials\/article\/node.volt --><br \/>\n<!-- partials\/article\/node_text.volt --><\/p>\n<p class=\"node__paragraphe antonia-750r text-grey-800 pb-24 pb-md-30\">\nLa Lituanie a demand\u00e9 ce mardi 5\u00a0ao\u00fbt \u00e0 l\u2019OTAN de prendre des <em>\u00ab\u00a0mesures imm\u00e9diates\u00a0\u00bb<\/em> pour renforcer sa d\u00e9fense a\u00e9rienne apr\u00e8s avoir r\u00e9v\u00e9l\u00e9 qu\u2019un drone russe retrouv\u00e9 sur son territoire la semaine derni\u00e8re transportait des explosifs. \u00ab\u00a0Le Nouvel Obs\u00a0\u00bb fait le point sur la situation.<\/p>\n<p>          <!-- partials\/article\/node.volt --><br \/>\n<!-- partials\/article\/node_text.volt --><\/p>\n<h2 class=\"node__heading latino-800m latino-lg-900b text-grey-800 pb-8 pb-md-20\">\n\u2022 Un drone militaire russe dans l\u2019espace a\u00e9rien lituanien<\/h2>\n<p>          <!-- partials\/article\/node.volt --><br \/>\n<!-- partials\/article\/node_text.volt --><\/p>\n<p class=\"node__paragraphe antonia-750r text-grey-800 pb-24 pb-md-30\">\nLe ministre des Affaires \u00e9trang\u00e8res, Kestutis Budrys, a d\u00e9clar\u00e9 que lui et le ministre de la D\u00e9fense, Dovile Sakaliene, avaient \u00e9crit au chef de l\u2019OTAN, Mark Rutte, pour lui demander <em>\u00ab\u00a0des mesures imm\u00e9diates afin de renforcer les capacit\u00e9s de d\u00e9fense a\u00e9rienne de la Lituanie\u00a0\u00bb<\/em>.<\/p>\n<p>                                                  <!-- partials\/article\/node.volt --><br \/>\n<!-- partials\/article\/node_media.volt --><\/p>\n<p class=\"latino-500b text-grey-600 pb-16\">A lire aussi<\/p>\n<article class=\"node__media-article d-flex justify-content-between gap-md-30 pb-24 pb-md-30\">\n<!-- partials\/article\/article-link.volt --><\/p>\n<p><a href=\"\/monde\/20250313.OBS101403\/anastasia-chevtchenko-poutine-n-hesitera-pas-a-attaquer-de-nouveau-et-peut-etre-pas-seulement-l-ukraine.html\" data-article-key=\"20250313.OBS101403\" class=\"link--box flex-grow-1\" data-piano=\"Page_Article,Lire_aussi,,Lien1,navigation\"><\/p>\n<article class=\"d-flex\" auto_robot_readability=\"1.5\">\n<div class=\"flex-shrink-0 me-24\">\n<picture>\n                <img loading=\"lazy\" decoding=\"async\" src=\"data:image\/svg+xml,%3Csvg%20xmlns%3D%27http%3A%2F%2Fwww.w3.org%2F2000%2Fsvg%27%20fill%3D%22%23e4e4e4%22%20viewBox%3D%270%200%20120%2080%27%20width%3D%22120%22%20height%3D%2280%22%3E%3Cpath%20d%3D%27M0%200h120v80H0z%27%2F%3E%3C%2Fsvg%3E\" srcset=\"https:\/\/focus.nouvelobs.com\/2025\/03\/13\/0\/60\/7188\/4792\/120\/80\/75\/0\/44e7661_ftp-import-images-1-g5dg800aifum-afp-37287dg.jpg 1x,https:\/\/focus.nouvelobs.com\/2025\/03\/13\/0\/60\/7188\/4792\/240\/160\/50\/0\/44e7661_ftp-import-images-1-g5dg800aifum-afp-37287dg.jpg 2x\" width=\"120\" height=\"80\" loading=\"lazy\" alt=\"Le pr\u00e9sident russe Vladimir Poutine lors d\u2019une conf\u00e9rence de presse au Kremlin, le 13\u00a0mars 2025.\"\/>\n      <\/picture>\n    <\/div>\n<div class=\"flex-1 d-flex flex-column justify-content-center\" auto_robot_readability=\"33\">\n<p class=\"latino-300r latino-lg-600m text-grey-800\">\n                      <strong class=\"latino-300b latino-lg-600m text-grey-500\">Entretien\u00a0<\/strong><br \/>\n                    Anastasia Chevtchenko\u00a0: \u00ab\u00a0Poutine n\u2019h\u00e9sitera pas \u00e0 attaquer de nouveau et peut-\u00eatre pas seulement l\u2019Ukraine\u00a0\u00bb        <\/p>\n<\/p><\/div>\n<\/article>\n<p><\/a><\/p>\n<\/article>\n<p>      <!-- partials\/article\/node.volt --><br \/>\n<!-- partials\/article\/node_text.volt --><\/p>\n<p class=\"node__paragraphe antonia-750r text-grey-800 pb-24 pb-md-30\">\nLe 28\u00a0juillet,<em> \u00ab\u00a0un drone militaire russe a viol\u00e9 l\u2019espace a\u00e9rien lituanien\u00a0\u00bb<\/em>, a d\u00e9clar\u00e9 Kestutis Budrys sur le site X. Le drone, qui a \u00e9t\u00e9 rep\u00e9r\u00e9 par des t\u00e9moins oculaires au-dessus de certains quartiers de Vilnius, la capitale du pays, a finalement \u00e9t\u00e9 retrouv\u00e9 dans une zone d\u2019entra\u00eenement militaire le 1er\u00a0ao\u00fbt. <em>\u00ab\u00a0Lors de l\u2019inspection de l\u2019appareil, il a \u00e9t\u00e9 constat\u00e9 qu\u2019il transportait un engin explosif, qui a \u00e9t\u00e9 neutralis\u00e9 avec succ\u00e8s sur place\u00a0\u00bb<\/em>, a indiqu\u00e9 \u00e0 la presse la procureure g\u00e9n\u00e9rale lituanienne Nida Grunskiene.<\/p>\n<p>          <!-- partials\/article\/node.volt --><br \/>\n<!-- partials\/article\/node_media.volt --><\/p>\n<p>      <!-- partials\/article\/node.volt --><br \/>\n<!-- partials\/article\/node_text.volt --><\/p>\n<h2 class=\"node__heading latino-800m latino-lg-900b text-grey-800 pb-8 pb-md-20\">\n\u2022 L\u2019hypoth\u00e8se de l\u2019accident<\/h2>\n<p>          <!-- partials\/article\/node.volt --><br \/>\n<!-- partials\/article\/node_text.volt --><\/p>\n<p class=\"node__paragraphe antonia-750r text-grey-800 pb-24 pb-md-30\">\n<em>\u00ab\u00a0L\u2019une des principales hypoth\u00e8ses de l\u2019enqu\u00eate est que l\u2019appareil sans pilote a p\u00e9n\u00e9tr\u00e9 accidentellement sur le territoire lituanien\u00a0\u00bb<\/em>, a-t-elle dit soulignant que <em>\u00ab\u00a0d\u2019autres th\u00e9ories font l\u2019objet d\u2019une enqu\u00eate parall\u00e8le\u00a0\u00bb<\/em>. Les autorit\u00e9s lituaniennes pensent qu\u2019il s\u2019agit d\u2019un drone Gerbera de fabrication russe, un type d\u2019appareil habituellement utilis\u00e9 comme leurre dans les frappes russes contre l\u2019Ukraine.<\/p>\n<p>                <!-- partials\/article\/node.volt --><br \/>\n<!-- partials\/article\/node_media.volt --><\/p>\n<p class=\"latino-500b text-grey-600 pb-16\">A lire aussi<\/p>\n<article class=\"node__media-article d-flex justify-content-between gap-md-30 pb-24 pb-md-30\">\n<!-- partials\/article\/article-link.volt --><\/p>\n<p><a href=\"\/monde\/20250805.OBS106499\/quand-la-memoire-devient-une-arme-politique-l-ukraine-doit-se-battre-pour-ecrire-son-histoire.html\" data-article-key=\"20250805.OBS106499\" class=\"link--box flex-grow-1\" data-piano=\"Page_Article,Lire_aussi,,Lien2,navigation\"><\/p>\n<article class=\"d-flex\" auto_robot_readability=\"2\">\n<div class=\"flex-shrink-0 me-24\">\n<picture>\n                <img loading=\"lazy\" decoding=\"async\" src=\"data:image\/svg+xml,%3Csvg%20xmlns%3D%27http%3A%2F%2Fwww.w3.org%2F2000%2Fsvg%27%20fill%3D%22%23e4e4e4%22%20viewBox%3D%270%200%20120%2080%27%20width%3D%22120%22%20height%3D%2280%22%3E%3Cpath%20d%3D%27M0%200h120v80H0z%27%2F%3E%3C%2Fsvg%3E\" srcset=\"https:\/\/focus.nouvelobs.com\/2025\/08\/05\/0\/5\/5463\/3642\/120\/80\/75\/0\/223d268_upload-1-s56vzt7lmsjy-sipa-01190784-000002.jpg 1x,https:\/\/focus.nouvelobs.com\/2025\/08\/05\/0\/5\/5463\/3642\/240\/160\/50\/0\/223d268_upload-1-s56vzt7lmsjy-sipa-01190784-000002.jpg 2x\" width=\"120\" height=\"80\" loading=\"lazy\" alt=\"C\u00e9r\u00e9monie d\u2019hommage \u00e0 Stepan Bandera,  \u00e0 Lviv, en Ukraine, le 1\u1d49\u02b3\u00a0janvier 2025.  Ce h\u00e9ros de l\u2019opposition aux Sovi\u00e9tiques, un des dirigeants de l\u2019Organisation des nationalistes ukrainiens (OUN), \u00e9tait aussi un collaborateur des nazis, explique l\u2019historien Fr\u00e9d\u00e9ric Sall\u00e9e.\"\/>\n      <\/picture>\n    <\/div>\n<div class=\"flex-1 d-flex flex-column justify-content-center\" auto_robot_readability=\"34\">\n<p class=\"latino-300r latino-lg-600m text-grey-800\">\n                      <strong class=\"latino-300b latino-lg-600m text-grey-500\">D\u00e9cryptage\u00a0<\/strong><br \/>\n                    Quand la m\u00e9moire devient une arme politique, l\u2019Ukraine doit se battre pour \u00e9crire son histoire        <\/p>\n<\/p><\/div>\n<\/article>\n<p><\/a><\/p>\n<\/article>\n<p>      <!-- partials\/article\/node.volt --><br \/>\n<!-- partials\/article\/node_text.volt --><\/p>\n<h2 class=\"node__heading latino-800m latino-lg-900b text-grey-800 pb-8 pb-md-20\">\n\u2022 Un deuxi\u00e8me incident en moins d\u2019un mois<\/h2>\n<p>          <!-- partials\/article\/node.volt --><br \/>\n<!-- partials\/article\/node_text.volt --><\/p>\n<p class=\"node__paragraphe antonia-750r text-grey-800 pb-24 pb-md-30\">\n<em>\u00ab\u00a0Il s\u2019agit du deuxi\u00e8me incident de ce type en moins d\u2019un mois. Des violations similaires de l\u2019espace a\u00e9rien ont \u00e9galement \u00e9t\u00e9 signal\u00e9es r\u00e9cemment par d\u2019autres alli\u00e9s\u00a0\u00bb<\/em>, a d\u00e9clar\u00e9 Kestutis Budrys ajoutant que <em>\u00ab\u00a0la menace est r\u00e9elle et croissante\u00a0\u00bb<\/em>. Le ministre a \u00e9galement soulign\u00e9 que la Bi\u00e9lorussie, pays par lequel le drone est arriv\u00e9, avait la responsabilit\u00e9 de pr\u00e9venir de tels incidents. <em>\u00ab\u00a0Si la Bi\u00e9lorussie ne prend pas de mesures pour minimiser les dommages potentiels de notre c\u00f4t\u00e9, la Lituanie r\u00e9pondra par des mesures politiques et autres\u00a0\u00bb<\/em>, a-t-il d\u00e9clar\u00e9.<\/p>\n<p>          <!-- partials\/article\/node.volt --><br \/>\n<!-- partials\/article\/node_text.volt --><\/p>\n<h2 class=\"node__heading latino-800m latino-lg-900b text-grey-800 pb-8 pb-md-20\">\n\u2022 1,1\u00a0milliard d\u2019euros pour renforcer la protection de la fronti\u00e8re<\/h2>\n<p>          <!-- partials\/article\/node.volt --><br \/>\n<!-- partials\/article\/node_text.volt --><\/p>\n<p class=\"node__paragraphe antonia-750r text-grey-800 pb-24 pb-md-30\">\nEn mai, la Lituanie avait d\u00e9j\u00e0 annonc\u00e9 pr\u00e9voir un budget de 1,1\u00a0milliard d\u2019euros\u00a0pour renforcer la protection de sa fronti\u00e8re avec la Russie et la Bi\u00e9lorussie, notamment avec des mines antichars. Ce nouvel effort financier, \u00e9tal\u00e9 sur 10\u00a0ans, permettra \u00e0 la Lituanie de <em>\u00ab\u00a0bloquer et de ralentir les actions d\u2019\u00c9tats hostiles\u00a0\u00bb<\/em>, avait alors d\u00e9clar\u00e9 le minist\u00e8re de la D\u00e9fense dans un communiqu\u00e9.<\/p>\n<p>                                            <!-- partials\/article\/node.volt --><br \/>\n<!-- partials\/article\/node_text.volt --><\/p>\n<p class=\"node__paragraphe antonia-750r text-grey-800 pb-24 pb-md-30\">\nEn janvier, la Lituanie avait annonc\u00e9 son intention de consacrer chaque ann\u00e9e cinq \u00e0 six pour cent de son PIB \u00e0 ses d\u00e9penses militaires entre 2026 et 2030. Le minist\u00e8re a pr\u00e9cis\u00e9 que des <em>\u00ab\u00a0travaux intensifs\u00a0\u00bb<\/em> \u00e9taient en cours pour d\u00e9terminer comment <em>\u00ab\u00a0assurer l\u2019int\u00e9grit\u00e9 de la ligne de d\u00e9fense de la Baltique\u00a0\u00bb<\/em>. Il a ajout\u00e9 que 800\u00a0millions d\u2019euros, sur l\u2019enveloppe totale de 1,1\u00a0milliard d\u2019euros, seraient consacr\u00e9s aux mines antichars.<\/p>\n<p>                <!-- partials\/article\/node.volt --><br \/>\n<!-- partials\/article\/node_media.volt --><\/p>\n<p class=\"latino-500b text-grey-600 pb-16\">A lire aussi<\/p>\n<article class=\"node__media-article d-flex justify-content-between gap-md-30 pb-24 pb-md-30\">\n<!-- partials\/article\/article-link.volt --><\/p>\n<p><a href=\"\/monde\/20250703.OBS105586\/aujourd-hui-il-n-y-a-que-les-pauvres-qui-font-la-guerre-revenu-du-front-ukrainien-artem-ne-croit-plus-en-rien.html\" data-article-key=\"20250703.OBS105586\" class=\"link--box flex-grow-1\" data-piano=\"Page_Article,Lire_aussi,,Lien3,navigation\"><\/p>\n<article class=\"d-flex\" auto_robot_readability=\"2.5\">\n<div class=\"flex-shrink-0 me-24\">\n<picture>\n                <img loading=\"lazy\" decoding=\"async\" src=\"data:image\/svg+xml,%3Csvg%20xmlns%3D%27http%3A%2F%2Fwww.w3.org%2F2000%2Fsvg%27%20fill%3D%22%23e4e4e4%22%20viewBox%3D%270%200%20120%2080%27%20width%3D%22120%22%20height%3D%2280%22%3E%3Cpath%20d%3D%27M0%200h120v80H0z%27%2F%3E%3C%2Fsvg%3E\" srcset=\"https:\/\/focus.nouvelobs.com\/2025\/07\/03\/0\/0\/6000\/4000\/120\/80\/75\/0\/2ccee6b_upload-1-audkyg9bz7en-020-1466444509.jpg 1x,https:\/\/focus.nouvelobs.com\/2025\/07\/03\/0\/0\/6000\/4000\/240\/160\/50\/0\/2ccee6b_upload-1-audkyg9bz7en-020-1466444509.jpg 2x\" width=\"120\" height=\"80\" loading=\"lazy\" alt=\"Un soldat ukrainien termine la pr\u00e9paration d\u2019un char T-64\u00a0en vue d\u2019une offensive de son unit\u00e9, le 15\u00a0f\u00e9vrier 2023, dans la r\u00e9gion du Donbass.\"\/>\n      <\/picture>\n    <\/div>\n<div class=\"flex-1 d-flex flex-column justify-content-center\" auto_robot_readability=\"35\">\n<p class=\"latino-300r latino-lg-600m text-grey-800\">\n                      <strong class=\"latino-300b latino-lg-600m text-grey-500\">R\u00e9cit\u00a0<\/strong><br \/>\n                    \u00ab\u00a0Aujourd\u2019hui, il n\u2019y a que les pauvres qui font la guerre\u00a0\u00bb\u00a0: revenu du front ukrainien, Artem ne croit plus en rien        <\/p>\n<\/p><\/div>\n<\/article>\n<p><\/a><\/p>\n<\/article>\n<p>      <!-- partials\/article\/node.volt --><br \/>\n<!-- partials\/article\/node_text.volt --><\/p>\n<p class=\"node__paragraphe antonia-750r text-grey-800 pb-24 pb-md-30\">\nDans le cadre des mesures pr\u00e9vues, la Lituanie va stocker des armes antichars et \u00e9riger d\u2019autres fortifications pr\u00e8s du <em>\u00ab\u00a0couloir de Suwalki\u00a0\u00bb<\/em>, long d\u2019environ 70 kilom\u00e8tres, qui relie la Bi\u00e9lorussie, un alli\u00e9 de la Russie, \u00e0 la r\u00e9gion russe de Kaliningrad, le long de la fronti\u00e8re entre la Lituanie et la Pologne. La Lituanie pr\u00e9voit d\u2019approfondir les foss\u00e9s d\u2019irrigation qui pourraient servir de tranch\u00e9es, de reboiser les zones frontali\u00e8res et de planter des arbres sur les principales routes afin de prot\u00e9ger les civils et les militaires. Les mesures suppl\u00e9mentaires comprennent <em>\u00ab\u00a0des capacit\u00e9s de guerre \u00e9lectronique, des syst\u00e8mes antidrones et le renforcement du syst\u00e8me d\u2019observation et d\u2019alerte pr\u00e9coce\u00a0\u00bb<\/em>, a d\u00e9clar\u00e9 le minist\u00e8re.<\/p>\n<\/p><\/div>\n<p><a href=\"https:\/\/www.nouvelobs.com\/monde\/20250805.OBS106515\/drone-charge-explosive-demande-d-aide-aupres-de-l-otan-que-se-passe-t-il-entre-la-lituanie-et-la-russie.html\">source<\/a><\/p>\n","protected":false},"excerpt":{"rendered":"<p>Des d\u00e9bris de drone \u00e0 Stepnohirsk, en Ukraine le 18\u00a0juillet 2025. \u00a0DMYTRO SMOLIENKO \/ NURPHOTO VIA AFP Lire\u00a0plus\u00a0tard Google Actualit\u00e9s Partager Facebook Bluesky E-mail Copier le lien Envoyer S\u2019abonner La Lituanie a demand\u00e9 ce mardi 5\u00a0ao\u00fbt \u00e0 l\u2019OTAN de prendre des \u00ab\u00a0mesures imm\u00e9diates\u00a0\u00bb pour renforcer sa d\u00e9fense a\u00e9rienne apr\u00e8s avoir r\u00e9v\u00e9l\u00e9 qu\u2019un drone russe retrouv\u00e9 [&hellip;]<\/p>\n","protected":false},"author":1,"featured_media":98159,"comment_status":"open","ping_status":"open","sticky":false,"template":"","format":"standard","meta":{"_monsterinsights_skip_tracking":false,"_monsterinsights_sitenote_active":false,"_monsterinsights_sitenote_note":"","_monsterinsights_sitenote_category":0,"footnotes":""},"categories":[75],"tags":[],"coauthors":[77],"class_list":["post-98158","post","type-post","status-publish","format-standard","has-post-thumbnail","hentry","category-monde"],"aioseo_notices":[],"_links":{"self":[{"href":"https:\/\/pressactu.com\/index.php?rest_route=\/wp\/v2\/posts\/98158","targetHints":{"allow":["GET"]}}],"collection":[{"href":"https:\/\/pressactu.com\/index.php?rest_route=\/wp\/v2\/posts"}],"about":[{"href":"https:\/\/pressactu.com\/index.php?rest_route=\/wp\/v2\/types\/post"}],"author":[{"embeddable":true,"href":"https:\/\/pressactu.com\/index.php?rest_route=\/wp\/v2\/users\/1"}],"replies":[{"embeddable":true,"href":"https:\/\/pressactu.com\/index.php?rest_route=%2Fwp%2Fv2%2Fcomments&post=98158"}],"version-history":[{"count":0,"href":"https:\/\/pressactu.com\/index.php?rest_route=\/wp\/v2\/posts\/98158\/revisions"}],"wp:featuredmedia":[{"embeddable":true,"href":"https:\/\/pressactu.com\/index.php?rest_route=\/wp\/v2\/media\/98159"}],"wp:attachment":[{"href":"https:\/\/pressactu.com\/index.php?rest_route=%2Fwp%2Fv2%2Fmedia&parent=98158"}],"wp:term":[{"taxonomy":"category","embeddable":true,"href":"https:\/\/pressactu.com\/index.php?rest_route=%2Fwp%2Fv2%2Fcategories&post=98158"},{"taxonomy":"post_tag","embeddable":true,"href":"https:\/\/pressactu.com\/index.php?rest_route=%2Fwp%2Fv2%2Ftags&post=98158"},{"taxonomy":"author","embeddable":true,"href":"https:\/\/pressactu.com\/index.php?rest_route=%2Fwp%2Fv2%2Fcoauthors&post=98158"}],"curies":[{"name":"wp","href":"https:\/\/api.w.org\/{rel}","templated":true}]}}