{"id":130171,"date":"2026-04-30T12:50:29","date_gmt":"2026-04-30T12:50:29","guid":{"rendered":"https:\/\/pressactu.com\/?p=130171"},"modified":"2026-04-30T12:50:29","modified_gmt":"2026-04-30T12:50:29","slug":"letat-recoit-une-mise-en-demeure-pour-carence-fautive-et-inaction-totale-excedes-par-la-contrebande-de-tabac-les-buralistes-passent-a-loffensive","status":"publish","type":"post","link":"https:\/\/pressactu.com\/?p=130171","title":{"rendered":"L\u2019\u00c9tat re\u00e7oit une mise en demeure pour &quot;carence fautive&quot; et &quot;inaction totale&quot;\u00a0: exc\u00e9d\u00e9s par la contrebande de tabac, les buralistes passent \u00e0 l\u2019offensive"},"content":{"rendered":"<p>\n                                                                    <span class=\"article-full__chapo-label hide-on-small-only\">l&#8217;essentiel<\/span><br \/>\n                                                                Depuis plusieurs ann\u00e9es maintenant, les buralistes sont vent debout contre la contrebande de tabac. Sans action concr\u00e8te des pouvoirs publics, l\u2019association &#8220;Buralistes en col\u00e8re&#8221; met l\u2019\u00c9tat en demeure, d\u00e9non\u00e7ant un march\u00e9 illicite estim\u00e9 \u00e0 38\u00a0% des ventes nationales. Explications.\n                            <\/p>\n<div rel=\"js-article-content\" data-state=\"fixed-height\" data-selection=\"disabled\">\n                                                                                                                            <!-- Pub DFP Position [outstream] --><\/p>\n<p>C\u2019est une premi\u00e8re qui marque un tournant dans le bras de fer entre les buralistes et les pouvoirs publics. L\u2019association \u201cBuralistes en col\u00e8re\u201d, pr\u00e9sid\u00e9e par le Gersois Eric Hermeline, a d\u00e9cid\u00e9 de mettre officiellement l\u2019\u00c9tat en demeure avant d\u2019engager une proc\u00e9dure judiciaire.<\/p>\n<p><!-- Pub DFP Position [article] --><\/p>\n<p class=\"std-elt__inline\">\n        <strong>\u00c0 lire aussi :<\/strong><br \/>\n        <a href=\"\/2026\/03\/31\/tabac-alcool-contrefacons-quelles-sont-les-saisies-des-douaniers-sur-le-departement-du-gers-en-2025-13300081.php\">Tabac, alcool, contrefa\u00e7ons\u2026 quelles sont les saisies des douaniers sur le d\u00e9partement du Gers en 2025\u00a0?<\/a>\n    <\/p>\n<p>Un symbole de l\u2019exasp\u00e9ration d\u2019une profession face au march\u00e9 parall\u00e8le du tabac. Par cette mise en demeure (une injonction juridique sommant l\u2019\u00c9tat d\u2019agir sous peine de poursuites, NDLR), l\u2019association d\u00e9nonce une situation devenue &#8220;incontestable&#8221;\u00a0dans un courrier adress\u00e9 au ministre de l\u2019\u00c9conomie, Roland Lescure, le 27\u00a0avril dernier.<\/p>\n<p>L\u2019avocat de l\u2019association, Me Hugo Nauche, souligne que plusieurs milliards de cigarettes issues de la contrebande seraient consomm\u00e9es chaque ann\u00e9e en France. Un volume qui, selon les estimations de l\u2019association bas\u00e9es sur les donn\u00e9es du secteur, repr\u00e9senterait jusqu\u2019\u00e0 38\u00a0% du march\u00e9 total, faisant de la France le premier march\u00e9 illicite en Europe.<\/p>\n<h2 class=\"txt-chapitre\">&#8220;Un ras-le-bol g\u00e9n\u00e9ral&#8221;<\/h2>\n<p>Sur le terrain, cette col\u00e8re s\u2019illustre parfaitement. &#8220;C\u2019est un ras-le-bol g\u00e9n\u00e9ral, pas seulement des Buralistes en col\u00e8re, mais de toute la profession&#8221;, insiste Eric Hermeline, contact\u00e9 par <em>La D\u00e9p\u00eache du Midi<\/em>. Depuis 2018, l\u2019association alerte sur la mont\u00e9e de la contrebande et des achats de l\u2019autre c\u00f4t\u00e9 de la fronti\u00e8re. Selon le pr\u00e9sident de l\u2019association, aucune mesure concr\u00e8te n\u2019a \u00e9t\u00e9 prise.<\/p>\n<p>Quotidiennement, il observe les effets de ce ph\u00e9nom\u00e8ne\u00a0: &#8220;Je vois tous les jours des clients entrer avec leur paquet espagnol \u00e0 la main. J\u2019en retrouve m\u00eame dans la poubelle devant le magasin.&#8221;\u00a0Une situation d\u2019autant plus frappante qu\u2019il exerce \u00e0 plus de 150 kilom\u00e8tres de la fronti\u00e8re espagnole.<\/p>\n<p class=\"std-elt__inline\">\n        <strong>\u00c0 lire aussi :<\/strong><br \/>\n        <a href=\"\/2026\/04\/22\/jusqua-95-des-produits-auraient-ete-detournes-vers-des-circuits-paralleles-un-grossiste-juge-pour-trafic-de-tabac-en-andorre-pres-de-950-000-euros-de-13335204.php\">&#8220;Jusqu\u2019\u00e0 95\u00a0% des produits auraient \u00e9t\u00e9 d\u00e9tourn\u00e9s vers des circuits parall\u00e8les&#8221;\u00a0: un grossiste jug\u00e9 pour trafic de tabac en Andorre, le volume est estim\u00e9 \u00e0 &#8220;950\u00a0000\u00a0euros&#8221;<\/a>\n    <\/p>\n<p>Pour lui, le basculement est en cours\u00a0: &#8220;Aujourd\u2019hui, on n\u2019est m\u00eame plus \u00e0 une cigarette sur deux issues du r\u00e9seau l\u00e9gal. Cette d\u00e9rive pousse r\u00e9guli\u00e8rement des confr\u00e8res \u00e0 mettre la cl\u00e9 sous la porte.&#8221;<\/p>\n<p>Dans la mise en demeure, l\u2019association d\u00e9nonce une &#8220;atteinte structurelle et syst\u00e9mique&#8221;\u00a0\u00e0 leur monopole ainsi qu\u2019une insuffisance des moyens de lutte contre les trafics. Eric Hermeline pointe notamment l\u2019inaction face aux points de vente ill\u00e9gaux. &#8220;On alerte les autorit\u00e9s toutes les semaines et on ne voit jamais rien bouger.&#8221;<\/p>\n<p>Il \u00e9voque des pratiques d\u00e9sormais banalis\u00e9es entre voyages organis\u00e9s pour acheter du tabac \u00e0 l\u2019\u00e9tranger et multiplication des reventes clandestines. &#8220;Il\u00a0y a une rupture totale d\u2019\u00e9galit\u00e9 entre les buralistes et les trafiquants&#8221;, estime-t-il.<\/p>\n<h2 class=\"txt-chapitre\">Une action judiciaire in\u00e9dite<\/h2>\n<p>Au c\u0153ur de cette d\u00e9marche, deux arguments juridiques. D\u2019abord, la &#8220;carence fautive&#8221;\u00a0de l\u2019\u00c9tat. Ensuite, la &#8220;rupture d\u2019\u00e9galit\u00e9 devant les charges publiques&#8221;. L\u2019association exige des mesures imm\u00e9diates, notamment le renforcement des contr\u00f4les et une protection effective du monopole face \u00e0 une concurrence d\u00e9loyale in\u00e9luctable pour les buralistes.<\/p>\n<p class=\"std-elt__inline\">\n        <strong>\u00c0 lire aussi :<\/strong><br \/>\n        <a href=\"\/2026\/04\/29\/reportage-il-ny-a-pas-davenir-pour-nous-les-buralistes-inquiets-face-a-la-nouvelle-generation-sans-tabac-au-royaume-uni-13348658.php\">REPORTAGE. &#8220;Il n\u2019y a pas d\u2019avenir pour nous&#8221;\u00a0: les buralistes inquiets face \u00e0 la nouvelle g\u00e9n\u00e9ration sans tabac au Royaume-Uni<\/a>\n    <\/p>\n<p>En principe, l\u2019\u00c9tat dispose de 30 jours pour r\u00e9pondre pour prendre les mesures n\u00e9cessaires afin de lutter contre le trafic illicite.<\/p>\n<p>Sans r\u00e9ponse, une proc\u00e9dure judiciaire pourrait \u00eatre engag\u00e9e afin de poursuivre l\u2019\u00c9tat et tendre \u00e0 sa condamnation \u00e0 r\u00e9parer le pr\u00e9judice des buralistes. Pour Eric Hermeline, cette initiative est cruciale. &#8220;On a tout essay\u00e9\u00a0: les rencontres \u00e0 l\u2019Assembl\u00e9e, au S\u00e9nat, \u00e0 Bercy\u2026 mais il n\u2019en ressort rien. Ce sont nos derni\u00e8res cartouches.&#8221;<\/p>\n<h2 class=\"txt-chapitre\">Un mod\u00e8le \u00e0 bout de souffle<\/h2>\n<p>Au-del\u00e0 du trafic, le pr\u00e9sident des Buralistes en col\u00e8re critique la politique fiscale jug\u00e9e contre-productive. &#8220;On est arriv\u00e9s \u00e0 un point o\u00f9 plus l\u2019\u00c9tat augmente le prix des cigarettes, moins il touche d\u2019argent&#8221;, affirme-t-il. Il met \u00e9galement en garde contre les cons\u00e9quences sanitaires des trafics. &#8220;Le tabac est d\u00e9j\u00e0 nocif, mais le tabac de contrebande l\u2019est encore plus.&#8221;<\/p>\n<p>Avec cette action, les buralistes esp\u00e8rent provoquer une prise de conscience, m\u00eame si Eric Hermeline reste lucide. &#8220;Le ph\u00e9nom\u00e8ne est si install\u00e9 qu\u2019un retour en arri\u00e8re semble aujourd\u2019hui quasiment impossible.&#8221;<\/p>\n<\/p><\/div>\n<p><a href=\"https:\/\/www.ladepeche.fr\/2026\/04\/29\/letat-recoit-une-mise-en-demeure-pour-carence-fautive-et-inaction-totale-excedes-par-la-contrebande-de-tabac-les-buralistes-passent-a-loffensive-13349255.php\">source<\/a><\/p>\n","protected":false},"excerpt":{"rendered":"<p>l&#8217;essentiel Depuis plusieurs ann\u00e9es maintenant, les buralistes sont vent debout contre la contrebande de tabac. Sans action concr\u00e8te des pouvoirs publics, l\u2019association &#8220;Buralistes en col\u00e8re&#8221; met l\u2019\u00c9tat en demeure, d\u00e9non\u00e7ant un march\u00e9 illicite estim\u00e9 \u00e0 38\u00a0% des ventes nationales. Explications. C\u2019est une premi\u00e8re qui marque un tournant dans le bras de fer entre les buralistes [&hellip;]<\/p>\n","protected":false},"author":1,"featured_media":130172,"comment_status":"open","ping_status":"open","sticky":false,"template":"","format":"standard","meta":{"_monsterinsights_skip_tracking":false,"_monsterinsights_sitenote_active":false,"_monsterinsights_sitenote_note":"","_monsterinsights_sitenote_category":0,"footnotes":""},"categories":[74],"tags":[],"coauthors":[77],"class_list":["post-130171","post","type-post","status-publish","format-standard","has-post-thumbnail","hentry","category-economie"],"aioseo_notices":[],"_links":{"self":[{"href":"https:\/\/pressactu.com\/index.php?rest_route=\/wp\/v2\/posts\/130171","targetHints":{"allow":["GET"]}}],"collection":[{"href":"https:\/\/pressactu.com\/index.php?rest_route=\/wp\/v2\/posts"}],"about":[{"href":"https:\/\/pressactu.com\/index.php?rest_route=\/wp\/v2\/types\/post"}],"author":[{"embeddable":true,"href":"https:\/\/pressactu.com\/index.php?rest_route=\/wp\/v2\/users\/1"}],"replies":[{"embeddable":true,"href":"https:\/\/pressactu.com\/index.php?rest_route=%2Fwp%2Fv2%2Fcomments&post=130171"}],"version-history":[{"count":0,"href":"https:\/\/pressactu.com\/index.php?rest_route=\/wp\/v2\/posts\/130171\/revisions"}],"wp:featuredmedia":[{"embeddable":true,"href":"https:\/\/pressactu.com\/index.php?rest_route=\/wp\/v2\/media\/130172"}],"wp:attachment":[{"href":"https:\/\/pressactu.com\/index.php?rest_route=%2Fwp%2Fv2%2Fmedia&parent=130171"}],"wp:term":[{"taxonomy":"category","embeddable":true,"href":"https:\/\/pressactu.com\/index.php?rest_route=%2Fwp%2Fv2%2Fcategories&post=130171"},{"taxonomy":"post_tag","embeddable":true,"href":"https:\/\/pressactu.com\/index.php?rest_route=%2Fwp%2Fv2%2Ftags&post=130171"},{"taxonomy":"author","embeddable":true,"href":"https:\/\/pressactu.com\/index.php?rest_route=%2Fwp%2Fv2%2Fcoauthors&post=130171"}],"curies":[{"name":"wp","href":"https:\/\/api.w.org\/{rel}","templated":true}]}}