{"id":130169,"date":"2026-04-30T12:13:10","date_gmt":"2026-04-30T12:13:10","guid":{"rendered":"https:\/\/pressactu.com\/?p=130169"},"modified":"2026-04-30T12:13:10","modified_gmt":"2026-04-30T12:13:10","slug":"direct-guerre-au-moyen-orient-le-president-iranien-affirme-que-le-blocus-naval-americain-du-detroit-dormuz-est-voue-a-lechec","status":"publish","type":"post","link":"https:\/\/pressactu.com\/?p=130169","title":{"rendered":"DIRECT. Guerre au Moyen-Orient : le pr\u00e9sident iranien affirme que le blocus naval am\u00e9ricain du d\u00e9troit d&#039;Ormuz est &quot;vou\u00e9 \u00e0 l&#039;\u00e9chec&quot;"},"content":{"rendered":"<div id=\"live_post_EVMOL5LPW74YVU1\"><span class=\"live-post__date\">12h00.<\/span><i class=\"icon-pin\"\/><\/p>\n<div class=\"live-post__content\">\n<h2 class=\"live-post__title\">Les infos \u00e0 retenir \u00e0 12 heures<\/h2>\n<p class=\"live-post__amorce\">&#8211; Le  <strong>blocus <\/strong> du d\u00e9troit d&#8217;Ormuz est  <strong>amen\u00e9 \u00e0 se prolonger,<\/strong>  selon Trump, mais  <strong>&#8220;vou\u00e9 \u00e0 l&#8217;\u00e9chec&#8221;<\/strong>  pour le pr\u00e9sident iranien. <\/p>\n<p>&#8211; Isra\u00ebl a  <strong>intercept\u00e9 175 militants<\/strong>  qui circulaient \u00e0 bord de la  <strong>&#8220;flottille pour Gaza&#8221;<\/strong> , dans 20 bateaux. <\/p>\n<p>&#8211; Cons\u00e9quence des r\u00e9centes prises de position de Donald Trump : le  <strong>prix du baril de p\u00e9trole a flamb\u00e9<\/strong>  ce jeudi matin. <\/p>\n<\/div>\n<\/div>\n<div id=\"live_post_EVMOLF4M1HN0LX3\"><span class=\"live-post__date\">13h46.<\/span><\/p>\n<div class=\"live-post__content\">\n<h2 class=\"live-post__title\">Neuf personnes dont deux enfants ont \u00e9t\u00e9 tu\u00e9s au Liban\u00a0<\/h2>\n<p class=\"live-post__amorce\">De nouvelles frappes isra\u00e9liennes sur le sud du Liban ont fait jeudi neuf morts, a annonc\u00e9 le minist\u00e8re de la Sant\u00e9, malgr\u00e9 le cessez-le-feu en vigueur depuis le 17 avril.   <\/p>\n<p>Parmi les <strong> neuf personnes tu\u00e9es, figurent &#8220;deux enfants et cinq femmes&#8221;<\/strong> , selon un bilan provisoire du minist\u00e8re, qui fait aussi \u00e9tat de 23 bless\u00e9s. <\/p>\n<\/div>\n<\/div>\n<div id=\"live_post_EVMOLE9HCWZ29EL\"><span class=\"live-post__date\">13h22.<\/span><\/p>\n<div class=\"live-post__content\">\n<h2 class=\"live-post__title\">ENTRETIEN. A quoi joue Poutine en se rapprochant de T\u00e9h\u00e9ran ?<\/h2>\n<p class=\"live-post__amorce\">Apr\u00e8s deux mois de guerre au Moyen-Orient, Vladimir Poutine a accueilli ce lundi 27 avril le chef de la diplomatie iranienne \u00e0 Saint-P\u00e9tersbourg. Une \u00e9ni\u00e8me preuve du rapprochement entre Moscou et T\u00e9h\u00e9ran, qui ne date pas d\u2019hier. Cette relation entre les deux pays soul\u00e8ve une question centrale : quelle est l\u2019ampleur du soutien russe \u00e0 l\u2019Iran dans le cadre de ce conflit ? J\u00e9r\u00f4me Pellistrandi, ancien g\u00e9n\u00e9ral fran\u00e7ais, analyse pour La D\u00e9p\u00eache du Midi le num\u00e9ro d\u2019\u00e9quilibriste de la Russie dans cette situation.<\/p>\n<p class=\"live-post__amorce\">\ud83d\udc49  <a href=\"https:\/\/www.ladepeche.fr\/2026\/04\/29\/entretien-guerre-au-moyen-orient-la-russie-prefere-des-regimes-autoritaires-et-stables-a-quoi-joue-poutine-en-se-rapprochant-de-teheran-13347837.php\" target=\"_blank\" rel=\"noopener noreferrer nofollow\" class=\"\"><strong>Notre article \u00e0 lire ici<\/strong><\/a> .<\/p>\n<div class=\"center-align\" rel=\"js-article-inline-img\" data-protec-aida=\"image\">\n<figure class=\"std-img\" data-src=\"https:\/\/images.ladepeche.fr\/api\/v1\/images\/view\/69f33c2e1b0e5da19f0dd434\/original\/image.jpg?v=1\">\n        <img decoding=\"async\" class=\"std-img__img responsive-img\" src=\"http:\/\/pressactu.com\/wp-content\/uploads\/2026\/04\/1777551189_143_image.jpg?v=1\" alt=\"Vladimir Poutine, chef du Kremlin, sert la main d'Abbas Araghchi, ministre des affaires \u00e9trang\u00e8res iranien.\"\/><figcaption class=\"article-full__media-infos\">\n                <span class=\"article-full__media-legend\">Vladimir Poutine, chef du Kremlin, sert la main d&#8217;Abbas Araghchi, ministre des affaires \u00e9trang\u00e8res iranien.<\/span><br \/>\n                                    <span class=\"article-full__media-author\">MAXPPP<\/span><br \/>\n                            <\/figcaption><\/figure>\n<\/div>\n<\/div>\n<\/div>\n<div id=\"live_post_EVMOLE6RBFR5UQR\"><span class=\"live-post__date\">13h20.<\/span><\/p>\n<div class=\"live-post__content\">\n<h2 class=\"live-post__title\">Le guide supr\u00eame iranien affirme que les Etats-Unis ont subi une &#8220;d\u00e9faite honteuse&#8221;<\/h2>\n<p class=\"live-post__amorce\">&#8220;Aujourd&#8217;hui, deux mois apr\u00e8s le plus grand d\u00e9ploiement militaire et l&#8217;agression men\u00e9s par les tyrans de ce monde dans la r\u00e9gion, et apr\u00e8s la d\u00e9faite honteuse des Etats-Unis, un nouveau chapitre s&#8217;ouvre&#8221;, a scand\u00e9  le guide supr\u00eame iranien, l&#8217;ayatollah Mojtaba Khamenei, dans un message \u00e9crit relay\u00e9 par la t\u00e9l\u00e9vision d&#8217;Etat, deux mois apr\u00e8s le d\u00e9but de la guerre.<\/p>\n<\/div>\n<\/div>\n<div id=\"live_post_EVMOLB3JT82J9Z6\"><span class=\"live-post__date\">11h53.<\/span><\/p>\n<div class=\"live-post__content\">\n<h2 class=\"live-post__title\">Le pr\u00e9sident libanais condamne les &#8220;violations persistantes&#8221; du cessez-le-feu par Isra\u00ebl<\/h2>\n<p class=\"live-post__amorce\">&#8220;Les violations isra\u00e9liennes persistent dans le sud malgr\u00e9 le cessez-le-feu, ainsi que la d\u00e9molition de maisons (&#8230;), alors que le nombre de victimes (&#8230;) monte&#8221;, a-t-il d\u00e9clar\u00e9, selon un communiqu\u00e9 de la pr\u00e9sidence. De nouvelles frappes isra\u00e9liennes meurtri\u00e8res ont vis\u00e9 jeudi des localit\u00e9s dans le sud, selon un m\u00e9dia officiel. <\/p>\n<p>&#8220;Il faut faire pression sur Isra\u00ebl pour qu&#8217;il respecte les lois et les accords internationaux et cesse de viser les civils et les secouristes&#8221;, a ajout\u00e9 Joseph Aoun, alors que la tr\u00eave est entr\u00e9e en vigueur le 17 avril.<\/p>\n<\/div>\n<\/div>\n<div id=\"live_post_EVMOL5LFH593UNX\"><span class=\"live-post__date\">09h19.<\/span><\/p>\n<div class=\"live-post__content\">\n<h2 class=\"live-post__title\">Le pr\u00e9sident iranien affirme que le blocus naval am\u00e9ricain est &#8220;vou\u00e9 \u00e0 l&#8217;\u00e9chec&#8221;<\/h2>\n<p class=\"live-post__amorce\">&#8220;Toute tentative d&#8217;imposer un blocus maritime est <strong> contraire aux lois internationales <\/strong> (&#8230;) et est  <strong>vou\u00e9e \u00e0 l&#8217;\u00e9chec<\/strong> &#8220;, a assur\u00e9 Massoud Pezeshkian, le pr\u00e9sident iranien, dans un communiqu\u00e9, apr\u00e8s qu&#8217;un haut responsable de la Maison Blanche a \u00e9voqu\u00e9 une prolongation de ce blocus &#8220;pendant plusieurs mois&#8221;. <\/p>\n<\/div>\n<\/div>\n<div id=\"live_post_EVMOL3HSI0BSC9F\"><span class=\"live-post__date\">08h20.<\/span><\/p>\n<div class=\"live-post__content\">\n<h2 class=\"live-post__title\">\u00a0&#8220;Flotille pour Gaza&#8221;: Isra\u00ebl a intercept\u00e9 &#8220;175 militants&#8221; \u00e0 bord de 20 bateaux<\/h2>\n<p class=\"live-post__amorce\">&#8220;\u00c0 l\u2019heure o\u00f9 nous publions ce communiqu\u00e9 (6h30 heure de Paris), au moins 22 des 58 bateaux de la flottille ont \u00e9t\u00e9 pris d\u2019assaut par les forces isra\u00e9liennes en totale violation avec le droit international. Sur ces navires, plusieurs ressortissant\u00b7es fran\u00e7ais\u00b7es&#8221;, a \u00e9crit Global Sumud France. <\/p>\n<\/div>\n<\/div>\n<div id=\"live_post_EVMOL2XX2FHM2AW\"><span class=\"live-post__date\">08h05.<\/span><\/p>\n<div class=\"live-post__content\">\n<h2 class=\"live-post__title\">\ud83d\udce3 APPEL A TEMOIGNAGES. Carburant : votre vol a \u00e9t\u00e9 annul\u00e9 ou son prix augment\u00e9 apr\u00e8s achat ? Racontez-nous<\/h2>\n<p class=\"live-post__amorce\">Face \u00e0 l\u2019explosion des prix du k\u00e9ros\u00e8ne due \u00e0 la guerre au Moyen-Orient et au blocage du d\u00e9troit d\u2019Ormuz, des compagnies a\u00e9riennes sont contraintes d\u2019annuler des vols ou bien font payer des suppl\u00e9ments \u00e0 leurs clients apr\u00e8s l\u2019achat de leurs billets. La D\u00e9p\u00eache cherche \u00e0 contacter des personnes concern\u00e9es par ces inconv\u00e9nients pour recueillir leur t\u00e9moignage. <\/p>\n<p>Pour t\u00e9moigner,  <a href=\"https:\/\/www.ladepeche.fr\/2026\/04\/29\/appel-a-temoignages-carburant-votre-vol-a-ete-annule-ou-son-prix-augmente-apres-achat-racontez-nous-13348923.php\" target=\"_blank\" rel=\"noopener noreferrer nofollow\" class=\"\"><strong>\ud83d\udc49 c&#8217;est ici <\/strong><\/a> <\/p>\n<div class=\"center-align\" rel=\"js-article-inline-img\" data-protec-aida=\"image\">\n<figure class=\"std-img\" data-src=\"https:\/\/images.ladepeche.fr\/api\/v1\/images\/view\/69f2f1a7dfb070f3410672f4\/original\/image.jpg?v=1\">\n        <img decoding=\"async\" class=\"std-img__img responsive-img\" src=\"http:\/\/pressactu.com\/wp-content\/uploads\/2026\/04\/1777551189_205_image.jpg?v=1\" alt=\"Vous avez \u00e9t\u00e9 directement impact\u00e9 par l\u2019explosion du prix du k\u00e9ros\u00e8ne ? Racontez-nous.\"\/><figcaption class=\"article-full__media-infos\">\n                <span class=\"article-full__media-legend\">Vous avez \u00e9t\u00e9 directement impact\u00e9 par l\u2019explosion du prix du k\u00e9ros\u00e8ne ? Racontez-nous.<\/span><br \/>\n                                    <span class=\"article-full__media-author\">Image d&#8217;illustration &#8211; Pixabay<\/span><br \/>\n                            <\/figcaption><\/figure>\n<\/div>\n<\/div>\n<\/div>\n<div id=\"live_post_EVMOL2US55G95IN\"><span class=\"live-post__date\">08h02.<\/span><\/p>\n<div class=\"live-post__content\">\n<h2 class=\"live-post__title\">Football : les Gardiens de la r\u00e9volution iraniens n&#8217;ont &#8220;pas leur place&#8221; au Canada, d\u00e9clare Ottawa<\/h2>\n<p class=\"live-post__amorce\">Les Gardiens de la r\u00e9volution iraniens n&#8217;ont &#8220;pas leur place&#8221; au Canada, a d\u00e9clar\u00e9 Ottawa mercredi, apr\u00e8s que des dirigeants de la F\u00e9d\u00e9ration iranienne de football ont annul\u00e9 leur participation au congr\u00e8s de la Fifa invoquant des &#8220;insultes&#8221; de la police de l&#8217;immigration canadienne. <\/p>\n<\/div>\n<\/div>\n<div id=\"live_post_EVMOL0YAAQ80LDL\"><span class=\"live-post__date\">07h09.<\/span><\/p>\n<div class=\"live-post__content\">\n<h2 class=\"live-post__title\">Liban : le pr\u00e9sident appelle Isra\u00ebl \u00e0 mettre &#8220;pleinement en \u0153uvre&#8221; le cessez-le-feu avant toute n\u00e9gociation<\/h2>\n<p class=\"live-post__amorce\">Le pr\u00e9sident libanais Joseph Aoun a appel\u00e9 mercredi Isra\u00ebl \u00e0 mettre &#8220;pleinement en \u0153uvre le cessez-le feu&#8221;, avant toute n\u00e9gociation directe de paix entre les deux pays, dont il a dit attendre que les Etats-Unis fixent une date.  <\/p>\n<p>Il s&#8217;est exprim\u00e9 apr\u00e8s qu&#8217;une nouvelle frappe isra\u00e9lienne a tu\u00e9 un soldat et son fr\u00e8re dans le sud du Liban, o\u00f9 Isra\u00ebl et le Hezbollah pro-iranien poursuivent leurs hostilit\u00e9s malgr\u00e9 la tr\u00eave en vigueur depuis le 17 avril, et prolong\u00e9e jusqu&#8217;\u00e0 la mi-mai.   <\/p>\n<\/div>\n<\/div>\n<div id=\"live_post_EVMOL0WE5W1J60E\"><span class=\"live-post__date\">07h08.<\/span><\/p>\n<div class=\"live-post__content\">\n<h2 class=\"live-post__title\">Engrais, gazole\u2026 le gouvernement accorde une aide aux agriculteurs pour faire face \u00e0 la mont\u00e9e des prix du carburant<\/h2>\n<p class=\"live-post__amorce\">Depuis le d\u00e9clenchement de la guerre au Moyen-Orient, les agriculteurs fran\u00e7ais sont confront\u00e9s \u00e0 la hausse des prix du carburant et \u00e0 des tensions sur les engrais.<\/p>\n<p><a href=\"https:\/\/www.ladepeche.fr\/2026\/04\/30\/engrais-gazole-le-gouvernement-accorde-une-aide-aux-agriculteurs-pour-faire-face-a-la-montee-des-prix-du-carburant-13349092.php\" target=\"_blank\" rel=\"noopener noreferrer nofollow\" class=\"\"><strong>\ud83d\udc49 Notre article ici <\/strong><\/a> <\/p>\n<div class=\"center-align\" rel=\"js-article-inline-img\" data-protec-aida=\"image\">\n<figure class=\"std-img\" data-src=\"https:\/\/images.ladepeche.fr\/api\/v1\/images\/view\/69f2e3ead6a72dd27d053dac\/original\/image.jpg?v=1\">\n        <img decoding=\"async\" class=\"std-img__img responsive-img\" src=\"http:\/\/pressactu.com\/wp-content\/uploads\/2026\/04\/1777551190_852_image.jpg?v=1\" alt=\"Le prix du gazole non routier (GNR), utilis\u00e9 par les engins agricoles, est pass\u00e9 d\u2019environ 1,20 euro \u00e0 1,90 euro le litre en quelques semaines.\"\/><figcaption class=\"article-full__media-infos\">\n                <span class=\"article-full__media-legend\">Le prix du gazole non routier (GNR), utilis\u00e9 par les engins agricoles, est pass\u00e9 d\u2019environ 1,20 euro \u00e0 1,90 euro le litre en quelques semaines.<\/span><br \/>\n                                    <span class=\"article-full__media-author\">Photo DDM &#8211; Marc Salvet<\/span><br \/>\n                            <\/figcaption><\/figure>\n<\/div>\n<\/div>\n<\/div>\n<div id=\"live_post_EVMOL0VD3WVHQMT\"><span class=\"live-post__date\">07h07.<\/span><\/p>\n<div class=\"live-post__content\">\n<h2 class=\"live-post__title\">Blocus du d\u00e9troit d&#8217;Ormuz : le baril de Brent s&#8217;envole \u00e0 pr\u00e8s de 125 dollars<\/h2>\n<p class=\"live-post__amorce\">Les prix du p\u00e9trole s&#8217;envolent de nouveau jeudi apr\u00e8s l&#8217; <strong>\u00e9vocation par la Maison Blanche d&#8217;un blocus prolong\u00e9 du d\u00e9troit d&#8217;Ormuz<\/strong> , le baril de Brent se rench\u00e9rissant de 5% et s&#8217;approchant des  <strong>125 dollars. <\/strong> <\/p>\n<\/div>\n<\/div>\n<div id=\"live_post_EVMOL0USNPMHUB1\"><span class=\"live-post__date\">07h00.<\/span><\/p>\n<div class=\"live-post__content\">\n<h2 class=\"live-post__title\">Bonjour et bienvenue<\/h2>\n<p class=\"live-post__amorce\">Bienvenue dans ce direct consacr\u00e9 \u00e0 la guerre au Moyen-Orient. <\/p>\n<\/div>\n<\/div>\n<p><a href=\"https:\/\/www.ladepeche.fr\/2026\/04\/30\/direct-guerre-au-moyen-orient-le-president-iranien-affirme-que-le-blocus-naval-americain-du-detroit-dormuz-est-voue-a-lechec-13350333.php\">source<\/a><\/p>\n","protected":false},"excerpt":{"rendered":"<p>12h00. Les infos \u00e0 retenir \u00e0 12 heures &#8211; Le blocus du d\u00e9troit d&#8217;Ormuz est amen\u00e9 \u00e0 se prolonger, selon Trump, mais &#8220;vou\u00e9 \u00e0 l&#8217;\u00e9chec&#8221; pour le pr\u00e9sident iranien. &#8211; Isra\u00ebl a intercept\u00e9 175 militants qui circulaient \u00e0 bord de la &#8220;flottille pour Gaza&#8221; , dans 20 bateaux. &#8211; Cons\u00e9quence des r\u00e9centes prises de position [&hellip;]<\/p>\n","protected":false},"author":1,"featured_media":130170,"comment_status":"open","ping_status":"open","sticky":false,"template":"","format":"standard","meta":{"_monsterinsights_skip_tracking":false,"_monsterinsights_sitenote_active":false,"_monsterinsights_sitenote_note":"","_monsterinsights_sitenote_category":0,"footnotes":""},"categories":[1],"tags":[],"coauthors":[77],"class_list":["post-130169","post","type-post","status-publish","format-standard","has-post-thumbnail","hentry","category-a-la-une"],"aioseo_notices":[],"_links":{"self":[{"href":"https:\/\/pressactu.com\/index.php?rest_route=\/wp\/v2\/posts\/130169","targetHints":{"allow":["GET"]}}],"collection":[{"href":"https:\/\/pressactu.com\/index.php?rest_route=\/wp\/v2\/posts"}],"about":[{"href":"https:\/\/pressactu.com\/index.php?rest_route=\/wp\/v2\/types\/post"}],"author":[{"embeddable":true,"href":"https:\/\/pressactu.com\/index.php?rest_route=\/wp\/v2\/users\/1"}],"replies":[{"embeddable":true,"href":"https:\/\/pressactu.com\/index.php?rest_route=%2Fwp%2Fv2%2Fcomments&post=130169"}],"version-history":[{"count":0,"href":"https:\/\/pressactu.com\/index.php?rest_route=\/wp\/v2\/posts\/130169\/revisions"}],"wp:featuredmedia":[{"embeddable":true,"href":"https:\/\/pressactu.com\/index.php?rest_route=\/wp\/v2\/media\/130170"}],"wp:attachment":[{"href":"https:\/\/pressactu.com\/index.php?rest_route=%2Fwp%2Fv2%2Fmedia&parent=130169"}],"wp:term":[{"taxonomy":"category","embeddable":true,"href":"https:\/\/pressactu.com\/index.php?rest_route=%2Fwp%2Fv2%2Fcategories&post=130169"},{"taxonomy":"post_tag","embeddable":true,"href":"https:\/\/pressactu.com\/index.php?rest_route=%2Fwp%2Fv2%2Ftags&post=130169"},{"taxonomy":"author","embeddable":true,"href":"https:\/\/pressactu.com\/index.php?rest_route=%2Fwp%2Fv2%2Fcoauthors&post=130169"}],"curies":[{"name":"wp","href":"https:\/\/api.w.org\/{rel}","templated":true}]}}