{"id":130162,"date":"2026-04-30T12:11:59","date_gmt":"2026-04-30T12:11:59","guid":{"rendered":"https:\/\/pressactu.com\/?p=130162"},"modified":"2026-04-30T12:11:59","modified_gmt":"2026-04-30T12:11:59","slug":"guerre-au-moyen-orient-les-profits-de-totalenergies-senvolent-et-relancent-le-debat-sur-la-taxation","status":"publish","type":"post","link":"https:\/\/pressactu.com\/?p=130162","title":{"rendered":"Guerre au Moyen-Orient\u00a0: les profits de TotalEnergies s\u2019envolent et relancent le d\u00e9bat sur la taxation"},"content":{"rendered":"<div>\n<figure class=\"hook-media--standard \"> <picture class=\"hook-media_picture pb-8\"><source media=\"(max-width: 768px)\" srcset=\"https:\/\/focus.nouvelobs.com\/2026\/04\/29\/0\/0\/5428\/3618\/375\/250\/75\/0\/4a61a2e_upload-1-1t3tc7zk8hn0-080-hl-eberacassat-2653269.jpg 1x,https:\/\/focus.nouvelobs.com\/2026\/04\/29\/0\/0\/5428\/3618\/750\/500\/50\/0\/4a61a2e_upload-1-1t3tc7zk8hn0-080-hl-eberacassat-2653269.jpg 2x\" width=\"375\" height=\"250\"><img fetchpriority=\"high\" decoding=\"async\" class=\"mx-auto\" src=\"data:image\/svg+xml,%3Csvg%20xmlns%3D%27http%3A%2F%2Fwww.w3.org%2F2000%2Fsvg%27%20fill%3D%22%23e4e4e4%22%20viewBox%3D%270%200%20510%20340%27%20width%3D%22510%22%20height%3D%22340%22%3E%3Cpath%20d%3D%27M0%200h510v340H0z%27%2F%3E%3C%2Fsvg%3E\" srcset=\"https:\/\/focus.nouvelobs.com\/2026\/04\/29\/0\/0\/5428\/3618\/510\/340\/75\/0\/4a61a2e_upload-1-1t3tc7zk8hn0-080-hl-eberacassat-2653269.jpg 1x,https:\/\/focus.nouvelobs.com\/2026\/04\/29\/0\/0\/5428\/3618\/1020\/680\/50\/0\/4a61a2e_upload-1-1t3tc7zk8hn0-080-hl-eberacassat-2653269.jpg 2x\" loading=\"eager\" width=\"510\" height=\"340\" data-oncrawl-image-size=\"510x340\" alt=\"Le si\u00e8ge du groupe TotalEnergies \u00e0 La D\u00e9fense, le 13\u00a0janvier 2025. \"\/>   <\/source><\/picture><figcaption class=\"hook-media_figcaption\">\n<p class=\"latino-100m text-grey-600\">  Le si\u00e8ge du groupe TotalEnergies \u00e0 La D\u00e9fense, le 13\u00a0janvier 2025. \u00a0<span class=\"text-grey-600 ms-4\">ERIC BERACASSAT \/ HANS LUCAS VIA AFP<\/span>  <\/p>\n<\/figcaption><\/figure>\n<div class=\"article__share d-flex align-items-center py-24 border-bottom  mb-32\" style=\"--border-color:#D9D9D9;\">\n<div class=\"d-flex flex-wrap gap-16\">                                <button data-article-key=\"20260429.OBS114561\" aria-label=\"Lire\u00a0plus\u00a0tard\" data-section=\"Monde\" data-piano=\"Page_Article,Sous_date_publi,A_lire_plus_tard,1er_clic,action\" class=\"popover-trigger btn--tertiary btn--icon-only btn btn--small btn--secondary read-later\"> <i class=\"icon  icon-read-after\" aria-hidden=\"true\"\/>  <span class=\"latino-300r mt-2 \"> Lire\u00a0plus\u00a0tard <\/span>  <\/button>        <a aria-label=\"Nous suivre sur Google News\" href=\"https:\/\/news.google.com\/publications\/CAAqBwgKMJe4nQkw3dFs?hl=fr&amp;gl=FR&amp;ceid=FR%3Afr\" target=\"_blank\" data-piano=\"Page_Article,Sous_date_publi,Nous_suivre_sur_google_news,1er_clic,action\" class=\"btn btn--small btn--tertiary btn--icon-only\">    <svg class=\"icon icon--google  \" style=\"--fill:#56668A\">   <use href=\"\/bucket\/resources\/web\/img\/e86dad2a9be111d0faac.svg#google\"\/>  <\/svg>   <span class=\"latino-300r mt-2 \">Google Actualit\u00e9s<\/span>  <\/a>     <button id=\"share\" aria-label=\"Partager\" class=\"popover-trigger btn btn--small btn--tertiary btn--icon-only\" data-piano=\"Page_Article,Sous_date_publi,Partager,1er_clic,action\">    <svg class=\"icon icon--share-alt  \" style=\"--fill:var(--base-foreground-color,#171717)\">   <use href=\"\/bucket\/resources\/web\/img\/e86dad2a9be111d0faac.svg#share-alt\"\/>  <\/svg>  <span class=\"latino-300r mt-2\">Partager<\/span> <\/button> <\/p>\n<div id=\"popover-share\" data-url=\"https:\/\/www.nouvelobs.com\/monde\/20260429.OBS114561\/guerre-au-moyen-orient-les-profits-de-totalenergies-s-envolent-et-relancent-le-debat-sur-la-taxation.html\" data-id=\"20260429.OBS114561\" data-popover-for=\"share\" class=\"popover p-32\" role=\"tooltip\" style=\"width: 375px\">\n<p>  <button onclick=\"setToFacebook();\" class=\"btn btn--large btn--secondary\" aria-label=\"Facebook\" piano-context-origin=\"Page_Article,Sous_date_publi,Partager,Facebook,action\">    <svg class=\"icon icon--facebook  \" style=\"--fill:var(--base-foreground-color,#171717)\">   <use href=\"\/bucket\/resources\/web\/img\/e86dad2a9be111d0faac.svg#facebook\"\/>  <\/svg>  <span class=\"latino-300r\">Facebook<\/span> <\/button> <button onclick=\"setToBsky();\" class=\"btn btn--large btn--secondary\" aria-label=\"Bluesky\" piano-context-origin=\"Page_Article,Sous_date_publi,Partager,Bluesky,action\">    <svg class=\"icon icon--bluesky  \" style=\"--fill:var(--base-foreground-color,#171717)\">   <use href=\"\/bucket\/resources\/web\/img\/e86dad2a9be111d0faac.svg#bluesky\"\/>  <\/svg>  <span class=\"latino-300r\">Bluesky<\/span> <\/button> <button id=\"mail-button\" onclick=\"setToMail(true)\" class=\"btn btn--large btn--secondary\" aria-label=\"Mail\" piano-context-origin=\"Page_Article,Sous_date_publi,Partager,Email,action\">    <svg class=\"icon icon--mail  \" style=\"--fill:var(--base-foreground-color,#171717)\">   <use href=\"\/bucket\/resources\/web\/img\/e86dad2a9be111d0faac.svg#mail\"\/>  <\/svg>  <span class=\"latino-300r\">E-mail<\/span> <\/button> <button onclick=\"setToClipboard();\" class=\"copy-button btn btn--large btn--secondary\" aria-label=\"copier le lien\" piano-context-origin=\"Page_Article,Sous_date_publi,Partager,Copier_lien,action\">    <svg class=\"icon icon--link  \" style=\"--fill:var(--base-foreground-color,#171717)\">   <use href=\"\/bucket\/resources\/web\/img\/e86dad2a9be111d0faac.svg#link\"\/>  <\/svg>  <span class=\"latino-300r\">Copier le lien<\/span> <\/button>  <\/p>\n<p> <button id=\"share-mail-submit\" type=\"submit\" form=\"mail-form\" onclick=\"__forecast.collectShareMail()\" class=\"latino-300r btn btn--large btn--black btn--fit\"> Envoyer <\/button> <\/p>\n<\/p><\/div>\n<p>                    <span data-urlencode=\"L2Fib25uZW1lbnQtYXZyaWwtMjAyNg==\" data-piano=\"Page_Article,Sous_date_publi,S_abonner_Printemps2026,1er_clic,action\" data-batch=\"clic_s_abonner\" class=\"btn btn--small btn--conversion-secondary\" style=\"--btn-color:#FFF;--btn-color-hover:#FFF;--btn-bg:#FC5F2B;--btn-bg-hover:#FC5F2B;--btn-bg-focus:#FC5F2B;--btn-border-color:#522DF7;\"> S\u2019abonner <\/span>       <\/div>\n<\/p><\/div>\n<p class=\"node__paragraphe antonia-750r text-grey-800 pb-24 pb-md-32\"> En pleine guerre au Moyen-Orient, TotalEnergies a publi\u00e9 ce mercredi 29\u00a0avril des b\u00e9n\u00e9fices en tr\u00e8s forte hausse au premier trimestre, dop\u00e9s par la flamb\u00e9e des prix des hydrocarbures qui p\u00e8se sur le portefeuille des consommateurs, ravivant le d\u00e9bat de la taxation des profits p\u00e9troliers r\u00e9clam\u00e9e par la gauche et certains pays europ\u00e9ens. D\u00e9clench\u00e9e le 28\u00a0f\u00e9vrier par l\u2019offensive des Etats-Unis et d\u2019Isra\u00ebl contre l\u2019Iran, la <a href=\"https:\/\/www.nouvelobs.com\/monde\/20260317.OBS113265\/guerre-au-moyen-orient-ces-4-raisons-pour-lesquelles-le-conflit-renforce-poutine-et-enfonce-l-ukraine.html\">guerre au Moyen-Orient<\/a> a entra\u00een\u00e9 en r\u00e9action le blocage par T\u00e9h\u00e9ran du <a href=\"https:\/\/www.nouvelobs.com\/monde\/20260428.OBS114523\/detroit-d-ormuz-nouvelle-proposition-iranienne-un-methanier-parvient-a-passer.html\">d\u00e9troit d\u2019Ormuz<\/a>, corridor strat\u00e9gique o\u00f9 transitent habituellement environ 20\u00a0% du p\u00e9trole et du gaz mondiaux, ce qui a provoqu\u00e9 une chute brutale de l\u2019approvisionnement et une flamb\u00e9e des prix, sur fond aussi de forte volatilit\u00e9. <\/p>\n<h2 class=\"node__heading latino-800m latino-lg-1400e text-grey-800 pb-8 pb-md-16\"> \u2022 Le b\u00e9n\u00e9fice trimestriel de TotalEnergies en hausse <\/h2>\n<p class=\"node__paragraphe antonia-750r text-grey-800 pb-24 pb-md-32\"> Le b\u00e9n\u00e9fice trimestriel du g\u00e9ant p\u00e9trogazier a bondi \u00e0 5,8\u00a0milliards de dollars (4,96\u00a0milliards d\u2019euros), en hausse de 51\u00a0% sur un an, illustrant sa <em>\u00ab\u00a0capacit\u00e9 \u00e0 capturer la hausse des prix\u00a0\u00bb<\/em>, a d\u00e9clar\u00e9 son PDG, Patrick Pouyann\u00e9, dans un communiqu\u00e9. Le groupe fran\u00e7ais, 4e compagnie p\u00e9troli\u00e8re occidentale en chiffre d\u2019affaires, fait encore mieux que d\u00e9but 2022 dans la foul\u00e9e du d\u00e9clenchement de la guerre en Ukraine. <\/p>\n<p class=\"node__paragraphe antonia-750r text-grey-800 pb-24 pb-md-32\"> Fort de ces performances, le groupe a d\u00e9cid\u00e9 de gratifier ses actionnaires avec un dividende en hausse 5,9\u00a0%, \u00e0 0,90 euro par action contre 0,85 euro jusqu\u2019ici. C\u2019est la <em>\u00ab\u00a0plus forte croissance de dividende parmi les majors p\u00e9troli\u00e8res\u00a0\u00bb<\/em>, s\u2019est-il f\u00e9licit\u00e9. <\/p>\n<p class=\"node__paragraphe antonia-750r text-grey-800 pb-24 pb-md-32\"> Malgr\u00e9 la guerre au Moyen-Orient qui a mis \u00e0 l\u2019arr\u00eat une partie de ses sites dans le Golfe, le groupe est parvenu \u00e0 stabiliser sa production d\u2019hydrocarbures gr\u00e2ce aux d\u00e9marrages et \u00e0 la mont\u00e9e en puissance de nouveaux projets au Br\u00e9sil et en Libye. Si bien que <em>\u00ab\u00a0le prix du p\u00e9trole plus \u00e9lev\u00e9 observ\u00e9 depuis le d\u00e9but de la crise compense largement la perte de production au Moyen-Orient\u00a0\u00bb<\/em>, a indiqu\u00e9 Patrick Pouyann\u00e9, en s\u2019adressant aux analystes. Les unit\u00e9s de raffinage du groupe ont par ailleurs tourn\u00e9 \u00e0 plein r\u00e9gime, \u00e0 plus de 90\u00a0% de leurs capacit\u00e9s, <em>\u00ab\u00a0capturant ainsi les marges exceptionnelles au mois de mars\u00a0\u00bb<\/em>, quand les cours des produits raffin\u00e9s s\u2019envolaient, a soulign\u00e9 le groupe. <\/p>\n<p class=\"node__paragraphe antonia-750r text-grey-800 pb-24 pb-md-32\"> D\u00e9but avril, le \u00ab\u00a0Financial Times\u00a0\u00bb avait r\u00e9v\u00e9l\u00e9 que TotalEnergies avait g\u00e9n\u00e9r\u00e9 plus d\u2019un milliard de dollars de gains en achetant au Moyen-Orient la quasi-totalit\u00e9 des cargaisons de p\u00e9trole exportables, sans passer par le d\u00e9troit d\u2019Ormuz. Cette op\u00e9ration hors normes n\u2019a pas \u00e9t\u00e9 d\u00e9mentie par l\u2019entreprise, qui avait seulement dit devoir <em>\u00ab\u00a0s\u00e9curiser ses approvisionnements\u00a0\u00bb<\/em>. Elle peut d\u00e9sormais compter sur le red\u00e9marrage partiel de la raffinerie Satorp en Arabie saoudite, mise \u00e0 l\u2019arr\u00eat apr\u00e8s des frappes au d\u00e9but du mois. <\/p>\n<p class=\"node__paragraphe antonia-750r text-grey-800 pb-24 pb-md-32\"> Mardi, la compagnie britannique BP a pr\u00e9sent\u00e9 elle aussi un b\u00e9n\u00e9fice net trimestriel en forte hausse, \u00e0 3,8\u00a0milliards de dollars, port\u00e9 par les gains issus de son activit\u00e9 de n\u00e9goce p\u00e9trolier. <\/p>\n<h2 class=\"node__heading latino-800m latino-lg-1400e text-grey-800 pb-8 pb-md-16\"> \u2022 La gauche et les associations environnementales indign\u00e9es <\/h2>\n<p class=\"node__paragraphe antonia-750r text-grey-800 pb-24 pb-md-32\"> Les propos de Patrick Pouyann\u00e9 ont d\u00e9clench\u00e9 des r\u00e9actions ulc\u00e9r\u00e9es de la gauche et d\u2019associations environnementales. <em>\u00ab\u00a0Total profite de la guerre pour faire exploser ses b\u00e9n\u00e9fices\u00a0\u00bb<\/em>, a d\u00e9nonc\u00e9 l\u2019Insoumise et vice-pr\u00e9sidente de l\u2019Assembl\u00e9e nationale, Cl\u00e9mence Guett\u00e9, tandis que Greenpeace France a \u00e9voqu\u00e9 une <em>\u00ab\u00a0logique cynique\u00a0\u00bb<\/em> alors que <em>\u00ab\u00a0les m\u00e9nages paient le prix fort \u00e0 la pompe\u00a0\u00bb<\/em>. <\/p>\n<p class=\"node__paragraphe antonia-750r text-grey-800 pb-24 pb-md-32\"> <em>\u00ab\u00a0Tout pour les actionnaires\u00a0\u00bb<\/em>, a aussi fustig\u00e9<a href=\"https:\/\/www.nouvelobs.com\/politique\/20260424.OBS114426\/a-poitiers-francois-ruffin-lance-sa-campagne-presidentielle-primaire-ou-pas-j-irai-de-toute-facon.html\"> Fran\u00e7ois Ruffin (Debout\u00a0!)<\/a>. Les socialistes ont eux annonc\u00e9 leur intention de d\u00e9poser une proposition de loi d\u00e8s mercredi afin de taxer <em>\u00ab\u00a0les superprofits des profiteurs de crise\u00a0\u00bb<\/em>. <\/p>\n<h2 class=\"node__heading latino-800m latino-lg-1400e text-grey-800 pb-8 pb-md-16\"> \u2022 Lecornu n\u2019a pas d\u2019\u00ab\u00a0objection de principe\u00a0\u00bb sur la taxation <\/h2>\n<p class=\"node__paragraphe antonia-750r text-grey-800 pb-24 pb-md-32\"> L\u2019envol\u00e9e des prix des hydrocarbures a relanc\u00e9 le d\u00e9bat en Europe sur la taxation des superprofits p\u00e9troliers, id\u00e9e \u00e0 laquelle le Premier ministre fran\u00e7ais S\u00e9bastien Lecornu disait d\u00e9but avril ne pas avoir <em>\u00ab\u00a0d\u2019objection de principe\u00a0\u00bb<\/em>. Il faisait alors r\u00e9f\u00e9rence \u00e0 l\u2019initiative de cinq pays europ\u00e9ens \u2013 Espagne, Autriche, Allemagne, Italie et Portugal \u2013 qui appellent \u00e0 taxer les b\u00e9n\u00e9fices exceptionnels des entreprises \u00e9nerg\u00e9tiques, comme en\u00a02022 apr\u00e8s l\u2019invasion de l\u2019Ukraine. <\/p>\n<p class=\"node__paragraphe antonia-750r text-grey-800 pb-24 pb-md-32\"> <em>\u00ab\u00a0On ne s\u2019interdit rien\u00a0\u00bb<\/em>, a affirm\u00e9 mercredi la porte-parole du gouvernement Maud Bregeon, tout en appelant \u00e0 ne pas <em>\u00ab\u00a0tomber dans le \u201cTotal Bashing\u201d\u00a0\u00bb<\/em>. <\/p>\n<div class=\"article__author pb-32\">\n<p class=\"authors latino-600m text-grey-800\">        <span>Par\u00a0<\/span> Service Actu\u00a0(avec AFP)<\/p>\n<\/p><\/div>\n<\/p><\/div>\n<p><a href=\"https:\/\/www.nouvelobs.com\/monde\/20260429.OBS114561\/guerre-au-moyen-orient-les-profits-de-totalenergies-s-envolent-et-relancent-le-debat-sur-la-taxation.html\">source<\/a><\/p>\n","protected":false},"excerpt":{"rendered":"<p>Le si\u00e8ge du groupe TotalEnergies \u00e0 La D\u00e9fense, le 13\u00a0janvier 2025. \u00a0ERIC BERACASSAT \/ HANS LUCAS VIA AFP Lire\u00a0plus\u00a0tard Google Actualit\u00e9s Partager Facebook Bluesky E-mail Copier le lien Envoyer S\u2019abonner En pleine guerre au Moyen-Orient, TotalEnergies a publi\u00e9 ce mercredi 29\u00a0avril des b\u00e9n\u00e9fices en tr\u00e8s forte hausse au premier trimestre, dop\u00e9s par la flamb\u00e9e des [&hellip;]<\/p>\n","protected":false},"author":1,"featured_media":130163,"comment_status":"open","ping_status":"open","sticky":false,"template":"","format":"standard","meta":{"_monsterinsights_skip_tracking":false,"_monsterinsights_sitenote_active":false,"_monsterinsights_sitenote_note":"","_monsterinsights_sitenote_category":0,"footnotes":""},"categories":[75],"tags":[],"coauthors":[77],"class_list":["post-130162","post","type-post","status-publish","format-standard","has-post-thumbnail","hentry","category-monde"],"aioseo_notices":[],"_links":{"self":[{"href":"https:\/\/pressactu.com\/index.php?rest_route=\/wp\/v2\/posts\/130162","targetHints":{"allow":["GET"]}}],"collection":[{"href":"https:\/\/pressactu.com\/index.php?rest_route=\/wp\/v2\/posts"}],"about":[{"href":"https:\/\/pressactu.com\/index.php?rest_route=\/wp\/v2\/types\/post"}],"author":[{"embeddable":true,"href":"https:\/\/pressactu.com\/index.php?rest_route=\/wp\/v2\/users\/1"}],"replies":[{"embeddable":true,"href":"https:\/\/pressactu.com\/index.php?rest_route=%2Fwp%2Fv2%2Fcomments&post=130162"}],"version-history":[{"count":0,"href":"https:\/\/pressactu.com\/index.php?rest_route=\/wp\/v2\/posts\/130162\/revisions"}],"wp:featuredmedia":[{"embeddable":true,"href":"https:\/\/pressactu.com\/index.php?rest_route=\/wp\/v2\/media\/130163"}],"wp:attachment":[{"href":"https:\/\/pressactu.com\/index.php?rest_route=%2Fwp%2Fv2%2Fmedia&parent=130162"}],"wp:term":[{"taxonomy":"category","embeddable":true,"href":"https:\/\/pressactu.com\/index.php?rest_route=%2Fwp%2Fv2%2Fcategories&post=130162"},{"taxonomy":"post_tag","embeddable":true,"href":"https:\/\/pressactu.com\/index.php?rest_route=%2Fwp%2Fv2%2Ftags&post=130162"},{"taxonomy":"author","embeddable":true,"href":"https:\/\/pressactu.com\/index.php?rest_route=%2Fwp%2Fv2%2Fcoauthors&post=130162"}],"curies":[{"name":"wp","href":"https:\/\/api.w.org\/{rel}","templated":true}]}}