{"id":130160,"date":"2026-04-30T11:07:12","date_gmt":"2026-04-30T11:07:12","guid":{"rendered":"https:\/\/pressactu.com\/?p=130160"},"modified":"2026-04-30T11:07:12","modified_gmt":"2026-04-30T11:07:12","slug":"reportage-il-ny-a-pas-davenir-pour-nous-les-buralistes-inquiets-face-a-la-nouvelle-generation-sans-tabac-au-royaume-uni","status":"publish","type":"post","link":"https:\/\/pressactu.com\/?p=130160","title":{"rendered":"REPORTAGE. &quot;Il n\u2019y a pas d\u2019avenir pour nous&quot;\u00a0: les buralistes inquiets face \u00e0 la nouvelle g\u00e9n\u00e9ration sans tabac au Royaume-Uni"},"content":{"rendered":"<p>\n                                                                    <span class=\"article-full__chapo-label hide-on-small-only\">l&#8217;essentiel<\/span><br \/>\n                                                                Le 21\u00a0avril a marqu\u00e9 la signature d\u2019une loi historique au Royaume-Uni sur l\u2019interdiction de la vente de cigarettes aux personnes n\u00e9es apr\u00e8s 2008. Entre diff\u00e9rence de coutumes et vente ill\u00e9gale de cigarettes, la d\u00e9cision britannique fait r\u00e9agir les tabacs comme les fumeurs. Reportage \u00e0 Auch, dans le Gers.\n                            <\/p>\n<div rel=\"js-article-content\" data-state=\"fixed-height\" data-selection=\"disabled\">\n                                                                                                                            <!-- Pub DFP Position [outstream] --><\/p>\n<p>La d\u00e9cision du Royaume-Uni divise. Interdire \u00e0 toute une g\u00e9n\u00e9ration de se procurer du tabac l\u00e9galement dans le pays, cela a \u00e9t\u00e9 act\u00e9 le mardi 21\u00a0avril 2026 par le Parlement britannique. Nos voisins anglophones choquent les lobbys du tabac avec cette loi historique qui concerne les personnes n\u00e9es apr\u00e8s 2008.<\/p>\n<p><!-- Pub DFP Position [article] --><\/p>\n<p>\u00c0 Auch, les buralistes ne sont pas tous au courant et les fumeurs non plus. Mais en l\u2019apprenant, ils tombent de haut, comme ce client, fumeur, du Cigalon, un bar-tabac situ\u00e9 en face de la gare. &#8220;Bien s\u00fbr, on pense \u00e0 la sant\u00e9 publique, mais pour moi c\u2019est une loi liberticide.&#8221; Pour la patronne de ce m\u00eame tabac, ce n\u2019est pas une solution pour diminuer la consommation des jeunes, mais plut\u00f4t l\u2019encouragement d\u2019un march\u00e9 parall\u00e8le. &#8220;Si on prend l\u2019exemple de la France, les gens vont ailleurs, tout le monde le sait et tout le monde ferme les yeux.&#8221; Ce trafic, par l\u2019Espagne ou la Belgique, met en difficult\u00e9 les bureaux de tabac fran\u00e7ais.<\/p>\n<h2 class=\"txt-int\">Les buralistes au bord du pr\u00e9cipice<\/h2>\n<p>&#8220;On est fatalistes&#8221;\u00a0: ce sont les mots du patron du Colibri \u00e0 Auch, l\u2019un des nombreux bureaux de tabac de la ville. Une loi pareille en France\u00a0? Il la craint. Apr\u00e8s l\u2019augmentation cons\u00e9quente du prix des paquets de cigarettes, elle repr\u00e9senterait\u00a0un \u00e9ni\u00e8me coup de massue pour les buralistes qui ne se sentent pas du tout soutenus par l\u2019\u00c9tat. Leur avenir, ils l\u2019envisagent \u00e0 t\u00e2tons. &#8220;\u00c7a fait 20 ans que j\u2019ai mon tabac, mais on sera l\u00e0 jusqu\u2019\u00e0 quand\u00a0? Je ne le sais pas&#8221;, confie la g\u00e9rante du Cigalon.<\/p>\n<p class=\"std-elt__inline\">\n        <strong>\u00c0 lire aussi :<\/strong><br \/>\n        <a href=\"\/2026\/03\/31\/tabac-alcool-contrefacons-quelles-sont-les-saisies-des-douaniers-sur-le-departement-du-gers-en-2025-13300081.php\">Tabac, alcool, contrefa\u00e7ons\u2026 quelles sont les saisies des douaniers sur le d\u00e9partement du Gers en 2025\u00a0?<\/a>\n    <\/p>\n<p>Ce qui les sauvera, ils l\u2019assurent, c\u2019est la diversit\u00e9\u00a0: confiseries, boissons et jeux d\u2019argent. Ils font\u00a0\u00e9galement la diff\u00e9rence entre le tabac et les nouveaux modes de consommation, comme\u00a0les cigarettes \u00e9lectroniques ou les puffs. Comme nous le dit Youn\u00e8s, chauffeur de bus et fumeur lui-m\u00eame\u00a0: &#8220;Je c\u00f4toie beaucoup de jeunes et ils ont tous leur vapoteuse.&#8221; Les tendances ont chang\u00e9 et cela se ressent dans les commerces.<\/p>\n<div class=\"center-align\" rel=\"js-article-inline-img\" data-protec-aida=\"image\">\n<figure class=\"std-img\" data-src=\"https:\/\/images.ladepeche.fr\/api\/v1\/images\/view\/69f1dc7b4270b17fa30e5c53\/original\/image.jpg?v=1\">\n        <img decoding=\"async\" class=\"std-img__img responsive-img\" src=\"http:\/\/pressactu.com\/wp-content\/uploads\/2026\/04\/1777547232_703_image.jpg?v=1\" alt=\"Les buralistes auscitains sont pessimistes quant \u00e0 leur avenir.\"\/><figcaption class=\"article-full__media-infos\">\n                <span class=\"article-full__media-legend\">Les buralistes auscitains sont pessimistes quant \u00e0 leur avenir.<\/span><br \/>\n                                    <span class=\"article-full__media-author\">DDM ILLUSTRATION &#8211; SEBASTIEN LAPEYRERE<\/span><br \/>\n                            <\/figcaption><\/figure>\n<\/div>\n<p>Assis en terrasse de caf\u00e9, discutant autour d\u2019un verre, mais pas de cigarette \u00e0 la main, les jeunes fument de moins en moins, mais ils vapotent. Pour les commerces, \u00e7a change la donne. Le patron du Colibri le dit\u00a0: &#8220;La marge est bien meilleure, bien s\u00fbr, parce que le prix est libre.&#8221;<\/p>\n<p>Mais alors, qui ach\u00e8te encore des cigarettes\u00a0? Au Cigalon, ce sont essentiellement les 40-60 ans\u00a0: &#8220;Cette g\u00e9n\u00e9ration, elle fume encore, elle s\u2019en fout un peu des lois.&#8221; Cette tranche d\u2019\u00e2ge reste accroch\u00e9e \u00e0 la cigarette, comme cet habitu\u00e9 du bureau de tabac. &#8220;M\u00eame les augmentations de prix, \u00e7a ne me freine pas.&#8221; Finalement, la cible des tabacs est loin d\u2019\u00eatre vis\u00e9e par la loi britannique.<\/p>\n<h2 class=\"txt-int\">Une loi possible en France\u00a0?<\/h2>\n<p>Cette mesure drastique est-elle envisageable en France\u00a0? Cette question, ils se la posent tous, autant consommateurs que vendeurs. La patronne du Cigalon ne l\u2019imagine pas\u00a0: &#8220;On verra plus rapidement les paquets \u00e0 30\u00a0euros, plut\u00f4t qu\u2019une loi pareille&#8221;. C\u2019est une opinion partag\u00e9e par Youn\u00e8s, mais pour lui ce n\u2019est pas faisable techniquement. &#8220;\u00c7a va \u00eatre tr\u00e8s difficile, pour verbaliser sur la voie publique, il faudrait beaucoup de forces de l\u2019ordre.&#8221;<\/p>\n<p class=\"std-elt__inline\">\n        <strong>\u00c0 lire aussi :<\/strong><br \/>\n        <a href=\"\/2026\/04\/01\/reportage-je-ne-pense-pas-que-je-laurais-fait-de-mon-plein-gre-les-jeunes-approuvent-linterdiction-des-puffs-et-sachets-de-nicotine-13300703.php\">REPORTAGE. &#8220;Je ne pense pas que je l\u2019aurais fait de mon plein gr\u00e9&#8221;\u00a0: les jeunes approuvent l\u2019interdiction des puffs et sachets de nicotine<\/a>\n    <\/p>\n<p>Pour d\u2019autres, c\u2019est une diff\u00e9rence culturelle. Les Britanniques seraient plus durs et rigides sur les lois que nous. &#8220;Ce n\u2019est pas compatible avec notre histoire&#8221;, explique un habitu\u00e9 du Cigalon. Le pays des droits de l\u2019homme ira-t-il \u00e0 ce point dans l\u2019interdiction pour prot\u00e9ger sa jeunesse\u00a0?<\/p>\n<p>Diff\u00e9rents organismes et associations de sant\u00e9 ont r\u00e9agi \u00e0 la nouvelle de mani\u00e8re positive. &#8220;On remercie le Royaume-Uni&#8221;, affirme la Ligue contre le cancer. Pour rappel, le tabagisme reste la premi\u00e8re cause de d\u00e9c\u00e8s \u00e9vitable en France avec environ 75\u00a0000 d\u00e9c\u00e8s par an. Et ces derni\u00e8res ann\u00e9es, une nette diminution a \u00e9t\u00e9 observ\u00e9e. 18\u00a0% des 18-29 ans fumaient quotidiennement en 2024, contre 29\u00a0% en 2021, d\u2019apr\u00e8s le barom\u00e8tre de Sant\u00e9 Publique France.<\/p>\n<p>Ce chiffre est signe que la pr\u00e9vention anti-tabac est efficace. Une baisse encourageante qui poussera peut-\u00eatre les Fran\u00e7ais \u00e0 s\u2019aligner sur le Royaume-Uni, comme l\u2019esp\u00e8re Alexandre Cobigo, responsable pr\u00e9vention pour la Ligue contre le cancer. La ligne directrice choisie par la France pourra \u00eatre observ\u00e9e ces prochaines ann\u00e9es. Une chose est s\u00fbre, elle devra prendre en compte toutes les parties prenantes, notamment les buralistes.<\/p>\n<\/p><\/div>\n<p><a href=\"https:\/\/www.ladepeche.fr\/2026\/04\/29\/reportage-il-ny-a-pas-davenir-pour-nous-les-buralistes-inquiets-face-a-la-nouvelle-generation-sans-tabac-au-royaume-uni-13348658.php\">source<\/a><\/p>\n","protected":false},"excerpt":{"rendered":"<p>l&#8217;essentiel Le 21\u00a0avril a marqu\u00e9 la signature d\u2019une loi historique au Royaume-Uni sur l\u2019interdiction de la vente de cigarettes aux personnes n\u00e9es apr\u00e8s 2008. Entre diff\u00e9rence de coutumes et vente ill\u00e9gale de cigarettes, la d\u00e9cision britannique fait r\u00e9agir les tabacs comme les fumeurs. Reportage \u00e0 Auch, dans le Gers. La d\u00e9cision du Royaume-Uni divise. Interdire [&hellip;]<\/p>\n","protected":false},"author":1,"featured_media":130161,"comment_status":"open","ping_status":"open","sticky":false,"template":"","format":"standard","meta":{"_monsterinsights_skip_tracking":false,"_monsterinsights_sitenote_active":false,"_monsterinsights_sitenote_note":"","_monsterinsights_sitenote_category":0,"footnotes":""},"categories":[74],"tags":[],"coauthors":[77],"class_list":["post-130160","post","type-post","status-publish","format-standard","has-post-thumbnail","hentry","category-economie"],"aioseo_notices":[],"_links":{"self":[{"href":"https:\/\/pressactu.com\/index.php?rest_route=\/wp\/v2\/posts\/130160","targetHints":{"allow":["GET"]}}],"collection":[{"href":"https:\/\/pressactu.com\/index.php?rest_route=\/wp\/v2\/posts"}],"about":[{"href":"https:\/\/pressactu.com\/index.php?rest_route=\/wp\/v2\/types\/post"}],"author":[{"embeddable":true,"href":"https:\/\/pressactu.com\/index.php?rest_route=\/wp\/v2\/users\/1"}],"replies":[{"embeddable":true,"href":"https:\/\/pressactu.com\/index.php?rest_route=%2Fwp%2Fv2%2Fcomments&post=130160"}],"version-history":[{"count":0,"href":"https:\/\/pressactu.com\/index.php?rest_route=\/wp\/v2\/posts\/130160\/revisions"}],"wp:featuredmedia":[{"embeddable":true,"href":"https:\/\/pressactu.com\/index.php?rest_route=\/wp\/v2\/media\/130161"}],"wp:attachment":[{"href":"https:\/\/pressactu.com\/index.php?rest_route=%2Fwp%2Fv2%2Fmedia&parent=130160"}],"wp:term":[{"taxonomy":"category","embeddable":true,"href":"https:\/\/pressactu.com\/index.php?rest_route=%2Fwp%2Fv2%2Fcategories&post=130160"},{"taxonomy":"post_tag","embeddable":true,"href":"https:\/\/pressactu.com\/index.php?rest_route=%2Fwp%2Fv2%2Ftags&post=130160"},{"taxonomy":"author","embeddable":true,"href":"https:\/\/pressactu.com\/index.php?rest_route=%2Fwp%2Fv2%2Fcoauthors&post=130160"}],"curies":[{"name":"wp","href":"https:\/\/api.w.org\/{rel}","templated":true}]}}