{"id":130157,"date":"2026-04-30T10:33:07","date_gmt":"2026-04-30T10:33:07","guid":{"rendered":"https:\/\/pressactu.com\/?p=130157"},"modified":"2026-04-30T10:33:07","modified_gmt":"2026-04-30T10:33:07","slug":"pere-de-famille-mis-en-examen-pour-viols-sur-trente-quatre-enfants-comment-ce-predateur-a-t-il-pu-agir-en-toute-impunite-pendant-quatre-ans","status":"publish","type":"post","link":"https:\/\/pressactu.com\/?p=130157","title":{"rendered":"P\u00e8re de famille mis en examen pour viols sur trente-quatre enfants\u00a0: comment ce pr\u00e9dateur a-t-il pu agir en toute impunit\u00e9 pendant quatre ans"},"content":{"rendered":"<p>\n                                                                    <span class=\"article-full__chapo-label hide-on-small-only\">l&#8217;essentiel<\/span><br \/>\n                                                                P\u00e8re de deux enfants, Romain G., 40 ans, a \u00e9t\u00e9 mis en examen le 10\u00a0avril pour viols et agressions sexuelles sur mineur\u00b7es perp\u00e9tr\u00e9s dans la r\u00e9gion lyonnaise. L\u2019homme est soup\u00e7onn\u00e9 d\u2019avoir agress\u00e9 34 victimes \u00e2g\u00e9es de 3 \u00e0 9 ans entre\u00a02020 et\u00a02024.\n                            <\/p>\n<div rel=\"js-article-content\">\n                                                                                                                            <!-- Pub DFP Position [outstream] --><\/p>\n<p>Mis en examen le 10\u00a0avril pour viols sur de jeunes gar\u00e7ons dans le village de Lucenay, dans le\u00a0Beaujolais (Rh\u00f4ne), Romain G., p\u00e8re de famille, est accus\u00e9 d\u2019avoir abus\u00e9 de 34 enfants \u00e2g\u00e9s de 3 \u00e0\u00a09 ans. Entre\u00a02020 et\u00a02024, l\u2019homme aurait viol\u00e9 et agress\u00e9 sexuellement des camarades de classe de ses enfants lors de soir\u00e9es pyjama qu\u2019il organisait\u00a0\u00e0 son domicile, comme le raconte le journal <a href=\"https:\/\/www.lemonde.fr\/societe\/article\/2026\/04\/29\/dans-le-village-de-lucenay-les-viols-filmes-d-un-pere-de-famille-aux-34-victimes-agees-de-3-a-9-ans_6684304_3224.html\" target=\"_blank\"><em>Le Monde<\/em><\/a> dans son \u00e9dition du 29\u00a0avril\u00a02026.<\/p>\n<p><!-- Pub DFP Position [article] --><\/p>\n<p>Interpell\u00e9 en d\u00e9cembre\u00a02024, apr\u00e8s que trois\u00a0\u00e9l\u00e8ves de CM1 ont racont\u00e9 \u00e0 leurs parents les agressions commises par le p\u00e8re de leur copain d\u2019\u00e9cole lors de ces soir\u00e9es, il avait \u00e9t\u00e9 auditionn\u00e9 avant de ressortir libre. \u00c0 l\u2019\u00e9poque, il\u00a0avait alors tent\u00e9 de se suicider avant d\u2019avouer \u00e0 l\u2019h\u00f4pital \u00eatre l\u2019auteur de nombreuses agressions.<\/p>\n<blockquote class=\"bluesky-embed\" data-bluesky-uri=\"at:\/\/did:plc:qqxqxgdu5z3he2piqfbfaku4\/app.bsky.feed.post\/3mknjnpvk5u2t\" data-bluesky-cid=\"bafyreiapif6ad35l4sekqlxxwnnn3ae3rqm3tvooq6y7ibnq3ybiliwtga\" data-bluesky-embed-color-mode=\"system\">\n<p lang=\"en\">Un p\u00e8re de famille accus\u00e9 d\u2019avoir agress\u00e9 et viol\u00e9 34\u00a0enfants \u00e2g\u00e9s de 3\u00a0\u00e0 9\u00a0ans dans son village de Lucenay\u00a0: r\u00e9cit d\u2019une affaire p\u00e9docriminelle vertigineuse<\/p>\n<p><a href=\"https:\/\/bsky.app\/profile\/did:plc:qqxqxgdu5z3he2piqfbfaku4\/post\/3mknjnpvk5u2t?ref_src=embed\">[image or embed]<\/a><\/p>\n<p>\u2014 Le Monde (<a href=\"https:\/\/bsky.app\/profile\/did:plc:qqxqxgdu5z3he2piqfbfaku4?ref_src=embed\">@lemonde.fr<\/a>) <a href=\"https:\/\/bsky.app\/profile\/did:plc:qqxqxgdu5z3he2piqfbfaku4\/post\/3mknjnpvk5u2t?ref_src=embed\">29 avril 2026 \u00e0 18:33<\/a><\/p><\/blockquote>\n<p>Pendant quatre ans, Romain G. va s\u00e9vir lors de ces soir\u00e9es pyjama mais aussi lorsque des proches de la famille leur rendaient visite. Les faits reproch\u00e9s sont insoutenables\u00a0: p\u00e9n\u00e9trations digitales, anales, fellations forc\u00e9es, parfois alors m\u00eame que les parents des victimes prenaient l\u2019ap\u00e9ro \u00e0 quelques m\u00e8tres seulement de leur enfant.\u00a0Alors comment expliquer que personne n\u2019a rien vu pendant toutes ces ann\u00e9es\u00a0?<\/p>\n<h2 class=\"txt-int\">Soumission chimique<\/h2>\n<p>Au cours de l\u2019instruction, les enqu\u00eateurs ont notamment retrouv\u00e9 des vid\u00e9os d\u2019enfants assoupis ou avec les yeux band\u00e9s, souvent &#8220;sans r\u00e9action physique ou de syst\u00e8me de d\u00e9fense&#8221;, rapporte\u00a0<a href=\"https:\/\/www.lemonde.fr\/societe\/article\/2026\/04\/29\/dans-le-village-de-lucenay-les-viols-filmes-d-un-pere-de-famille-aux-34-victimes-agees-de-3-a-9-ans_6684304_3224.html\" target=\"_blank\"><em>Le Monde<\/em><\/a>\u00a0dans son enqu\u00eate. &#8220;Ils restent inertes malgr\u00e9 les p\u00e9n\u00e9trations sexuelles ou digitales qu\u2019ils subissent&#8221;, \u00e9crivent les enqu\u00eateurs dans leur rapport.<\/p>\n<p class=\"std-elt__inline\">\n        <strong>\u00c0 lire aussi :<\/strong><br \/>\n        <a href=\"\/2026\/04\/30\/pere-de-famille-il-agressait-sexuellement-les-camarades-de-ses-enfants-lors-de-soirees-pyjama-et-avoue-tout-apres-avoir-voulu-se-suicider-13350360.php\">P\u00e8re de famille, il agressait sexuellement les camarades de ses enfants lors de soir\u00e9es pyjama et avoue tout apr\u00e8s avoir voulu se suicider<\/a>\n    <\/p>\n<p>Ils soup\u00e7onnent l\u2019homme d\u2019avoir soumis chimiquement les enfants avant de les agresser.\u00a0Consommateur d\u2019antihistaminiques, de CBD et de puissants somnif\u00e8res, l&#8217;homme d\u00e9tenait\u00a0chez lui des mol\u00e9cules susceptibles d&#8217;\u00eatre utilis\u00e9es pour s\u00e9dater les enfants.<\/p>\n<p>Selon le p\u00e8re de l\u2019une des victimes, Marc, il est\u00a0&#8220;certain&#8221; que des adultes\u00a0dans le &#8220;cercle proche [de Romain G.] savaient et avaient pris leurs distances parce qu\u2019il avait eu un comportement d\u00e9plac\u00e9&#8221;, expliquait-il au <a href=\"https:\/\/www.leprogres.fr\/faits-divers-justice\/2026\/04\/29\/parent-d-eleves-ecroue-pour-viols-sur-mineurs-il-aurait-fait-34-victimes-agees-de-3-a-9-ans\" target=\"_blank\"><em>Progr\u00e8s<\/em><\/a>\u00a0en mars\u00a02025. D\u00e9crit comme un\u00a0parent d\u2019\u00e9l\u00e8ve impliqu\u00e9 dans la vie de l\u2019\u00e9cole et ayant un bon &#8220;feeling&#8221; avec les enfants, personne ne soup\u00e7onnait la face cach\u00e9e de cet homme.\u00a0<\/p>\n<\/p><\/div>\n<p><a href=\"https:\/\/www.ladepeche.fr\/2026\/04\/30\/pere-de-famille-mis-en-examen-pour-viols-sur-trente-quatre-enfants-comment-ce-predateur-a-t-il-pu-agir-en-toute-impunite-pendant-quatre-ans-13350476.php\">source<\/a><\/p>\n","protected":false},"excerpt":{"rendered":"<p>l&#8217;essentiel P\u00e8re de deux enfants, Romain G., 40 ans, a \u00e9t\u00e9 mis en examen le 10\u00a0avril pour viols et agressions sexuelles sur mineur\u00b7es perp\u00e9tr\u00e9s dans la r\u00e9gion lyonnaise. L\u2019homme est soup\u00e7onn\u00e9 d\u2019avoir agress\u00e9 34 victimes \u00e2g\u00e9es de 3 \u00e0 9 ans entre\u00a02020 et\u00a02024. Mis en examen le 10\u00a0avril pour viols sur de jeunes gar\u00e7ons dans [&hellip;]<\/p>\n","protected":false},"author":1,"featured_media":130158,"comment_status":"open","ping_status":"open","sticky":false,"template":"","format":"standard","meta":{"_monsterinsights_skip_tracking":false,"_monsterinsights_sitenote_active":false,"_monsterinsights_sitenote_note":"","_monsterinsights_sitenote_category":0,"footnotes":""},"categories":[1],"tags":[],"coauthors":[77],"class_list":["post-130157","post","type-post","status-publish","format-standard","has-post-thumbnail","hentry","category-a-la-une"],"aioseo_notices":[],"_links":{"self":[{"href":"https:\/\/pressactu.com\/index.php?rest_route=\/wp\/v2\/posts\/130157","targetHints":{"allow":["GET"]}}],"collection":[{"href":"https:\/\/pressactu.com\/index.php?rest_route=\/wp\/v2\/posts"}],"about":[{"href":"https:\/\/pressactu.com\/index.php?rest_route=\/wp\/v2\/types\/post"}],"author":[{"embeddable":true,"href":"https:\/\/pressactu.com\/index.php?rest_route=\/wp\/v2\/users\/1"}],"replies":[{"embeddable":true,"href":"https:\/\/pressactu.com\/index.php?rest_route=%2Fwp%2Fv2%2Fcomments&post=130157"}],"version-history":[{"count":0,"href":"https:\/\/pressactu.com\/index.php?rest_route=\/wp\/v2\/posts\/130157\/revisions"}],"wp:featuredmedia":[{"embeddable":true,"href":"https:\/\/pressactu.com\/index.php?rest_route=\/wp\/v2\/media\/130158"}],"wp:attachment":[{"href":"https:\/\/pressactu.com\/index.php?rest_route=%2Fwp%2Fv2%2Fmedia&parent=130157"}],"wp:term":[{"taxonomy":"category","embeddable":true,"href":"https:\/\/pressactu.com\/index.php?rest_route=%2Fwp%2Fv2%2Fcategories&post=130157"},{"taxonomy":"post_tag","embeddable":true,"href":"https:\/\/pressactu.com\/index.php?rest_route=%2Fwp%2Fv2%2Ftags&post=130157"},{"taxonomy":"author","embeddable":true,"href":"https:\/\/pressactu.com\/index.php?rest_route=%2Fwp%2Fv2%2Fcoauthors&post=130157"}],"curies":[{"name":"wp","href":"https:\/\/api.w.org\/{rel}","templated":true}]}}