{"id":130149,"date":"2026-04-30T08:52:54","date_gmt":"2026-04-30T08:52:54","guid":{"rendered":"https:\/\/pressactu.com\/?p=130149"},"modified":"2026-04-30T08:52:54","modified_gmt":"2026-04-30T08:52:54","slug":"reconnue-comme-la-meilleure-fete-de-village-de-laveyron-il-suffit-de-voter-pour-quelle-remporte-le-prix-regional","status":"publish","type":"post","link":"https:\/\/pressactu.com\/?p=130149","title":{"rendered":"Reconnue comme la meilleure f\u00eate de village de l\u2019Aveyron, il suffit de voter pour qu\u2019elle remporte le prix r\u00e9gional"},"content":{"rendered":"<p>\n                                                                    <span class=\"article-full__chapo-label hide-on-small-only\">l&#8217;essentiel<\/span><br \/>\n                                                                La f\u00eate de village d\u2019Aguessac vient d\u2019\u00eatre sacr\u00e9e meilleure de l\u2019Aveyron. S\u00e9lectionn\u00e9e parmi 102 communes, elle vise d\u00e9sormais la finale r\u00e9gionale.\n                            <\/p>\n<div rel=\"js-article-content\" data-state=\"fixed-height\" data-selection=\"disabled\">\n                                                                                                                            <!-- Pub DFP Position [outstream] --><\/p>\n<p>En Aveyron, on ne manque pas de f\u00eates de village presque tout au long de l\u2019ann\u00e9e. Celles-ci rivalisent souvent en\u00a0qualit\u00e9. Pour preuve, celle d\u2019Aguessac, un bourg limitrophe de Millau, dans le sud du d\u00e9partement, se voit r\u00e9compens\u00e9e du &#8220;prix de la meilleure f\u00eate de village de l\u2019Aveyron dans le cadre du concours La F\u00eate continue&#8221;, annoncent nos confr\u00e8res de<a href=\"https:\/\/www.midilibre.fr\/2026\/04\/28\/on-ne-sy-attendait-pas-aguessac-elue-meilleure-fete-de-village-de-laveyron-13347426.php\" target=\"_self\"> Midi Libre<\/a>.<\/p>\n<p><!-- Pub DFP Position [article] --><\/p>\n<p><iframe width=\"600\" height=\"450\" style=\"border:0;\" allowfullscreen=\"\" loading=\"lazy\" referrerpolicy=\"no-referrer-when-downgrade\" data-src=\"https:\/\/www.google.com\/maps\/embed?pb=!1m18!1m12!1m3!1d53013.24212892519!2d3.02565968830716!3d44.158495124265876!2m3!1f0!2f0!3f0!3m2!1i1024!2i768!4f13.1!3m3!1m2!1s0x12b24cf014875c1b%3A0x406f69c2f431870!2s12520%20Aguessac!5e1!3m2!1sfr!2sfr!4v1777469503369!5m2!1sfr!2sfr\"><\/iframe><\/p>\n<p>Et ce prix n\u2019a rien \u00e0 voir avec l\u2019entre-soi. Le jury, qui a rendu sa d\u00e9cision en mars\u00a02026, comptait\u00a0des repr\u00e9sentants de la F\u00e9d\u00e9ration nationale des comit\u00e9s et organisateurs de festivit\u00e9s (FNCOF) et d\u2019Allianz France. Ces personnes ont tenu compte de plusieurs points\u00a0: qualit\u00e9 d\u2019organisation, capacit\u00e9 de mobilisation, respect des traditions, aspect interg\u00e9n\u00e9rationnel, s\u00e9curit\u00e9. Elles ont ainsi octroy\u00e9 700\u00a0\u20ac au comit\u00e9 des f\u00eates. Au total, 102 communes fran\u00e7aises postulaient \u00e0 ce prix.<\/p>\n<p class=\"std-elt__inline\">\n        <strong>\u00c0 lire aussi :<\/strong><br \/>\n        <a href=\"\/article\/2011\/08\/15\/1146674-fete-du-village-d-aiguessac-agression-sexuelle-d-une-mineure.html\">F\u00eate du village d&#8217;Aiguessac : agression sexuelle d&#8217;une mineure<\/a>\n    <\/p>\n<p>Nouveau d\u00e9fi pour le comit\u00e9 des f\u00eates d\u2019Aguessac, d\u00e9crocher la finale r\u00e9gionale. Pour ce faire, le public doit voter en ligne pour la commune aveyronnaise jusqu\u2019\u00e0 la date limite du 13\u00a0mai 2026. Parmi ses concurrentes, figurent notamment Lacaze dans le Tarn, Saint-Germain-du-Teil en Loz\u00e8re, et Bram dans l\u2019Aude. Un prix de 2000 \u20ac est \u00e0 gagner.<\/p>\n<p class=\"std-elt__inline\">\n        <strong>\u00c0 lire aussi :<\/strong><br \/>\n        <a href=\"\/2022\/07\/30\/avec-la-tyrolienne-lacroparc-vous-fait-voler-au-dessus-du-tarn-10464253.php\">Avec la tyrolienne, l\u2019acroparc vous fait voler au-dessus du Tarn<\/a>\n    <\/p>\n<p>\u00c0 noter que la f\u00eate d\u2019Aguessac se d\u00e9roule sur trois jours. Cette ann\u00e9e, elle aura lieu du 14 au 16\u00a0ao\u00fbt 2026.<\/p>\n<footer class=\"txt-note\">Votez sur\u00a0le site &#8220;La f\u00eate continue&#8221; d\u2019Allianz France<\/footer>\n<\/p><\/div>\n<p><a href=\"https:\/\/www.ladepeche.fr\/2026\/04\/29\/reconnue-comme-la-meilleure-fete-de-village-de-laveyron-il-suffit-de-voter-pour-quelle-remporte-le-prix-regional-13349276.php\">source<\/a><\/p>\n","protected":false},"excerpt":{"rendered":"<p>l&#8217;essentiel La f\u00eate de village d\u2019Aguessac vient d\u2019\u00eatre sacr\u00e9e meilleure de l\u2019Aveyron. S\u00e9lectionn\u00e9e parmi 102 communes, elle vise d\u00e9sormais la finale r\u00e9gionale. En Aveyron, on ne manque pas de f\u00eates de village presque tout au long de l\u2019ann\u00e9e. Celles-ci rivalisent souvent en\u00a0qualit\u00e9. Pour preuve, celle d\u2019Aguessac, un bourg limitrophe de Millau, dans le sud du [&hellip;]<\/p>\n","protected":false},"author":1,"featured_media":130150,"comment_status":"open","ping_status":"open","sticky":false,"template":"","format":"standard","meta":{"_monsterinsights_skip_tracking":false,"_monsterinsights_sitenote_active":false,"_monsterinsights_sitenote_note":"","_monsterinsights_sitenote_category":0,"footnotes":""},"categories":[1],"tags":[],"coauthors":[77],"class_list":["post-130149","post","type-post","status-publish","format-standard","has-post-thumbnail","hentry","category-a-la-une"],"aioseo_notices":[],"_links":{"self":[{"href":"https:\/\/pressactu.com\/index.php?rest_route=\/wp\/v2\/posts\/130149","targetHints":{"allow":["GET"]}}],"collection":[{"href":"https:\/\/pressactu.com\/index.php?rest_route=\/wp\/v2\/posts"}],"about":[{"href":"https:\/\/pressactu.com\/index.php?rest_route=\/wp\/v2\/types\/post"}],"author":[{"embeddable":true,"href":"https:\/\/pressactu.com\/index.php?rest_route=\/wp\/v2\/users\/1"}],"replies":[{"embeddable":true,"href":"https:\/\/pressactu.com\/index.php?rest_route=%2Fwp%2Fv2%2Fcomments&post=130149"}],"version-history":[{"count":0,"href":"https:\/\/pressactu.com\/index.php?rest_route=\/wp\/v2\/posts\/130149\/revisions"}],"wp:featuredmedia":[{"embeddable":true,"href":"https:\/\/pressactu.com\/index.php?rest_route=\/wp\/v2\/media\/130150"}],"wp:attachment":[{"href":"https:\/\/pressactu.com\/index.php?rest_route=%2Fwp%2Fv2%2Fmedia&parent=130149"}],"wp:term":[{"taxonomy":"category","embeddable":true,"href":"https:\/\/pressactu.com\/index.php?rest_route=%2Fwp%2Fv2%2Fcategories&post=130149"},{"taxonomy":"post_tag","embeddable":true,"href":"https:\/\/pressactu.com\/index.php?rest_route=%2Fwp%2Fv2%2Ftags&post=130149"},{"taxonomy":"author","embeddable":true,"href":"https:\/\/pressactu.com\/index.php?rest_route=%2Fwp%2Fv2%2Fcoauthors&post=130149"}],"curies":[{"name":"wp","href":"https:\/\/api.w.org\/{rel}","templated":true}]}}