{"id":130142,"date":"2026-04-30T08:51:21","date_gmt":"2026-04-30T08:51:21","guid":{"rendered":"https:\/\/pressactu.com\/?p=130142"},"modified":"2026-04-30T08:51:21","modified_gmt":"2026-04-30T08:51:21","slug":"deux-blesses-un-suspect-arrete-ce-que-lon-sait-de-la-nouvelle-attaque-visant-la-communaute-juive-a-londres","status":"publish","type":"post","link":"https:\/\/pressactu.com\/?p=130142","title":{"rendered":"Deux bless\u00e9s, un suspect arr\u00eat\u00e9\u00a0: ce que l\u2019on sait de la nouvelle attaque visant la communaut\u00e9 juive \u00e0 Londres"},"content":{"rendered":"<div>\n<figure class=\"hook-media--standard \"> <picture class=\"hook-media_picture pb-8\"><source media=\"(max-width: 768px)\" srcset=\"https:\/\/focus.nouvelobs.com\/2026\/04\/29\/0\/0\/3456\/2304\/375\/250\/75\/0\/69b5fa1_upload-1-cni6ykmnce13-068-aa-29042026-2759067.jpg 1x,https:\/\/focus.nouvelobs.com\/2026\/04\/29\/0\/0\/3456\/2304\/750\/500\/50\/0\/69b5fa1_upload-1-cni6ykmnce13-068-aa-29042026-2759067.jpg 2x\" width=\"375\" height=\"250\"><img fetchpriority=\"high\" decoding=\"async\" class=\"mx-auto\" src=\"data:image\/svg+xml,%3Csvg%20xmlns%3D%27http%3A%2F%2Fwww.w3.org%2F2000%2Fsvg%27%20fill%3D%22%23e4e4e4%22%20viewBox%3D%270%200%20510%20340%27%20width%3D%22510%22%20height%3D%22340%22%3E%3Cpath%20d%3D%27M0%200h510v340H0z%27%2F%3E%3C%2Fsvg%3E\" srcset=\"https:\/\/focus.nouvelobs.com\/2026\/04\/29\/0\/0\/3456\/2304\/510\/340\/75\/0\/69b5fa1_upload-1-cni6ykmnce13-068-aa-29042026-2759067.jpg 1x,https:\/\/focus.nouvelobs.com\/2026\/04\/29\/0\/0\/3456\/2304\/1020\/680\/50\/0\/69b5fa1_upload-1-cni6ykmnce13-068-aa-29042026-2759067.jpg 2x\" loading=\"eager\" width=\"510\" height=\"340\" data-oncrawl-image-size=\"510x340\" alt=\"Un policier quadrille la sc\u00e8ne de l\u2019attaque au couteau contre deux hommes juifs \u00e0 Londres, le 29\u00a0avril 2026. \"\/>   <\/source><\/picture><figcaption class=\"hook-media_figcaption\">\n<p class=\"latino-100m text-grey-600\">  Un policier quadrille la sc\u00e8ne de l\u2019attaque au couteau contre deux hommes juifs \u00e0 Londres, le 29\u00a0avril 2026. \u00a0<span class=\"text-grey-600 ms-4\">RASID NECATI ASLIM \/ ANADOLU VIA AFP<\/span>  <\/p>\n<\/figcaption><\/figure>\n<div class=\"article__share d-flex align-items-center py-24 border-bottom  mb-32\" style=\"--border-color:#D9D9D9;\">\n<div class=\"d-flex flex-wrap gap-16\">                                <button data-article-key=\"20260429.OBS114566\" aria-label=\"Lire\u00a0plus\u00a0tard\" data-section=\"Monde\" data-piano=\"Page_Article,Sous_date_publi,A_lire_plus_tard,1er_clic,action\" class=\"popover-trigger btn--tertiary btn--icon-only btn btn--small btn--secondary read-later\"> <i class=\"icon  icon-read-after\" aria-hidden=\"true\"\/>  <span class=\"latino-300r mt-2 \"> Lire\u00a0plus\u00a0tard <\/span>  <\/button>        <a aria-label=\"Nous suivre sur Google News\" href=\"https:\/\/news.google.com\/publications\/CAAqBwgKMJe4nQkw3dFs?hl=fr&amp;gl=FR&amp;ceid=FR%3Afr\" target=\"_blank\" data-piano=\"Page_Article,Sous_date_publi,Nous_suivre_sur_google_news,1er_clic,action\" class=\"btn btn--small btn--tertiary btn--icon-only\">    <svg class=\"icon icon--google  \" style=\"--fill:#56668A\">   <use href=\"\/bucket\/resources\/web\/img\/e86dad2a9be111d0faac.svg#google\"\/>  <\/svg>   <span class=\"latino-300r mt-2 \">Google Actualit\u00e9s<\/span>  <\/a>     <button id=\"share\" aria-label=\"Partager\" class=\"popover-trigger btn btn--small btn--tertiary btn--icon-only\" data-piano=\"Page_Article,Sous_date_publi,Partager,1er_clic,action\">    <svg class=\"icon icon--share-alt  \" style=\"--fill:var(--base-foreground-color,#171717)\">   <use href=\"\/bucket\/resources\/web\/img\/e86dad2a9be111d0faac.svg#share-alt\"\/>  <\/svg>  <span class=\"latino-300r mt-2\">Partager<\/span> <\/button> <\/p>\n<div id=\"popover-share\" data-url=\"https:\/\/www.nouvelobs.com\/monde\/20260429.OBS114566\/deux-blesses-un-suspect-arrete-ce-que-l-on-sait-de-la-nouvelle-attaque-visant-la-communaute-juive-a-londres.html\" data-id=\"20260429.OBS114566\" data-popover-for=\"share\" class=\"popover p-32\" role=\"tooltip\" style=\"width: 375px\">\n<p>  <button onclick=\"setToFacebook();\" class=\"btn btn--large btn--secondary\" aria-label=\"Facebook\" piano-context-origin=\"Page_Article,Sous_date_publi,Partager,Facebook,action\">    <svg class=\"icon icon--facebook  \" style=\"--fill:var(--base-foreground-color,#171717)\">   <use href=\"\/bucket\/resources\/web\/img\/e86dad2a9be111d0faac.svg#facebook\"\/>  <\/svg>  <span class=\"latino-300r\">Facebook<\/span> <\/button> <button onclick=\"setToBsky();\" class=\"btn btn--large btn--secondary\" aria-label=\"Bluesky\" piano-context-origin=\"Page_Article,Sous_date_publi,Partager,Bluesky,action\">    <svg class=\"icon icon--bluesky  \" style=\"--fill:var(--base-foreground-color,#171717)\">   <use href=\"\/bucket\/resources\/web\/img\/e86dad2a9be111d0faac.svg#bluesky\"\/>  <\/svg>  <span class=\"latino-300r\">Bluesky<\/span> <\/button> <button id=\"mail-button\" onclick=\"setToMail(true)\" class=\"btn btn--large btn--secondary\" aria-label=\"Mail\" piano-context-origin=\"Page_Article,Sous_date_publi,Partager,Email,action\">    <svg class=\"icon icon--mail  \" style=\"--fill:var(--base-foreground-color,#171717)\">   <use href=\"\/bucket\/resources\/web\/img\/e86dad2a9be111d0faac.svg#mail\"\/>  <\/svg>  <span class=\"latino-300r\">E-mail<\/span> <\/button> <button onclick=\"setToClipboard();\" class=\"copy-button btn btn--large btn--secondary\" aria-label=\"copier le lien\" piano-context-origin=\"Page_Article,Sous_date_publi,Partager,Copier_lien,action\">    <svg class=\"icon icon--link  \" style=\"--fill:var(--base-foreground-color,#171717)\">   <use href=\"\/bucket\/resources\/web\/img\/e86dad2a9be111d0faac.svg#link\"\/>  <\/svg>  <span class=\"latino-300r\">Copier le lien<\/span> <\/button>  <\/p>\n<p> <button id=\"share-mail-submit\" type=\"submit\" form=\"mail-form\" onclick=\"__forecast.collectShareMail()\" class=\"latino-300r btn btn--large btn--black btn--fit\"> Envoyer <\/button> <\/p>\n<\/p><\/div>\n<p>                    <span data-urlencode=\"L2Fib25uZW1lbnQtYXZyaWwtMjAyNg==\" data-piano=\"Page_Article,Sous_date_publi,S_abonner_Printemps2026,1er_clic,action\" data-batch=\"clic_s_abonner\" class=\"btn btn--small btn--conversion-secondary\" style=\"--btn-color:#FFF;--btn-color-hover:#FFF;--btn-bg:#FC5F2B;--btn-bg-hover:#FC5F2B;--btn-bg-focus:#FC5F2B;--btn-border-color:#522DF7;\"> S\u2019abonner <\/span>       <\/div>\n<\/p><\/div>\n<p class=\"node__paragraphe antonia-750r text-grey-800 pb-24 pb-md-32\"> Deux hommes juifs ont \u00e9t\u00e9 bless\u00e9s et un suspect arr\u00eat\u00e9 ce mercredi 29\u00a0avril apr\u00e8s une attaque au couteau dans le nord de Londres, consid\u00e9r\u00e9e comme <em>\u00ab\u00a0terroriste\u00a0\u00bb<\/em> par la police et qui survient apr\u00e8s une s\u00e9rie d\u2019incidents \u00e0 caract\u00e8re antis\u00e9mite dans ce secteur ces derni\u00e8res semaines. <\/p>\n<h2 class=\"node__heading latino-800m latino-lg-1400e text-grey-800 pb-8 pb-md-16\"> \u2022 Une attaque au couteau dans le quartier de Golders Green <\/h2>\n<p class=\"node__paragraphe antonia-750r text-grey-800 pb-24 pb-md-32\"> Ce mercredi un homme arm\u00e9 d\u2019un couteau a poignard\u00e9 deux hommes dans le quartier de Golders Green, situ\u00e9 au nord de Londres, o\u00f9 vit une importante communaut\u00e9 juive. Des images de vid\u00e9osurveillance partag\u00e9es sur les r\u00e9seaux sociaux montrent un homme se jeter sur un habitant attendant \u00e0 un arr\u00eat de bus, et s\u2019en prendre violemment \u00e0 lui quelques instants apr\u00e8s que celui-ci a mis une kippa sur sa t\u00eate. <\/p>\n<p class=\"node__paragraphe antonia-750r text-grey-800 pb-24 pb-md-32\"> Le suspect a \u00e9t\u00e9 ma\u00eetris\u00e9 sur place par des membres du groupe de surveillance de voisinage Shomrim North West London, avant que des policiers ne le neutralisent avec un taser et proc\u00e8dent \u00e0 son arrestation, a rapport\u00e9 ce groupe. Pendant cette interpellation, le suspect a tent\u00e9 en vain de poignarder des policiers. <\/p>\n<p class=\"node__paragraphe antonia-750r text-grey-800 pb-24 pb-md-32\"> <em>\u00ab\u00a0Cet \u00e9v\u00e8nement a d\u00e9sormais \u00e9t\u00e9 formellement d\u00e9clar\u00e9 comme un acte terroriste\u00a0\u00bb<\/em>, a indiqu\u00e9 Laurence Taylor, chef de l\u2019unit\u00e9 antiterroriste au sein de la police londonienne, lors d\u2019une br\u00e8ve allocution \u00e0 la presse. <\/p>\n<h2 class=\"node__heading latino-800m latino-lg-1400e text-grey-800 pb-8 pb-md-16\"> \u2022 Deux victimes \u00e2g\u00e9es de 76\u00a0et 34\u00a0ans <\/h2>\n<p class=\"node__paragraphe antonia-750r text-grey-800 pb-24 pb-md-32\"> Les deux hommes poignard\u00e9s sont \u00e2g\u00e9s de 76 et 34\u00a0ans. Ils ont re\u00e7u des soins sur place avant d\u2019\u00eatre transport\u00e9s \u00e0 l\u2019h\u00f4pital. Ils sont dans un <em>\u00ab\u00a0\u00e9tat stable\u00a0\u00bb<\/em>, a indiqu\u00e9 la police. <\/p>\n<h2 class=\"node__heading latino-800m latino-lg-1400e text-grey-800 pb-8 pb-md-16\"> \u2022 Le suspect arr\u00eat\u00e9 et plac\u00e9 en garde \u00e0 vue <\/h2>\n<p class=\"node__paragraphe antonia-750r text-grey-800 pb-24 pb-md-32\"> Le suspect, un homme de 45\u00a0ans, a \u00e9t\u00e9 <em>\u00ab\u00a0arr\u00eat\u00e9 pour tentative de meurtre et plac\u00e9 en garde \u00e0 vue. Nous travaillons \u00e0 \u00e9tablir sa nationalit\u00e9 et ses ant\u00e9c\u00e9dents\u00a0\u00bb<\/em>, ont indiqu\u00e9 les forces de l\u2019ordre. <\/p>\n<p class=\"node__paragraphe antonia-750r text-grey-800 pb-24 pb-md-32\"> Plus tard dans la journ\u00e9e, le chef de la police de Londres Mark Rowley a indiqu\u00e9 que le suspect de l\u2019attaque a <em>\u00ab\u00a0des ant\u00e9c\u00e9dents de violence grave et de probl\u00e8mes psychologiques\u00a0\u00bb<\/em>. Le responsable de la police, qui s\u2019exprimait lors d\u2019un point presse pr\u00e8s du lieu de l\u2019agression, a \u00e9t\u00e9 conspu\u00e9 par plusieurs personnes pr\u00e9sentes pendant son intervention. <\/p>\n<h2 class=\"node__heading latino-800m latino-lg-1400e text-grey-800 pb-8 pb-md-16\"> \u2022 Recrudescences d\u2019actes antis\u00e9mites dans le quartier <\/h2>\n<p class=\"node__paragraphe antonia-750r text-grey-800 pb-24 pb-md-32\"> Sur place, quelques habitants se tenaient \u00e0 proximit\u00e9 des voitures et des cordons de police, une femme portant une pancarte blanche \u00ab\u00a0Stop aux attaques contre les juifs\u00a0\u00bb. <em>\u00ab\u00a0C\u2019est de l\u2019antis\u00e9mitisme pur, et l\u2019antis\u00e9mitisme tue. Nous avons besoin que le gouvernement renforce ses actions\u00a0\u00bb<\/em>, a d\u00e9clar\u00e9 \u00e0 l\u2019Agence France presse (AFP) Gideon Levy, 65\u00a0ans. <\/p>\n<p class=\"node__paragraphe antonia-750r text-grey-800 pb-24 pb-md-32\"> Plusieurs incendies et tentatives d\u2019incendies criminels ont vis\u00e9 ces derni\u00e8res semaines des lieux li\u00e9s \u00e0 la communaut\u00e9 juive dans le nord-ouest de Londres, sans faire de bless\u00e9s. La premi\u00e8re de ces attaques \u00e0 caract\u00e8re antis\u00e9mite a eu lieu fin mars contre des ambulances de Hatzola, suivie d\u2019autres visant une synagogue dans le quartier de Harrow, ou encore le local d\u2019une organisation caritative juive. <\/p>\n<p class=\"node__paragraphe antonia-750r text-grey-800 pb-24 pb-md-32\"> Ces \u00e9v\u00e9nements ont accru l\u2019inqui\u00e9tude de la communaut\u00e9 juive, d\u00e9j\u00e0 traumatis\u00e9e par <a href=\"https:\/\/www.nouvelobs.com\/idees\/20251003.OBS108353\/apres-le-meurtre-a-la-synagogue-a-manchester-le-sentiment-d-inevitabilite-des-crimes-antisemites.html\">l\u2019attaque contre une synagogue de Manchester<\/a> le 2\u00a0octobre 2025. Deux fid\u00e8les avaient \u00e9t\u00e9 tu\u00e9s et trois autres gri\u00e8vement bless\u00e9s. <\/p>\n<p class=\"node__paragraphe antonia-750r text-grey-800 pb-24 pb-md-32\"> La police a renforc\u00e9 ses patrouilles dans le secteur, o\u00f9 la pr\u00e9sence polici\u00e8re \u00e9tait d\u00e9j\u00e0 accrue ces derni\u00e8res semaines, a indiqu\u00e9 le maire de Londres Sadiq Khan. Au total, 26 personnes ont \u00e9t\u00e9 arr\u00eat\u00e9es dans les enqu\u00eates sur les incendies et tentatives d\u2019incendie criminel survenus \u00e0 Londres apr\u00e8s le d\u00e9but de <a href=\"https:\/\/www.nouvelobs.com\/edito\/20260304.OBS112896\/guerre-en-iran-le-plus-terrifiant-est-que-trump-semble-ne-pas-savoir-ce-qu-il-veut-faire.html\">l\u2019offensive isra\u00e9lo-am\u00e9ricaine contre l\u2019Iran<\/a> le 28\u00a0f\u00e9vrier. Ces actes n\u2019ont pas \u00e9t\u00e9 d\u00e9clar\u00e9s <em>\u00ab\u00a0terroristes\u00a0\u00bb<\/em> m\u00eame si les enqu\u00eates ont \u00e9t\u00e9 confi\u00e9es \u00e0 l\u2019unit\u00e9 antiterroriste de la police. Les motivations des suspects n\u2019ont pas encore \u00e9t\u00e9 clairement \u00e9tablies mais la police enqu\u00eate sur la revendication d\u2019un groupe baptis\u00e9 Harakat al-Yamin al-Islamiyya (Hayi), qui serait pro-Iran. <\/p>\n<h2 class=\"node__heading latino-800m latino-lg-1400e text-grey-800 pb-8 pb-md-16\"> \u2022 Keir Starmer fait part de son \u00ab\u00a0inqui\u00e9tude\u00a0\u00bb <\/h2>\n<p class=\"node__paragraphe antonia-750r text-grey-800 pb-24 pb-md-32\"> Le Premier ministre britannique Keir Starmer a fait part de son <em>\u00ab\u00a0inqui\u00e9tude\u00a0\u00bb<\/em> apr\u00e8s cette attaque au couteau. <em>\u00ab\u00a0Cela inqui\u00e8te profond\u00e9ment tous les membres de cette assembl\u00e9e\u00a0\u00bb<\/em>, a d\u00e9clar\u00e9 Keir Starmer au Parlement. <em>\u00ab\u00a0Une enqu\u00eate polici\u00e8re est en cours\u00a0\u00bb<\/em>, a-t-il poursuivi. <\/p>\n<p class=\"node__paragraphe antonia-750r text-grey-800 pb-24 pb-md-32\"> <em>\u00ab\u00a0Nous devons tous <\/em>[\u2026]<em> affirmer clairement notre d\u00e9termination \u00e0 lutter contre ce type d\u2019attaques, dont nous avons vu trop d\u2019exemples ces derniers temps\u00a0\u00bb<\/em>, a ajout\u00e9 le dirigeant travailliste. <\/p>\n<h2 class=\"node__heading latino-800m latino-lg-1400e text-grey-800 pb-8 pb-md-16\"> \u2022 Charles III \u00ab\u00a0profond\u00e9ment pr\u00e9occup\u00e9\u00a0\u00bb <\/h2>\n<p class=\"node__paragraphe antonia-750r text-grey-800 pb-24 pb-md-32\"> Le roi Charles III, <a href=\"https:\/\/www.nouvelobs.com\/monde\/20260429.OBS114549\/visite-de-charles-iii-aux-etats-unis-des-tacles-contre-donald-trump-et-un-appel-a-ne-pas-se-replier-sur-soir.html\">en visite d\u2019Etat aux Etats-Unis<\/a>, s\u2019est dit <em>\u00ab\u00a0profond\u00e9ment pr\u00e9occup\u00e9\u00a0\u00bb<\/em> par l\u2019attaque. <em>\u00ab\u00a0Sa Majest\u00e9 est tenue pleinement inform\u00e9e et elle est profond\u00e9ment pr\u00e9occup\u00e9e, en particulier en ce qui concerne l\u2019impact sur la communaut\u00e9 juive\u00a0\u00bb<\/em>, a d\u00e9clar\u00e9 le palais. <em>\u00ab\u00a0Ses pens\u00e9es et ses pri\u00e8res vont aux deux personnes qui ont \u00e9t\u00e9 bless\u00e9es et elle exprime sa sinc\u00e8re gratitude \u00e0 ceux qui se sont pr\u00e9cipit\u00e9s pour leur porter secours\u00a0\u00bb<\/em>, a ajout\u00e9 Buckingham. <\/p>\n<h2 class=\"node__heading latino-800m latino-lg-1400e text-grey-800 pb-8 pb-md-16\"> \u2022 Isra\u00ebl exhorte les travaillistes \u00e0 prendre des \u00ab\u00a0mesures d\u00e9cisives\u00a0\u00bb <\/h2>\n<p class=\"node__paragraphe antonia-750r text-grey-800 pb-24 pb-md-32\"> <em>\u00ab\u00a0Le gouvernement britannique ne peut plus pr\u00e9tendre que la situation est sous contr\u00f4le\u00a0\u00bb<\/em>, a accus\u00e9 mercredi le minist\u00e8re isra\u00e9lien des Affaires \u00e9trang\u00e8res sur X, exhortant le Royaume-Uni \u00e0 prendre des <em>\u00ab\u00a0mesures d\u00e9cisives\u00a0\u00bb<\/em> et <em>\u00ab\u00a0en urgence\u00a0\u00bb<\/em>. <\/p>\n<p class=\"node__paragraphe antonia-750r text-grey-800 pb-24 pb-md-32\"> <em>\u00ab\u00a0Les mots de condamnation ne suffisent plus\u00a0\u00bb<\/em>, a r\u00e9agi le grand rabbin Ephraim Mirvis, appelant <em>\u00ab\u00a0chaque institution, communaut\u00e9, dirigeant et personne de ce pays \u00e0 prendre des mesures concr\u00e8tes\u00a0\u00bb<\/em>. <\/p>\n<div class=\"article__author pb-32\">\n<p class=\"authors latino-600m text-grey-800\">        <span>Par\u00a0<\/span> Service Actu\u00a0(avec AFP)<\/p>\n<\/p><\/div>\n<\/p><\/div>\n<p><a href=\"https:\/\/www.nouvelobs.com\/monde\/20260429.OBS114566\/deux-blesses-un-suspect-arrete-ce-que-l-on-sait-de-la-nouvelle-attaque-visant-la-communaute-juive-a-londres.html\">source<\/a><\/p>\n","protected":false},"excerpt":{"rendered":"<p>Un policier quadrille la sc\u00e8ne de l\u2019attaque au couteau contre deux hommes juifs \u00e0 Londres, le 29\u00a0avril 2026. \u00a0RASID NECATI ASLIM \/ ANADOLU VIA AFP Lire\u00a0plus\u00a0tard Google Actualit\u00e9s Partager Facebook Bluesky E-mail Copier le lien Envoyer S\u2019abonner Deux hommes juifs ont \u00e9t\u00e9 bless\u00e9s et un suspect arr\u00eat\u00e9 ce mercredi 29\u00a0avril apr\u00e8s une attaque au couteau [&hellip;]<\/p>\n","protected":false},"author":1,"featured_media":130143,"comment_status":"open","ping_status":"open","sticky":false,"template":"","format":"standard","meta":{"_monsterinsights_skip_tracking":false,"_monsterinsights_sitenote_active":false,"_monsterinsights_sitenote_note":"","_monsterinsights_sitenote_category":0,"footnotes":""},"categories":[75],"tags":[],"coauthors":[77],"class_list":["post-130142","post","type-post","status-publish","format-standard","has-post-thumbnail","hentry","category-monde"],"aioseo_notices":[],"_links":{"self":[{"href":"https:\/\/pressactu.com\/index.php?rest_route=\/wp\/v2\/posts\/130142","targetHints":{"allow":["GET"]}}],"collection":[{"href":"https:\/\/pressactu.com\/index.php?rest_route=\/wp\/v2\/posts"}],"about":[{"href":"https:\/\/pressactu.com\/index.php?rest_route=\/wp\/v2\/types\/post"}],"author":[{"embeddable":true,"href":"https:\/\/pressactu.com\/index.php?rest_route=\/wp\/v2\/users\/1"}],"replies":[{"embeddable":true,"href":"https:\/\/pressactu.com\/index.php?rest_route=%2Fwp%2Fv2%2Fcomments&post=130142"}],"version-history":[{"count":0,"href":"https:\/\/pressactu.com\/index.php?rest_route=\/wp\/v2\/posts\/130142\/revisions"}],"wp:featuredmedia":[{"embeddable":true,"href":"https:\/\/pressactu.com\/index.php?rest_route=\/wp\/v2\/media\/130143"}],"wp:attachment":[{"href":"https:\/\/pressactu.com\/index.php?rest_route=%2Fwp%2Fv2%2Fmedia&parent=130142"}],"wp:term":[{"taxonomy":"category","embeddable":true,"href":"https:\/\/pressactu.com\/index.php?rest_route=%2Fwp%2Fv2%2Fcategories&post=130142"},{"taxonomy":"post_tag","embeddable":true,"href":"https:\/\/pressactu.com\/index.php?rest_route=%2Fwp%2Fv2%2Ftags&post=130142"},{"taxonomy":"author","embeddable":true,"href":"https:\/\/pressactu.com\/index.php?rest_route=%2Fwp%2Fv2%2Fcoauthors&post=130142"}],"curies":[{"name":"wp","href":"https:\/\/api.w.org\/{rel}","templated":true}]}}