{"id":130138,"date":"2026-04-30T07:12:07","date_gmt":"2026-04-30T07:12:07","guid":{"rendered":"https:\/\/pressactu.com\/?p=130138"},"modified":"2026-04-30T07:12:07","modified_gmt":"2026-04-30T07:12:07","slug":"rose-festival-2026-les-phenomenes-marguerite-et-timar-completent-laffiche-de-la-cinquieme-edition","status":"publish","type":"post","link":"https:\/\/pressactu.com\/?p=130138","title":{"rendered":"Rose Festival 2026 : les ph\u00e9nom\u00e8nes Marguerite et Timar compl\u00e8tent l\u2019affiche de la cinqui\u00e8me \u00e9dition"},"content":{"rendered":"<p>\n                                                                    <span class=\"article-full__chapo-label hide-on-small-only\">l&#8217;essentiel<\/span><br \/>\n                                                                Le Rose Festival enrichit sa programmation avec Marguerite et Timar. La chanteuse pop et le rappeur r\u00e9compens\u00e9 rejoignent une affiche d\u00e9j\u00e0 prestigieuse, promettant une \u00e9dition 2026 haute en diversit\u00e9 musicale.\n                            <\/p>\n<div rel=\"js-article-content\">\n                                                                                                                            <!-- Pub DFP Position [outstream] --><\/p>\n<p>Le <a href=\"https:\/\/rosefestival.fr\/\" target=\"_self\">Rose Festival<\/a> continue de d\u00e9voiler ses cartes. Comme hier, deux noms se sont ajout\u00e9s au line-up ce mercredi. \u00c0 commencer par celui de la chanteuse <a href=\"https:\/\/www.instagram.com\/margueritecommelafleur_\/\" target=\"_self\">Marguerite<\/a>, dont la venue a \u00e9t\u00e9 d\u00e9voil\u00e9e \u00e0 la mi-journ\u00e9e. Lors de la pr\u00e9c\u00e9dente \u00e9dition en 2025, elle avait fait une apparition pendant le concert de <a href=\"https:\/\/www.instagram.com\/bigfloetoli\/\" target=\"_self\">Bigflo et Oli<\/a>, au cours duquel plusieurs invit\u00e9s surprises les avaient rejoints.\u00a0<\/p>\n<p><!-- Pub DFP Position [article] --><\/p>\n<p>R\u00e9v\u00e9l\u00e9e par la saison 12 de la <a href=\"https:\/\/www.tf1.fr\/tf1\/star-academy\/videos\" target=\"_self\">Star Academy<\/a>, l&#8217;artiste parisienne de 25 ans a rapidement pris son envol, notamment gr\u00e2ce au titre <a href=\"https:\/\/www.youtube.com\/watch?v=Ag3E7mJeRYI\" target=\"_self\">&#8220;Les filles, les meufs&#8221;<\/a>. Devenu embl\u00e9matique, il cumule plus de 37 millions d&#8217;\u00e9coutes sur Spotify et est certifi\u00e9 disque d&#8217;or.\u00a0<\/p>\n<blockquote data-instgrm-captioned=\"\" data-instgrm-permalink=\"https:\/\/www.instagram.com\/p\/DXtlfM-iIPS\/?utm_source=ig_embed&amp;utm_campaign=loading\" data-instgrm-version=\"14\" style=\" background:#FFF; border:0; border-radius:3px; box-shadow:0 0 1px 0 rgba(0,0,0,0.5),0 1px 10px 0 rgba(0,0,0,0.15); margin: 1px; max-width:540px; min-width:326px; padding:0; width:99.375%; width:-webkit-calc(100% - 2px); width:calc(100% - 2px);\" data-class=\"instagram-media\"\/>\n<p>Si son premier album\u00a0se fait encore attendre, son EP <a href=\"https:\/\/www.youtube.com\/watch?v=L7vOLHx7Z6A\" target=\"_self\">&#8220;Grandir&#8221;<\/a> s&#8217;est d\u00e9j\u00e0 largement fait remarquer, dans une pop assum\u00e9e, m\u00ealant vuln\u00e9rabilit\u00e9, humour et \u00e9motions.\u00a0<\/p>\n<blockquote data-instgrm-captioned=\"\" data-instgrm-permalink=\"https:\/\/www.instagram.com\/p\/DXuZEM3iOw9\/?utm_source=ig_embed&amp;utm_campaign=loading\" data-instgrm-version=\"14\" style=\" background:#FFF; border:0; border-radius:3px; box-shadow:0 0 1px 0 rgba(0,0,0,0.5),0 1px 10px 0 rgba(0,0,0,0.15); margin: 1px; max-width:540px; min-width:326px; padding:0; width:99.375%; width:-webkit-calc(100% - 2px); width:calc(100% - 2px);\" data-class=\"instagram-media\"\/>\n<p>Puis en soir\u00e9e ce 29 avril, c&#8217;est le visage de <a href=\"https:\/\/www.instagram.com\/timarfrench_\/\" target=\"_self\">Timar<\/a> qui est venu \u00e9toffer l&#8217;affiche. Jeune artiste de 22 ans, il s&#8217;est impos\u00e9 comme l&#8217;un des nouveaux talents du rap \u00e0 suivre. La semaine derni\u00e8re, il a d&#8217;ailleurs remport\u00e9 la <a href=\"https:\/\/lesflammesawards.com\/\" target=\"_self\">Flamme<\/a> du morceau performance rap avec son titre <a href=\"https:\/\/www.youtube.com\/watch?v=zqevVD7fTzg\" target=\"_self\">&#8220;Sierra Leone&#8221;<\/a>.<\/p>\n<p>Originaire du Congo, il a grandi \u00e0 Cr\u00e9teil, fr\u00e9quent\u00e9\u00a0un temps les bancs de la facult\u00e9 de droit puis d&#8217;une \u00e9cole de th\u00e9\u00e2tre, avant de se consacrer \u00e0 plein temps \u00e0 la musique. Son premier opus, intitul\u00e9 <a href=\"https:\/\/www.youtube.com\/watch?v=5GdsPIBx_MY&amp;list=PLeCKLfgVbNC2NooeprxKPpm-ZduEDFDzJ\" target=\"_self\">&#8220;Requiem&#8221;<\/a>, a vu le jour en d\u00e9cembre, puis sa r\u00e9\u00e9dition, &#8220;Mieux qu\u2019hier&#8221;, d\u00e9but avril.<\/p>\n<p>Un projet fort, port\u00e9 par sa voix si particuli\u00e8re et par une \u00e9criture introspective. Solaire dans la vie, Timar utilise la musique comme exutoire, lui permettant d&#8217;aborder des sujets plus sombres et sensibles. Selon lui, la m\u00e9lancolie repr\u00e9sente &#8220;l&#8217;un des plus beaux sentiments&#8221;.\u00a0<\/p>\n<p>Ces deux talents rejoignent donc <a href=\"https:\/\/www.ladepeche.fr\/2026\/04\/28\/rose-festival-2026-le-dj-et-chanteur-mosimann-rejoint-la-programmation-de-la-cinquieme-edition-13347047.php\" target=\"_self\">Mosimann<\/a> et <a href=\"https:\/\/www.ladepeche.fr\/2026\/04\/28\/rose-festival-2026-la-programmation-rap-sagrandit-avec-la-venue-du-trio-l2b-sacre-revelation-masculine-aux-flammes-13347396.php\" target=\"_self\">L2B<\/a> annonc\u00e9s ce mardi, ou encore Aya Nakamura, DJ Snake et Charlotte Cardin, et performeront au <a href=\"https:\/\/meett.fr\/\" target=\"_self\">MEETT<\/a> \u00e0 la fin du mois d&#8217;ao\u00fbt.<\/p>\n<\/p><\/div>\n<p><a href=\"https:\/\/www.ladepeche.fr\/2026\/04\/29\/rose-festival-2026-les-phenomenes-marguerite-et-timar-completent-laffiche-de-la-cinquieme-edition-13348610.php\">source<\/a><\/p>\n","protected":false},"excerpt":{"rendered":"<p>l&#8217;essentiel Le Rose Festival enrichit sa programmation avec Marguerite et Timar. La chanteuse pop et le rappeur r\u00e9compens\u00e9 rejoignent une affiche d\u00e9j\u00e0 prestigieuse, promettant une \u00e9dition 2026 haute en diversit\u00e9 musicale. Le Rose Festival continue de d\u00e9voiler ses cartes. Comme hier, deux noms se sont ajout\u00e9s au line-up ce mercredi. \u00c0 commencer par celui de [&hellip;]<\/p>\n","protected":false},"author":1,"featured_media":130139,"comment_status":"open","ping_status":"open","sticky":false,"template":"","format":"standard","meta":{"_monsterinsights_skip_tracking":false,"_monsterinsights_sitenote_active":false,"_monsterinsights_sitenote_note":"","_monsterinsights_sitenote_category":0,"footnotes":""},"categories":[1],"tags":[],"coauthors":[77],"class_list":["post-130138","post","type-post","status-publish","format-standard","has-post-thumbnail","hentry","category-a-la-une"],"aioseo_notices":[],"_links":{"self":[{"href":"https:\/\/pressactu.com\/index.php?rest_route=\/wp\/v2\/posts\/130138","targetHints":{"allow":["GET"]}}],"collection":[{"href":"https:\/\/pressactu.com\/index.php?rest_route=\/wp\/v2\/posts"}],"about":[{"href":"https:\/\/pressactu.com\/index.php?rest_route=\/wp\/v2\/types\/post"}],"author":[{"embeddable":true,"href":"https:\/\/pressactu.com\/index.php?rest_route=\/wp\/v2\/users\/1"}],"replies":[{"embeddable":true,"href":"https:\/\/pressactu.com\/index.php?rest_route=%2Fwp%2Fv2%2Fcomments&post=130138"}],"version-history":[{"count":0,"href":"https:\/\/pressactu.com\/index.php?rest_route=\/wp\/v2\/posts\/130138\/revisions"}],"wp:featuredmedia":[{"embeddable":true,"href":"https:\/\/pressactu.com\/index.php?rest_route=\/wp\/v2\/media\/130139"}],"wp:attachment":[{"href":"https:\/\/pressactu.com\/index.php?rest_route=%2Fwp%2Fv2%2Fmedia&parent=130138"}],"wp:term":[{"taxonomy":"category","embeddable":true,"href":"https:\/\/pressactu.com\/index.php?rest_route=%2Fwp%2Fv2%2Fcategories&post=130138"},{"taxonomy":"post_tag","embeddable":true,"href":"https:\/\/pressactu.com\/index.php?rest_route=%2Fwp%2Fv2%2Ftags&post=130138"},{"taxonomy":"author","embeddable":true,"href":"https:\/\/pressactu.com\/index.php?rest_route=%2Fwp%2Fv2%2Fcoauthors&post=130138"}],"curies":[{"name":"wp","href":"https:\/\/api.w.org\/{rel}","templated":true}]}}