{"id":130122,"date":"2026-04-30T05:32:01","date_gmt":"2026-04-30T05:32:01","guid":{"rendered":"https:\/\/pressactu.com\/?p=130122"},"modified":"2026-04-30T05:32:01","modified_gmt":"2026-04-30T05:32:01","slug":"gianni-infantino-sous-pression-laffaire-de-son-escorte-au-canada-relance-les-critiques-contre-un-president-de-la-fifa-de-plus-en-plus-conteste","status":"publish","type":"post","link":"https:\/\/pressactu.com\/?p=130122","title":{"rendered":"Gianni Infantino sous pression\u00a0: l\u2019affaire de son escorte au Canada relance les critiques contre un pr\u00e9sident de la FIFA de plus en plus contest\u00e9"},"content":{"rendered":"<p>\n                                                                    <span class=\"article-full__chapo-label hide-on-small-only\">l&#8217;essentiel<\/span><br \/>\n                                                                \u00c0 Vancouver, la demande d\u2019une escorte de s\u00e9curit\u00e9 renforc\u00e9e pour Gianni Infantino a \u00e9t\u00e9 refus\u00e9e par la police locale, relan\u00e7ant les critiques contre un pr\u00e9sident de la Fifa accus\u00e9 d\u2019incarner un pouvoir toujours plus distant du football populaire\n                            <\/p>\n<div rel=\"js-article-content\">\n                                                                                                                            <!-- Pub DFP Position [outstream] --><\/p>\n<p>Gianni Infantino n\u2019avait sans doute pas besoin d\u2019une \u00e9ni\u00e8me pol\u00e9mique. Pourtant, \u00e0 l\u2019heure o\u00f9 la Fifa tient son 76e congr\u00e8s \u00e0 Vancouver, au Canada, son pr\u00e9sident se retrouve sous le feu des critiques. D\u2019apr\u00e8s le <a href=\"https:\/\/www.nytimes.com\/athletic\/7238069\/2026\/04\/28\/gianni-infantino-fifa-congress-vancouver-police\/\" target=\"_blank\">New York Times<\/a>, l\u2019entourage du dirigeant italien a sollicit\u00e9 une escorte compl\u00e8te afin de lui permettre de se d\u00e9placer sans interruption dans la ville, y compris en traversant les feux de circulation. Une demande refus\u00e9e par la police de Vancouver.<\/p>\n<p><!-- Pub DFP Position [article] --><\/p>\n<p class=\"std-elt__inline\">\n        <strong>\u00c0 lire aussi :<\/strong><br \/>\n        <a href=\"\/2026\/04\/27\/gianni-infantino-face-a-ses-responsabilites-la-norvege-soutient-une-plainte-contre-la-fifa-et-reclame-la-suspension-du-prix-pour-la-paix-remis-a-13346157.php\">Gianni Infantino face \u00e0 ses responsabilit\u00e9s\u00a0: la Norv\u00e8ge soutient une plainte contre la FIFA et r\u00e9clame la suspension du prix pour la paix remis \u00e0 Donald Trump<\/a>\n    <\/p>\n<p>Le dispositif r\u00e9clam\u00e9 correspondait \u00e0 une escorte comparable \u00e0 celle dont peut b\u00e9n\u00e9ficier Donald Trump. De quoi nourrir l\u2019image d\u2019un patron de la Fifa soucieux d\u2019un traitement quasi pr\u00e9sidentiel.<\/p>\n<h2 class=\"txt-int\">Infantino, une personnalit\u00e9 de plus en plus d\u00e9cri\u00e9e<\/h2>\n<p>La Fifa l\u2019assure, Infantino n\u2019\u00e9tait pas directement impliqu\u00e9 dans cette demande. \u00c0 moins de deux mois de <a href=\"https:\/\/www.ladepeche.fr\/2026\/04\/29\/coupe-du-monde-2026-un-carton-rouge-inedit-quelles-sont-ces-trois-nouvelles-regles-darbitrage-qui-devraient-faire-leur-apparition-au-mondial-13348653.php\" target=\"_blank\">la Coupe du monde<\/a> organis\u00e9e aux \u00c9tats-Unis, au Canada et au Mexique, l\u2019\u00e9pisode renforce le malaise autour d\u2019une institution souvent critiqu\u00e9e pour ses choix et sa gouvernance.<\/p>\n<p class=\"std-elt__inline\">\n        <strong>\u00c0 lire aussi :<\/strong><br \/>\n        <a href=\"\/2026\/04\/26\/il-avait-promis-doffrir-une-biere-a-tout-le-stade-apres-sa-qualification-pour-la-coupe-du-monde-lattaquant-ermedin-demirovic-tient-sa-parole-et-13344692.php\">Il avait promis &#8220;d\u2019offrir une bi\u00e8re \u00e0 tout le stade&#8221; apr\u00e8s sa qualification pour la coupe du monde\u00a0: l\u2019attaquant Ermedin Demirovic tient sa parole et annonce faire un don \u00e0 son club<\/a>\n    <\/p>\n<p>Depuis son arriv\u00e9e \u00e0 la t\u00eate de la Fifa en 2016, Gianni Infantino a b\u00e2ti son pouvoir sur une promesse de <a href=\"https:\/\/www.ladepeche.fr\/2026\/01\/26\/un-seul-conseil-fuyez-les-etats-unis-le-message-cinglant-de-lancien-president-de-la-fifa-aux-supporters-de-la-coupe-du-monde-2026-13188416.php\" target=\"_blank\">rupture avec l\u2019\u00e8re Blatter<\/a>. Dix ans apr\u00e8s, la rupture ne semble pas avoir exist\u00e9 et il appara\u00eet lui aussi comme une personnalit\u00e9 clivante, notamment avec son choix personnel de nommer le pr\u00e9sident am\u00e9ricain <a href=\"https:\/\/www.ladepeche.fr\/2026\/01\/29\/un-spectacle-incomprehensible-donald-trump-recoit-le-prix-fifa-pour-la-paix-lancien-patron-de-la-fifa-sinsurge-13196128.php\" target=\"_blank\">Donald Trump prix Fifa pour la paix<\/a>. Un choix qui semble encore plus ridicule a posteriori avec la guerre en Iran d\u00e9clench\u00e9e par Trump.<\/p>\n<p class=\"std-elt__inline\">\n        <strong>\u00c0 lire aussi :<\/strong><br \/>\n        <a href=\"\/2026\/04\/14\/match-de-la-honte-le-president-de-la-fifa-gianni-infantino-revient-sur-linjustice-subie-par-lalgerie-a-la-coupe-du-monde-1982-13325226.php\">&#8220;Match de la honte\u2026&#8221;\u00a0: le pr\u00e9sident de la FIFA, Gianni Infantino, revient sur l\u2019injustice subie par l\u2019Alg\u00e9rie \u00e0 la Coupe du monde 1982<\/a>\n    <\/p>\n<h2 class=\"txt-int\">Le Maroc, prochain th\u00e9\u00e2tre d\u2019un enjeu de pouvoir \u00e0 la Fifa<\/h2>\n<p>Le prochain grand rendez-vous de la Fifa pourrait \u00eatre encore plus important. Le Maroc est annonc\u00e9 comme pays h\u00f4te du congr\u00e8s \u00e9lectif de la Fifa en 2027 \u00e0 Rabat, durant lequel l\u2019avenir d\u2019Infantino \u00e0 la t\u00eate de l\u2019instance sera remis en jeu. Il devrait viser un nouveau mandat, ce qui le conduirait \u00e0 rester en poste jusqu\u2019en 2031.<\/p>\n<p class=\"std-elt__inline\">\n        <strong>\u00c0 lire aussi :<\/strong><br \/>\n        <a href=\"\/2026\/01\/29\/il-dirige-la-fifa-comme-un-roi-gianni-infantino-attaque-une-nouvelle-fois-par-lancien-president-de-la-fifa-sepp-blatter-13195848.php\">&#8220;Il dirige la FIFA comme un roi\u00a0!&#8221;\u00a0: Gianni Infantino attaqu\u00e9 une nouvelle fois par l\u2019ancien pr\u00e9sident de la FIFA Sepp Blatter<\/a>\n    <\/p>\n<p>Pour le Maroc, devenu central dans la g\u00e9opolitique du football mondial, notamment avec l\u2019organisation de la CAN 2025 et du <a href=\"https:\/\/www.ladepeche.fr\/2025\/09\/24\/coupe-du-monde-2030-3-continents-64-equipes-quel-est-ce-projet-fou-que-prepare-la-fifa-pour-le-centenaire-du-mondial-de-foot-12950498.php\" target=\"_blank\">Mondial 2030<\/a>, l\u2019\u00e9v\u00e9nement serait une nouvelle cons\u00e9cration. Pour Infantino, il pourrait devenir le th\u00e9\u00e2tre d\u2019une consolidation suppl\u00e9mentaire de son pouvoir. Mais aussi celui d\u2019une contestation encore plus visible.<\/p>\n<\/p><\/div>\n<p><a href=\"https:\/\/www.ladepeche.fr\/2026\/04\/29\/gianni-infantino-sous-pression-laffaire-de-son-escorte-au-canada-relance-les-critiques-contre-un-president-de-la-fifa-de-plus-en-plus-conteste-13349394.php\">source<\/a><\/p>\n","protected":false},"excerpt":{"rendered":"<p>l&#8217;essentiel \u00c0 Vancouver, la demande d\u2019une escorte de s\u00e9curit\u00e9 renforc\u00e9e pour Gianni Infantino a \u00e9t\u00e9 refus\u00e9e par la police locale, relan\u00e7ant les critiques contre un pr\u00e9sident de la Fifa accus\u00e9 d\u2019incarner un pouvoir toujours plus distant du football populaire Gianni Infantino n\u2019avait sans doute pas besoin d\u2019une \u00e9ni\u00e8me pol\u00e9mique. Pourtant, \u00e0 l\u2019heure o\u00f9 la Fifa [&hellip;]<\/p>\n","protected":false},"author":1,"featured_media":130123,"comment_status":"open","ping_status":"open","sticky":false,"template":"","format":"standard","meta":{"_monsterinsights_skip_tracking":false,"_monsterinsights_sitenote_active":false,"_monsterinsights_sitenote_note":"","_monsterinsights_sitenote_category":0,"footnotes":""},"categories":[71],"tags":[],"coauthors":[77],"class_list":["post-130122","post","type-post","status-publish","format-standard","has-post-thumbnail","hentry","category-sport"],"aioseo_notices":[],"_links":{"self":[{"href":"https:\/\/pressactu.com\/index.php?rest_route=\/wp\/v2\/posts\/130122","targetHints":{"allow":["GET"]}}],"collection":[{"href":"https:\/\/pressactu.com\/index.php?rest_route=\/wp\/v2\/posts"}],"about":[{"href":"https:\/\/pressactu.com\/index.php?rest_route=\/wp\/v2\/types\/post"}],"author":[{"embeddable":true,"href":"https:\/\/pressactu.com\/index.php?rest_route=\/wp\/v2\/users\/1"}],"replies":[{"embeddable":true,"href":"https:\/\/pressactu.com\/index.php?rest_route=%2Fwp%2Fv2%2Fcomments&post=130122"}],"version-history":[{"count":0,"href":"https:\/\/pressactu.com\/index.php?rest_route=\/wp\/v2\/posts\/130122\/revisions"}],"wp:featuredmedia":[{"embeddable":true,"href":"https:\/\/pressactu.com\/index.php?rest_route=\/wp\/v2\/media\/130123"}],"wp:attachment":[{"href":"https:\/\/pressactu.com\/index.php?rest_route=%2Fwp%2Fv2%2Fmedia&parent=130122"}],"wp:term":[{"taxonomy":"category","embeddable":true,"href":"https:\/\/pressactu.com\/index.php?rest_route=%2Fwp%2Fv2%2Fcategories&post=130122"},{"taxonomy":"post_tag","embeddable":true,"href":"https:\/\/pressactu.com\/index.php?rest_route=%2Fwp%2Fv2%2Ftags&post=130122"},{"taxonomy":"author","embeddable":true,"href":"https:\/\/pressactu.com\/index.php?rest_route=%2Fwp%2Fv2%2Fcoauthors&post=130122"}],"curies":[{"name":"wp","href":"https:\/\/api.w.org\/{rel}","templated":true}]}}