{"id":130115,"date":"2026-04-30T03:52:00","date_gmt":"2026-04-30T03:52:00","guid":{"rendered":"https:\/\/pressactu.com\/?p=130115"},"modified":"2026-04-30T03:52:00","modified_gmt":"2026-04-30T03:52:00","slug":"ce-serait-chic-la-pointe-dhumour-demmanuel-macron-alors-que-charles-iii-affirmait-devant-donald-trump-que-les-americains-ont-bien-failli-parler-francaisquo","status":"publish","type":"post","link":"https:\/\/pressactu.com\/?p=130115","title":{"rendered":"&quot;Ce serait chic&quot;\u00a0: la pointe d\u2019humour d\u2019Emmanuel Macron, alors que Charles III affirmait devant Donald Trump que les Am\u00e9ricains ont bien failli &quot;parler fran\u00e7ais&quot;"},"content":{"rendered":"<p>\n                                                                    <span class=\"article-full__chapo-label hide-on-small-only\">l&#8217;essentiel<\/span><br \/>\n                                                                Quand Charles III nargue Donald Trump, Emmanuel Macron s\u2019invite dans la danse. Lors d\u2019un d\u00eener d\u2019\u00c9tat, le souverain britannique a rappel\u00e9 avec malice que sans Londres, les Am\u00e9ricains parleraient fran\u00e7ais. Une sortie aussit\u00f4t valid\u00e9e par un pr\u00e9sident fran\u00e7ais tr\u00e8s amus\u00e9 sur les r\u00e9seaux sociaux.\n                            <\/p>\n<div rel=\"js-article-content\">\n                                                                                                                            <!-- Pub DFP Position [outstream] --><\/p>\n<p>Il a pris la balle au rebond\u2026 Il n\u2019a pas fallu longtemps pour qu\u2019<a href=\"https:\/\/www.ladepeche.fr\/actu\/politique\/emmanuel-macron\/\" target=\"_self\">Emmanuel Macron<\/a> saisisse au vol la petite pique que le Roi Charles III a ass\u00e9n\u00e9e \u00e0 <a href=\"https:\/\/www.ladepeche.fr\/actu\/etats-unis\/donald-trump\/\" target=\"_self\">Donald Trump<\/a>. Face au pr\u00e9sident am\u00e9ricain, le monarque britannique a signifi\u00e9 que\u00a0les Am\u00e9ricains <a href=\"https:\/\/www.ladepeche.fr\/2026\/04\/29\/sans-nous-vous-parleriez-francais-charles-iii-ironise-face-a-donald-trump-a-quoi-fait-il-reference-derriere-cette-blague-13348851.php\" target=\"_self\">parleraient fran\u00e7ais si les Britanniques n\u2019avaient pas colonis\u00e9 eux aussi l\u2019Am\u00e9rique du Nord<\/a>\u00a0: &#8220;Vous avez r\u00e9cemment d\u00e9clar\u00e9, Monsieur\u00a0le pr\u00e9sident, que sans les \u00c9tats-Unis, les pays europ\u00e9ens parleraient l\u2019allemand. Oserais-je dire que sans nous vous parleriez fran\u00e7ais&#8221;, a affirm\u00e9 ce mardi 28\u00a0avril \u2013 non sans malice \u2013 le souverain britannique lors d\u2019un d\u00eener d\u2019\u00c9tat organis\u00e9 \u00e0 la Maison Blanche, face \u00e0 un public hilare.<\/p>\n<p><!-- Pub DFP Position [article] --><\/p>\n<p>Pas de quoi laisser Emmanuel Macron de marbre\u00a0: le pr\u00e9sident fran\u00e7ais a r\u00e9agi sur le r\u00e9seau social X, repartageant par ailleurs le discours du roi Charles III.<\/p>\n<p>&#8220;That would be chic (comprenez &#8220;ce serait chic&#8221;), a comment\u00e9 le chef d\u2019\u00c9tat. La s\u00e9quence a \u00e9galement \u00e9t\u00e9 partag\u00e9e par le compte de l\u2019\u00c9lys\u00e9e avec le commentaire suivant\u00a0: &#8220;Si jamais\u2026 Rendez-vous au prochain sommet de la francophonie&#8221;.<\/p>\n<h2 class=\"txt-int\">&#8220;Vous parleriez allemand et un petit peu japonais&#8221;<\/h2>\n<p>Le roi Charles III est actuellement en d\u00e9placement aux \u00c9tats-Unis. Lors de sa prise de parole ce mardi, le monarque britannique faisait r\u00e9f\u00e9rence aux propos tenus par le locataire de la Maison Blanche en janvier dernier lors du sommet de Davos\u00a0: Donald Trump s\u2019adressait alors aux Europ\u00e9ens, estimant que sans le soutien des Am\u00e9ricains lors de la Seconde Guerre Mondiale, &#8220;vous parleriez allemand et un petit peu japonais&#8221;.<\/p>\n<p>Charles III est revenu sur le sulfureux dossier de la salle de bal \u00e0 400\u00a0millions de dollars, envisag\u00e9e par Donald Trump\u00a0: &#8220;Je suis au regret de dire que nous, les Britanniques, avons bien s\u00fbr tent\u00e9 notre propre projet de r\u00e9am\u00e9nagement immobilier de la Maison-Blanche en 1814&#8221;, a nargu\u00e9 le monarque.<\/p>\n<\/p><\/div>\n<p><a href=\"https:\/\/www.ladepeche.fr\/2026\/04\/29\/ce-serait-chic-la-pointe-dhumour-demmanuel-macron-alors-que-charles-iii-affirmait-devant-donald-trump-que-les-americains-ont-bien-failli-parler-13349707.php\">source<\/a><\/p>\n","protected":false},"excerpt":{"rendered":"<p>l&#8217;essentiel Quand Charles III nargue Donald Trump, Emmanuel Macron s\u2019invite dans la danse. Lors d\u2019un d\u00eener d\u2019\u00c9tat, le souverain britannique a rappel\u00e9 avec malice que sans Londres, les Am\u00e9ricains parleraient fran\u00e7ais. Une sortie aussit\u00f4t valid\u00e9e par un pr\u00e9sident fran\u00e7ais tr\u00e8s amus\u00e9 sur les r\u00e9seaux sociaux. Il a pris la balle au rebond\u2026 Il n\u2019a pas [&hellip;]<\/p>\n","protected":false},"author":1,"featured_media":130116,"comment_status":"open","ping_status":"open","sticky":false,"template":"","format":"standard","meta":{"_monsterinsights_skip_tracking":false,"_monsterinsights_sitenote_active":false,"_monsterinsights_sitenote_note":"","_monsterinsights_sitenote_category":0,"footnotes":""},"categories":[1],"tags":[],"coauthors":[77],"class_list":["post-130115","post","type-post","status-publish","format-standard","has-post-thumbnail","hentry","category-a-la-une"],"aioseo_notices":[],"_links":{"self":[{"href":"https:\/\/pressactu.com\/index.php?rest_route=\/wp\/v2\/posts\/130115","targetHints":{"allow":["GET"]}}],"collection":[{"href":"https:\/\/pressactu.com\/index.php?rest_route=\/wp\/v2\/posts"}],"about":[{"href":"https:\/\/pressactu.com\/index.php?rest_route=\/wp\/v2\/types\/post"}],"author":[{"embeddable":true,"href":"https:\/\/pressactu.com\/index.php?rest_route=\/wp\/v2\/users\/1"}],"replies":[{"embeddable":true,"href":"https:\/\/pressactu.com\/index.php?rest_route=%2Fwp%2Fv2%2Fcomments&post=130115"}],"version-history":[{"count":0,"href":"https:\/\/pressactu.com\/index.php?rest_route=\/wp\/v2\/posts\/130115\/revisions"}],"wp:featuredmedia":[{"embeddable":true,"href":"https:\/\/pressactu.com\/index.php?rest_route=\/wp\/v2\/media\/130116"}],"wp:attachment":[{"href":"https:\/\/pressactu.com\/index.php?rest_route=%2Fwp%2Fv2%2Fmedia&parent=130115"}],"wp:term":[{"taxonomy":"category","embeddable":true,"href":"https:\/\/pressactu.com\/index.php?rest_route=%2Fwp%2Fv2%2Fcategories&post=130115"},{"taxonomy":"post_tag","embeddable":true,"href":"https:\/\/pressactu.com\/index.php?rest_route=%2Fwp%2Fv2%2Ftags&post=130115"},{"taxonomy":"author","embeddable":true,"href":"https:\/\/pressactu.com\/index.php?rest_route=%2Fwp%2Fv2%2Fcoauthors&post=130115"}],"curies":[{"name":"wp","href":"https:\/\/api.w.org\/{rel}","templated":true}]}}