{"id":130105,"date":"2026-04-30T02:11:22","date_gmt":"2026-04-30T02:11:22","guid":{"rendered":"https:\/\/pressactu.com\/?p=130105"},"modified":"2026-04-30T02:11:22","modified_gmt":"2026-04-30T02:11:22","slug":"cette-decision-nallait-pourtant-pas-de-soi-pour-notre-majorite-le-nouveau-maire-dagen-valide-un-terrain-synthetique-a-943-000-e-pour-le-sua-rugby-mais-a","status":"publish","type":"post","link":"https:\/\/pressactu.com\/?p=130105","title":{"rendered":"&quot;Cette d\u00e9cision n\u2019allait pourtant pas de soi pour notre majorit\u00e9&quot;\u00a0: le nouveau maire d\u2019Agen valide un terrain synth\u00e9tique \u00e0 943\u00a0000\u00a0\u20ac pour le SUA Rugby, mais attend une contrepartie"},"content":{"rendered":"<p>\n                                                                    <span class=\"article-full__chapo-label hide-on-small-only\">l&#8217;essentiel<\/span><br \/>\n                                                                Jean Dionis l\u2019avait promis, Laurent Bruneau le fera. La pelouse synth\u00e9tique du stade Armandie devient r\u00e9alit\u00e9. Pr\u00e8s d\u2019un million d\u2019euros seront investis par la nouvelle municipalit\u00e9 moderniser l\u2019\u00e9quipement et r\u00e9duire les co\u00fbts d\u2019entretien. Un tournant pour le SUA rugby et la vie sportive agenaise.\n                            <\/p>\n<div rel=\"js-article-content\">\n                                                                                                                            <!-- Pub DFP Position [outstream] --><\/p>\n<p>Fin du suspense.\u00a0Laurent Bruneau et son \u00e9quipe ont valid\u00e9 la transformation de la pelouse d\u2019Armandie ch\u00e8re au\u00a0SUA rugby\u00a0en terrain synth\u00e9tique. Le nouveau maire a officialis\u00e9 l\u2019information ce mercredi, dans les entrailles de la tribune Basquet, en pr\u00e9sence de Jean-Fran\u00e7ois Fonteneau. Le pr\u00e9sident du Sporting s\u2019est\u00a0r\u00e9joui de cette nouvelle, sans cacher que l\u2019attente fut longue\u00a0et le doute anxiog\u00e8ne. C\u2019est un tournant majeur pour le grand club agenais.<\/p>\n<p><!-- Pub DFP Position [article] --><\/p>\n<p>&#8220;Cette d\u00e9cision n\u2019allait pas de soi pour notre majorit\u00e9, confirme Laurent Bruneau. Nous avons agi en responsabilit\u00e9\u00a0: les \u00e9tudes avaient \u00e9t\u00e9 engag\u00e9es. Nous avons donc fait le choix de valider le synth\u00e9tique. Pourquoi\u00a0? D\u2019abord parce qu\u2019il s\u2019agit d\u2019un bien municipal et que nous avons le devoir de l\u2019entretenir. Ensuite, la pelouse actuelle est en fin de vie et il aurait de toute fa\u00e7on fallu la refaire&#8221;.<\/p>\n<p class=\"std-elt__inline\">\n        <strong>\u00c0 lire aussi :<\/strong><br \/>\n        <a href=\"\/2026\/04\/20\/pro-d2-la-pelouse-synthetique-du-su-agen-a-armandie-nest-pas-remise-en-cause-le-nouveau-maire-a-rencontre-les-joueurs-13334914.php\">Pro D2\u00a0: la pelouse synth\u00e9tique du SU Agen \u00e0 Armandie n\u2019est pas &#8220;remise en cause&#8221;, le nouveau maire a rencontr\u00e9 les joueurs<\/a>\n    <\/p>\n<h2 class=\"txt-int\">Son prix\u00a0: 943\u00a0000\u00a0\u20ac TTC<\/h2>\n<p>Le montant de l\u2019investissement s\u2019\u00e9l\u00e8ve \u00e0 943\u00a0000\u00a0\u20ac TTC. La soci\u00e9t\u00e9 Art Dan a logiquement \u00e9t\u00e9 choisie. Elle a d\u00e9j\u00e0 pos\u00e9 les synth\u00e9tiques du terrain d\u2019entra\u00eenement d\u2019Armandie et du SUA foot. &#8220;Dans l\u2019appel d\u2019offres, explique\u00a0l\u2019\u00e9dile, l\u2019entreprise s\u2019est class\u00e9e premi\u00e8re des crit\u00e8res techniques, mais \u00e9galement du prix. Elle conna\u00eet la plaine des sports, a une expertise sur le sujet&#8221;. Les travaux se d\u00e9rouleront cet \u00e9t\u00e9. La livraison est pr\u00e9vue avant le premier match du SUA de la prochaine saison.<\/p>\n<div class=\"center-align\" rel=\"js-article-inline-img\" data-protec-aida=\"image\">\n<figure class=\"std-img\" data-src=\"https:\/\/images.ladepeche.fr\/api\/v1\/images\/view\/69f22dd92b26a230c30bf1ea\/original\/image.jpg?v=1\">\n        <img decoding=\"async\" class=\"std-img__img responsive-img\" src=\"http:\/\/pressactu.com\/wp-content\/uploads\/2026\/04\/1777515082_756_image.jpg?v=1\" alt=\"Laurent Bruneau, maire d\u2019Agen et Jean-Fran\u00e7ois Fonteneau, pr\u00e9sident du SUA\"\/><figcaption class=\"article-full__media-infos\">\n                <span class=\"article-full__media-legend\">Laurent Bruneau, maire d\u2019Agen et Jean-Fran\u00e7ois Fonteneau, pr\u00e9sident du SUA<\/span><br \/>\n                                    <span class=\"article-full__media-author\">Nicolas Niedergrand &#8211; Nicolas Niedergrand<\/span><br \/>\n                            <\/figcaption><\/figure>\n<\/div>\n<p class=\"std-elt__inline\">\n        <strong>\u00c0 lire aussi :<\/strong><br \/>\n        <a href=\"\/2024\/10\/16\/pelouse-darmandie-le-maire-veut-arriver-collectivement-a-un-consensus-12263602.php\">Pol\u00e9mique autour de la pelouse d\u2019Armandie\u00a0: le maire d\u2019Agen &#8220;veut arriver collectivement \u00e0 un consensus&#8221; concernant un synth\u00e9tique<\/a>\n    <\/p>\n<p>&#8220;Cet outil est indispensable&#8221;, rappelle Jean-Fran\u00e7ois Fonteneau. Le pr\u00e9sident n\u2019y voit que des avantages.\u00a0Ce rev\u00eatement favorise le jeu du mouvement des Agenais, v\u00e9ritable ADN du club. Il permet de passer l\u2019hiver sans subir les intemp\u00e9ries. Sur le mod\u00e8le de celui de Montauban, il n\u2019est pas accidentog\u00e8ne. Il autorise un autre mode de fonctionnement\u00a0: mise en place, lever de rideau, garden-party,\u00a0etc. Le pr\u00e9sident souligne encore le faible co\u00fbt de son entretien par rapport \u00e0 une pelouse naturelle\u00a0: moins de 20\u00a0000\u00a0\u20ac par an au lieu de 120\u00a0000\u00a0\u20ac. Sa dur\u00e9e de vie est estim\u00e9e \u00e0 dix ans.<\/p>\n<p class=\"std-elt__inline\">\n        <strong>\u00c0 lire aussi :<\/strong><br \/>\n        <a href=\"\/2024\/10\/15\/dossier-se-battre-pour-que-le-su-agen-ait-rapidement-une-pelouse-digne-de-la-pro-d2-le-plebiscite-pour-un-synthetique-a-armandie-12260926.php\">DOSSIER. &#8220;Se battre pour que le SU Agen ait rapidement une pelouse digne de la Pro D2&#8243;\u2026 le pl\u00e9biscite pour un synth\u00e9tique \u00e0 Armandie<\/a>\n    <\/p>\n<p>&#8220;On ouvre \u00e9galement un champ des possibles de l\u2019\u00e9quipement public d\u2019Armandie&#8221;, avance Laurent Bruneau. La ville s\u2019offre la possibilit\u00e9 d\u2019organiser\u00a0\u00e0 Armandie des manifestations jusqu\u2019alors proscrites par crainte de d\u00e9grader l\u2019aire de jeu.\u00a0En 2017, plus de 9\u00a0000 fans avaient assist\u00e9 \u00e0 une spectaculaire manche du supercross. La piste de 580\u00a0m n\u2019avait pu \u00eatre install\u00e9e parce que la pelouse devait \u00eatre enti\u00e8rement r\u00e9nov\u00e9e. Jean-Fran\u00e7ois Fonteneau est sur la m\u00eame longueur d\u2019onde. &#8220;Nous serions ravis d\u2019accueillir un concert lors des f\u00eates d\u2019Agen&#8221;, lance-t-il.<\/p>\n<h2 class=\"txt-int\">&#8220;Il n\u2019y a pas que le rugby \u00e0 Agen, mais il y a aussi le rugby&#8221;<\/h2>\n<p>L\u2019entente entre les deux hommes semble aujourd\u2019hui au beau fixe.\u00a0Est-ce qu\u2019elle le sera demain\u00a0? Ils devront se rencontrer dans l\u2019ann\u00e9e pour ren\u00e9gocier la convention qui lie la ville et le club phare d\u2019Agen et du Lot-et-Garonne.<\/p>\n<p class=\"std-elt__inline\">\n        <strong>\u00c0 lire aussi :<\/strong><br \/>\n        <a href=\"\/2025\/11\/18\/match-de-football-a-armandie-avec-la-future-pelouse-synthetique-le-su-agen-veut-renouveler-lexperience-et-organiser-des-concerts-13057550.php\">Match de football \u00e0 Armandie\u00a0: avec la future pelouse synth\u00e9tique, le SU Agen veut &#8220;renouveler l\u2019exp\u00e9rience&#8221; et organiser des concerts<\/a>\n    <\/p>\n<p>Le maire annonce la couleur. &#8220;Ce choix de financer la pelouse du SUA ne remet pas en question notre volont\u00e9 de trouver un plus juste \u00e9quilibre entre les clubs sportifs de la ville. Nous continuons \u00e0 dire\u00a0: il n\u2019y a pas que le rugby \u00e0 Agen, mais il y a aussi le rugby. Nous avons fait un grand pas vers le club, nous attendons qu\u2019il fasse un pas vers nous pour faire gagner Agen&#8221;.<\/p>\n<p>Jean-Fran\u00e7ois Fonteneau n\u2019est visiblement pas contre remettre une enseigne au centre-ville ou travailler pour &#8220;qu\u2019\u00e9mergent\u00a0des talents de Montanou ou Rodrigues&#8221;. &#8220;Nous devons faire en sorte, assure-t-il, d\u2019\u00eatre plus ouverts qu\u2019aujourd\u2019hui&#8221;.<\/p>\n<div class=\"std-frame\">\n<h2 class=\"encart_titre\">Dans le programme de Jean Dionis<\/h2>\n<div class=\"encart_texte\">\n<p>Durant la campagne des \u00e9lections municipales, le terrain synth\u00e9tique \u00e9tait dans le programme du candidat Jean Dionis. Le maire sortant, supporteur histoire du SUA, en avait fait son engagement 81. &#8220;Nous poursuivrons notre soutien au SUA rugby en modernisant le stade Armandie, avec la transformation de la pelouse du terrain d\u2019honneur d\u2019Armandie en synth\u00e9tique pour s\u00e9curiser les conditions de jeu et accueillir des \u00e9v\u00e9nements toute l\u2019ann\u00e9e&#8221;. Il n\u2019y avait aucune ligne sur le sujet SUA dans le programme du candidat Bruneau.<\/p>\n<p>\u00a0<\/p>\n<p>&#8216;<\/p>\n<\/div>\n<\/div><\/div>\n<p><a href=\"https:\/\/www.ladepeche.fr\/2026\/04\/29\/cette-decision-nallait-pourtant-pas-de-soi-pour-notre-majorite-le-nouveau-maire-dagen-valide-un-terrain-synthetique-a-943-000-eur-pour-le-sua-rugby-13349484.php\">source<\/a><\/p>\n","protected":false},"excerpt":{"rendered":"<p>l&#8217;essentiel Jean Dionis l\u2019avait promis, Laurent Bruneau le fera. La pelouse synth\u00e9tique du stade Armandie devient r\u00e9alit\u00e9. Pr\u00e8s d\u2019un million d\u2019euros seront investis par la nouvelle municipalit\u00e9 moderniser l\u2019\u00e9quipement et r\u00e9duire les co\u00fbts d\u2019entretien. Un tournant pour le SUA rugby et la vie sportive agenaise. Fin du suspense.\u00a0Laurent Bruneau et son \u00e9quipe ont valid\u00e9 la [&hellip;]<\/p>\n","protected":false},"author":1,"featured_media":130106,"comment_status":"open","ping_status":"open","sticky":false,"template":"","format":"standard","meta":{"_monsterinsights_skip_tracking":false,"_monsterinsights_sitenote_active":false,"_monsterinsights_sitenote_note":"","_monsterinsights_sitenote_category":0,"footnotes":""},"categories":[71],"tags":[],"coauthors":[77],"class_list":["post-130105","post","type-post","status-publish","format-standard","has-post-thumbnail","hentry","category-sport"],"aioseo_notices":[],"_links":{"self":[{"href":"https:\/\/pressactu.com\/index.php?rest_route=\/wp\/v2\/posts\/130105","targetHints":{"allow":["GET"]}}],"collection":[{"href":"https:\/\/pressactu.com\/index.php?rest_route=\/wp\/v2\/posts"}],"about":[{"href":"https:\/\/pressactu.com\/index.php?rest_route=\/wp\/v2\/types\/post"}],"author":[{"embeddable":true,"href":"https:\/\/pressactu.com\/index.php?rest_route=\/wp\/v2\/users\/1"}],"replies":[{"embeddable":true,"href":"https:\/\/pressactu.com\/index.php?rest_route=%2Fwp%2Fv2%2Fcomments&post=130105"}],"version-history":[{"count":0,"href":"https:\/\/pressactu.com\/index.php?rest_route=\/wp\/v2\/posts\/130105\/revisions"}],"wp:featuredmedia":[{"embeddable":true,"href":"https:\/\/pressactu.com\/index.php?rest_route=\/wp\/v2\/media\/130106"}],"wp:attachment":[{"href":"https:\/\/pressactu.com\/index.php?rest_route=%2Fwp%2Fv2%2Fmedia&parent=130105"}],"wp:term":[{"taxonomy":"category","embeddable":true,"href":"https:\/\/pressactu.com\/index.php?rest_route=%2Fwp%2Fv2%2Fcategories&post=130105"},{"taxonomy":"post_tag","embeddable":true,"href":"https:\/\/pressactu.com\/index.php?rest_route=%2Fwp%2Fv2%2Ftags&post=130105"},{"taxonomy":"author","embeddable":true,"href":"https:\/\/pressactu.com\/index.php?rest_route=%2Fwp%2Fv2%2Fcoauthors&post=130105"}],"curies":[{"name":"wp","href":"https:\/\/api.w.org\/{rel}","templated":true}]}}