{"id":130102,"date":"2026-04-30T01:04:57","date_gmt":"2026-04-30T01:04:57","guid":{"rendered":"https:\/\/pressactu.com\/?p=130102"},"modified":"2026-04-30T01:04:57","modified_gmt":"2026-04-30T01:04:57","slug":"disparition-dalain-costes-figure-emblematique-de-la-recherche-et-du-monde-economique-qui-a-marque-toulouse","status":"publish","type":"post","link":"https:\/\/pressactu.com\/?p=130102","title":{"rendered":"Disparition d\u2019Alain Costes, figure embl\u00e9matique de la recherche et du monde \u00e9conomique qui a marqu\u00e9 Toulouse"},"content":{"rendered":"<p>\n                                                                    <span class=\"article-full__chapo-label hide-on-small-only\">l&#8217;essentiel<\/span><br \/>\n                                                                Le monde universitaire et entrepreneurial toulousain est en deuil apr\u00e8s le d\u00e9c\u00e8s d\u2019Alain Costes le 28\u00a0avril. Cet ancien directeur du LAAS et du minist\u00e8re de la Recherche laisse un h\u00e9ritage immense.\n                            <\/p>\n<div rel=\"js-article-content\" data-state=\"fixed-height\" data-selection=\"disabled\">\n                                                                                                                            <!-- Pub DFP Position [outstream] --><\/p>\n<p>Le monde scientifique et \u00e9conomique toulousain perd l\u2019une de ses figures les plus marquantes avec la disparition d\u2019Alain Costes, survenue le 28\u00a0avril dans l\u2019apr\u00e8s-midi \u00e0 l\u2019\u00e2ge de 87 ans. Personnalit\u00e9 d\u2019exception, il a marqu\u00e9 l\u2019histoire de la recherche fran\u00e7aise en occupant des postes de premier plan. Form\u00e9 \u00e0 l\u2019ENSEEIHT, chercheur au CNRS et directeur du LAAS durant douze ans, il a \u00e9galement exerc\u00e9 les fonctions de directeur de la technologie au minist\u00e8re de la Recherche et a assur\u00e9 la pr\u00e9sidence de l\u2019INP Toulouse.<\/p>\n<p><!-- Pub DFP Position [article] --><\/p>\n<p>&#8220;C\u2019\u00e9tait quelqu\u2019un d\u2019humain, d\u2019attachant, g\u00e9n\u00e9reux et volontaire, avec son franc-parler. Il a \u00e9t\u00e9 un ardent d\u00e9fenseur de son laboratoire, le LAAS, qu\u2019il a dirig\u00e9 d\u2019une main de ma\u00eetre et dont les membres lui sont tr\u00e8s attach\u00e9s&#8221;, explique Jean Arlat, chercheur toulousain et qui a travaill\u00e9 \u00e0 ses c\u00f4t\u00e9s durant des ann\u00e9es.<\/p>\n<p>Visionnaire pour certains, enthousiaste tout le temps, l\u2019engagement d\u2019Alain Costes\u00a0ne se limitait pas aux laboratoires, puisqu\u2019il \u00e9tait un acteur majeur de la vie \u00e9conomique r\u00e9gionale. \u00c9lu \u00e0 la chambre de commerce et d\u2019industrie, il si\u00e9geait comme administrateur d\u2019Actia et occupait la fonction de consul honoraire du Br\u00e9sil \u00e0 Toulouse ou encore de pr\u00e9sident du conseil scientifique de la fondation InNaBioSant\u00e9. Il avait \u00e9galement cofond\u00e9 la soci\u00e9t\u00e9 Mapping Consulting avec Davy Atlan, d\u00e9montrant une vision constante entre savoir scientifique et applications industrielles.<\/p>\n<h2 class=\"txt-int\">En avance sur son temps<\/h2>\n<p>Grand promoteur du Salon international de l\u2019innovation et de la prospective (Sitef), il a activement soutenu la cr\u00e9ation du salon ICS en soutenant une approche transversale de la recherche. Ce fervent d\u00e9fenseur des avanc\u00e9es sur les nanotechnologies croyait fermement aux synergies entre les disciplines. Pour l\u2019ensemble de sa carri\u00e8re, il avait \u00e9t\u00e9 \u00e9lev\u00e9 au rang de commandeur de la L\u00e9gion d\u2019honneur, une distinction remise par Claudie Haigner\u00e9, et \u00e9tait commandeur des Palmes Acad\u00e9miques.<\/p>\n<p>Alain Costes \u00e9tait reconnu pour ses qualit\u00e9s humaines, son amabilit\u00e9 constante et son humour, soulign\u00e9 par des yeux rieurs. Lecteur attentif et grand ami de <em>La D\u00e9p\u00eache<\/em>, dont il fut membre du comit\u00e9 d\u2019excellence de la fondation du groupe, il restera dans les m\u00e9moires comme un b\u00e2tisseur infatigable.<\/p>\n<p>Son parcours illustre l\u2019excellence toulousaine \u00e0 travers un d\u00e9vouement total au progr\u00e8s technologique et au rayonnement de sa ville, notamment \u00e0 travers le monde avec sa participation\u00a0\u00e0 la cr\u00e9ation du Groupe de travail &#8220;Dependable\u00a0Computing and Fault Tolerance&#8221;<em>\u00a0<\/em>au sein de l\u2019International Federation for Information Processing (IFIP), une organisation qui r\u00e9unit les membres de plus de cinquante soci\u00e9t\u00e9s et acad\u00e9mies des sciences\u00a0de l\u2019informatique et des r\u00e9seaux. C\u2019est aussi gr\u00e2ce \u00e0 lui que le Commissariat \u00e0 l\u2019\u00e9nergie atomique \u2013 CEA Tech \u2013 s\u2019est install\u00e9 \u00e0 Lab\u00e8ge.<\/p>\n<p>\u00c0 ses proches, <em>La D\u00e9p\u00eache du Midi<\/em> exprime sa plus profonde sympathie.<\/p>\n<\/p><\/div>\n<p><a href=\"https:\/\/www.ladepeche.fr\/2026\/04\/29\/disparition-dalain-costes-figure-emblematique-de-la-recherche-et-du-monde-economique-qui-a-marque-toulouse-13349053.php\">source<\/a><\/p>\n","protected":false},"excerpt":{"rendered":"<p>l&#8217;essentiel Le monde universitaire et entrepreneurial toulousain est en deuil apr\u00e8s le d\u00e9c\u00e8s d\u2019Alain Costes le 28\u00a0avril. Cet ancien directeur du LAAS et du minist\u00e8re de la Recherche laisse un h\u00e9ritage immense. Le monde scientifique et \u00e9conomique toulousain perd l\u2019une de ses figures les plus marquantes avec la disparition d\u2019Alain Costes, survenue le 28\u00a0avril dans [&hellip;]<\/p>\n","protected":false},"author":1,"featured_media":130103,"comment_status":"open","ping_status":"open","sticky":false,"template":"","format":"standard","meta":{"_monsterinsights_skip_tracking":false,"_monsterinsights_sitenote_active":false,"_monsterinsights_sitenote_note":"","_monsterinsights_sitenote_category":0,"footnotes":""},"categories":[74],"tags":[],"coauthors":[77],"class_list":["post-130102","post","type-post","status-publish","format-standard","has-post-thumbnail","hentry","category-economie"],"aioseo_notices":[],"_links":{"self":[{"href":"https:\/\/pressactu.com\/index.php?rest_route=\/wp\/v2\/posts\/130102","targetHints":{"allow":["GET"]}}],"collection":[{"href":"https:\/\/pressactu.com\/index.php?rest_route=\/wp\/v2\/posts"}],"about":[{"href":"https:\/\/pressactu.com\/index.php?rest_route=\/wp\/v2\/types\/post"}],"author":[{"embeddable":true,"href":"https:\/\/pressactu.com\/index.php?rest_route=\/wp\/v2\/users\/1"}],"replies":[{"embeddable":true,"href":"https:\/\/pressactu.com\/index.php?rest_route=%2Fwp%2Fv2%2Fcomments&post=130102"}],"version-history":[{"count":0,"href":"https:\/\/pressactu.com\/index.php?rest_route=\/wp\/v2\/posts\/130102\/revisions"}],"wp:featuredmedia":[{"embeddable":true,"href":"https:\/\/pressactu.com\/index.php?rest_route=\/wp\/v2\/media\/130103"}],"wp:attachment":[{"href":"https:\/\/pressactu.com\/index.php?rest_route=%2Fwp%2Fv2%2Fmedia&parent=130102"}],"wp:term":[{"taxonomy":"category","embeddable":true,"href":"https:\/\/pressactu.com\/index.php?rest_route=%2Fwp%2Fv2%2Fcategories&post=130102"},{"taxonomy":"post_tag","embeddable":true,"href":"https:\/\/pressactu.com\/index.php?rest_route=%2Fwp%2Fv2%2Ftags&post=130102"},{"taxonomy":"author","embeddable":true,"href":"https:\/\/pressactu.com\/index.php?rest_route=%2Fwp%2Fv2%2Fcoauthors&post=130102"}],"curies":[{"name":"wp","href":"https:\/\/api.w.org\/{rel}","templated":true}]}}