{"id":130098,"date":"2026-04-30T00:30:20","date_gmt":"2026-04-30T00:30:20","guid":{"rendered":"https:\/\/pressactu.com\/?p=130098"},"modified":"2026-04-30T00:30:20","modified_gmt":"2026-04-30T00:30:20","slug":"des-situations-que-lon-naime-pas-voir-dans-le-rugby-amateur-reclamations-dapres-match-plainte-pour-propos-racistes-le-derby-houleux-entre-castan","status":"publish","type":"post","link":"https:\/\/pressactu.com\/?p=130098","title":{"rendered":"&quot;Des situations que l\u2019on n\u2019aime pas voir dans le rugby amateur&quot;\u00a0: r\u00e9clamations d\u2019apr\u00e8s-match, plainte pour propos racistes\u2026 le derby houleux entre Castanet et Balma ne sera pas sans suite"},"content":{"rendered":"<p>\n                                                                    <span class=\"article-full__chapo-label hide-on-small-only\">l&#8217;essentiel<\/span><br \/>\n                                                                Retour sur les suites du derby au final houleux entre Castanet et Balma, dimanche 26\u00a0avril, en cl\u00f4ture de la saison de F\u00e9d\u00e9rale 2 qui s\u2019est achev\u00e9 sur une bagarre g\u00e9n\u00e9rale apr\u00e8s le coup de sifflet final. C\u00f4t\u00e9 balmanais, un joueur a d\u00e9pos\u00e9 plainte pour des propos racistes dont il aurait \u00e9t\u00e9 victime en cours de match. \u00c0 Castanet, on attend de voir les suites \u00e0 donner quant \u00e0 l\u2019agression physique d\u2019un de ses joueurs apr\u00e8s la fin du match.\n                            <\/p>\n<div rel=\"js-article-content\" data-state=\"fixed-height\" data-selection=\"disabled\">\n                                                                                                                            <!-- Pub DFP Position [outstream] --><\/p>\n<p>L\u2019heure est \u00e0 la recherche des responsabilit\u00e9s\u00a0apr\u00e8s la temp\u00eate qui a souffl\u00e9 un court moment, dimanche 26\u00a0avril, \u00e0 l\u2019issue de la rencontre entre Castanet et Balma comptant pour la 22<sup>e<\/sup> et derni\u00e8re journ\u00e9e du championnat de F\u00e9d\u00e9rale 2 de rugby. Un final houleux ponctu\u00e9 par une bagarre g\u00e9n\u00e9rale survenue apr\u00e8s le coup de sifflet final\u00a0qui trouverait sa source dans des propos \u00e0 connotation raciste qui auraient \u00e9t\u00e9 tenus sur le terrain en cours de match \u00e0 l\u2019encontre d\u2019un joueur de Balma. Selon Elodie Kolbert, co-pr\u00e9sidente du Balma ORC, Eric Lakina, 2<sup>e<\/sup> ligne balmanais, originaire de Wallis et Futuna, aurait \u00e9t\u00e9 insult\u00e9 par un adversaire qui l\u2019aurait trait\u00e9 de &#8220;sale \u00e9quipe de noirs&#8221;, confiait-elle mardi dans nos colonnes.<\/p>\n<p><!-- Pub DFP Position [article] --><\/p>\n<p class=\"std-elt__inline\">\n        <strong>\u00c0 lire aussi :<\/strong><br \/>\n        <a href=\"\/2026\/04\/28\/rugby-amateur-insultes-racistes-bagarre-generale-le-derby-vire-au-chaos-pres-de-toulouse-13347673.php\">Rugby amateur\u00a0: insultes racistes, bagarre g\u00e9n\u00e9rale\u2026 le derby de F\u00e9d\u00e9rale 2 vire au chaos pr\u00e8s de Toulouse<\/a>\n    <\/p>\n<p>Au coup de sifflet final, alors que les joueurs commen\u00e7aient \u00e0 se saluer apr\u00e8s la victoire des Castan\u00e9ens (33-26) leur assurant le maintien alors que pour Balma la r\u00e9trogradation en F\u00e9d\u00e9rale 3 \u00e9tait act\u00e9e, Eric Lakina est all\u00e9 en d\u00e9coudre avec un joueur de Castanet plac\u00e9 dans la zone des rempla\u00e7ants en bord de terrain qui, selon la version de la co-pr\u00e9sidente balmanaise &#8220;chambrait Eric avec de grands gestes.&#8221; S\u2019en est suivie une bagarre g\u00e9n\u00e9rale, courte mais violente.<\/p>\n<h2 class=\"txt-int\">&#8220;Nous n\u2019incriminons absolument pas le club de Castanet&#8221;<\/h2>\n<p>&#8220;Des joueurs de Balma sont venus agresser un de nos joueurs en passant par-dessus la barri\u00e8re de la zone des rempla\u00e7ants. Il y a eu des \u00e9changes de coups de poing et ce fut violent \u00e0 l\u2019encontre d\u2019un de nos joueurs&#8221;, pr\u00e9cise Ramon Eguskiza, pr\u00e9sident de l\u2019Avenir Castan\u00e9en, d\u00e9sol\u00e9 par cette issue &#8220;qui peut nuire \u00e0 l\u2019image de notre club o\u00f9 nous pr\u00f4nons le respect&#8221;.<\/p>\n<p>Et\u00a0qui encha\u00eene\u00a0: &#8220;Je condamne, nous condamnons, tous les propos racistes, x\u00e9nophobes, homophobes. En revanche, je ne sais pas si ces propos ont \u00e9t\u00e9 tenus, je ne les ai pas entendus et je n\u2019en ai pas la preuve.&#8221; \u00e7a va \u00eatre d\u00e9sormais aux enqu\u00eateurs\u00a0de la trouver puisqu\u2019Eric Lakina a finalement d\u00e9pos\u00e9 une plainte aupr\u00e8s de la gendarmerie, soutenu par ses dirigeants. &#8220;Ceci d\u00e9passe le sport, il est normal de faire bloc avec notre joueur car dans notre club, on croit au vivre ensemble. Ce sont des situations que l\u2019on n\u2019aime pas voir dans le rugby amateur&#8221;, souligne Hugo Magieu, un des trois co-pr\u00e9sidents du BORC. &#8220;En revanche, nous n\u2019incriminons absolument pas le club de Castanet. C\u2019est un joueur qui est vis\u00e9 ou un groupe de joueurs, pas le club.&#8221;<\/p>\n<p class=\"std-elt__inline\">\n        <strong>\u00c0 lire aussi :<\/strong><br \/>\n        <a href=\"\/2026\/04\/27\/federale-2-contre-balma-castanet-assure-son-maintien-dans-la-douleur-13345010.php\">F\u00e9d\u00e9rale 2\u00a0: contre Balma, Castanet assure son maintien dans la douleur<\/a>\n    <\/p>\n<h2 class=\"txt-int\">Toutes les r\u00e9clamations rejet\u00e9es<\/h2>\n<p>Du c\u00f4t\u00e9 de castanet, le club se r\u00e9serve \u00e9galement le droit &#8220;de continuer la proc\u00e9dure car nous avons un joueur qui a \u00e9t\u00e9 agress\u00e9 \u00e0 la fin du match et qui a \u00e9t\u00e9 marqu\u00e9 par cette agression&#8221;, pr\u00e9cise Ramon Eguskiza qui a du mal \u00e0 comprendre ces tensions entre Balmanais et Castan\u00e9ens ces derni\u00e8res saisons (il y a d\u00e9j\u00e0 eu une bagarre g\u00e9n\u00e9rale en fin de match, la saison derni\u00e8re, \u00e0 Balma, NDLR).\u00a0&#8220;Je ne sais pas pourquoi il y a ces tensions, d\u2019autant qu\u2019entre les deux clubs, il y a pas mal d\u2019\u00e9changes de joueurs au fil des saisons&#8221;, s\u2019interroge le responsable de l\u2019Avenir Castan\u00e9en.<\/p>\n<p>\u00c0 l\u2019issue de la rencontre, les dirigeants de Castanet et Balma ont d\u00e9pos\u00e9 des r\u00e9clamations \u00e0 l\u2019encontre de joueurs aupr\u00e8s du repr\u00e9sentant f\u00e9d\u00e9ral\u00a0: une \u00e9manant\u00a0de Balma, quatre de Castanet. Les cinq r\u00e9clamations ont \u00e9t\u00e9 rejet\u00e9es par la F\u00e9d\u00e9ration en ce d\u00e9but de semaine. Reste le rapport de l\u2019arbitre de la rencontre qui va \u00eatre scrut\u00e9 et dans lequel deux joueurs, un de chaque \u00e9quipe, sont cit\u00e9s. Et c\u2019est \u00e0 la commission de discipline de la F\u00e9d\u00e9ration qu\u2019il appartient d\u00e9sormais des suites\u00a0\u00e0 donner \u00e0 ce triste \u00e9pilogue de la saison 2025-2026.<\/p>\n<\/p><\/div>\n<p><a href=\"https:\/\/www.ladepeche.fr\/2026\/04\/29\/des-situations-que-lon-naime-pas-voir-dans-le-rugby-amateur-reclamations-dapres-match-plainte-pour-propos-racistes-le-derby-houleux-entre-castanet-et-13349289.php\">source<\/a><\/p>\n","protected":false},"excerpt":{"rendered":"<p>l&#8217;essentiel Retour sur les suites du derby au final houleux entre Castanet et Balma, dimanche 26\u00a0avril, en cl\u00f4ture de la saison de F\u00e9d\u00e9rale 2 qui s\u2019est achev\u00e9 sur une bagarre g\u00e9n\u00e9rale apr\u00e8s le coup de sifflet final. C\u00f4t\u00e9 balmanais, un joueur a d\u00e9pos\u00e9 plainte pour des propos racistes dont il aurait \u00e9t\u00e9 victime en cours [&hellip;]<\/p>\n","protected":false},"author":1,"featured_media":130099,"comment_status":"open","ping_status":"open","sticky":false,"template":"","format":"standard","meta":{"_monsterinsights_skip_tracking":false,"_monsterinsights_sitenote_active":false,"_monsterinsights_sitenote_note":"","_monsterinsights_sitenote_category":0,"footnotes":""},"categories":[71],"tags":[],"coauthors":[77],"class_list":["post-130098","post","type-post","status-publish","format-standard","has-post-thumbnail","hentry","category-sport"],"aioseo_notices":[],"_links":{"self":[{"href":"https:\/\/pressactu.com\/index.php?rest_route=\/wp\/v2\/posts\/130098","targetHints":{"allow":["GET"]}}],"collection":[{"href":"https:\/\/pressactu.com\/index.php?rest_route=\/wp\/v2\/posts"}],"about":[{"href":"https:\/\/pressactu.com\/index.php?rest_route=\/wp\/v2\/types\/post"}],"author":[{"embeddable":true,"href":"https:\/\/pressactu.com\/index.php?rest_route=\/wp\/v2\/users\/1"}],"replies":[{"embeddable":true,"href":"https:\/\/pressactu.com\/index.php?rest_route=%2Fwp%2Fv2%2Fcomments&post=130098"}],"version-history":[{"count":0,"href":"https:\/\/pressactu.com\/index.php?rest_route=\/wp\/v2\/posts\/130098\/revisions"}],"wp:featuredmedia":[{"embeddable":true,"href":"https:\/\/pressactu.com\/index.php?rest_route=\/wp\/v2\/media\/130099"}],"wp:attachment":[{"href":"https:\/\/pressactu.com\/index.php?rest_route=%2Fwp%2Fv2%2Fmedia&parent=130098"}],"wp:term":[{"taxonomy":"category","embeddable":true,"href":"https:\/\/pressactu.com\/index.php?rest_route=%2Fwp%2Fv2%2Fcategories&post=130098"},{"taxonomy":"post_tag","embeddable":true,"href":"https:\/\/pressactu.com\/index.php?rest_route=%2Fwp%2Fv2%2Ftags&post=130098"},{"taxonomy":"author","embeddable":true,"href":"https:\/\/pressactu.com\/index.php?rest_route=%2Fwp%2Fv2%2Fcoauthors&post=130098"}],"curies":[{"name":"wp","href":"https:\/\/api.w.org\/{rel}","templated":true}]}}