{"id":130092,"date":"2026-04-29T22:50:02","date_gmt":"2026-04-29T22:50:02","guid":{"rendered":"https:\/\/pressactu.com\/?p=130092"},"modified":"2026-04-29T22:50:02","modified_gmt":"2026-04-29T22:50:02","slug":"replay-guerre-en-ukraine-vladimir-poutine-sest-dit-pret-pour-une-treve-le-9-mai-un-accord-imminent-pour-mettre-fin-au-conflit-selon-washington","status":"publish","type":"post","link":"https:\/\/pressactu.com\/?p=130092","title":{"rendered":"REPLAY. Guerre en Ukraine\u00a0: Vladimir Poutine s\u2019est dit &quot;pr\u00eat pour une tr\u00eave le 9\u00a0mai&quot;, un accord &quot;imminent&quot; pour mettre fin au conflit selon Washington"},"content":{"rendered":"<div id=\"live_post_EVMOKJD4C8H8L18\"><span class=\"live-post__date\">22h57.<\/span><\/p>\n<div class=\"live-post__content\">\n<h2 class=\"live-post__title\">Merci pour votre lecture<\/h2>\n<p class=\"live-post__amorce\">C&#8217;est la fin de ce direct<\/p>\n<\/div>\n<\/div>\n<div id=\"live_post_EVMOKCIAMJUL71I\"><span class=\"live-post__date\">19h45.<\/span><\/p>\n<div class=\"live-post__content\">\n<h2 class=\"live-post__title\">Vladimir Poutine s&#8217;est dit &#8220;pr\u00eat pour une tr\u00eave le 9 mai&#8221;, un accord &#8220;imminent&#8221; pour mettre fin au conflit selon la Maison Blanche<\/h2>\n<p class=\"live-post__amorce\">Le pr\u00e9sident russe s&#8217;est entretenu pendant pr\u00e8s de 90 minutes avec Donald Trump. &#8220;Donald Trump estime qu&#8217;un accord pour mettre fin au conflit en Ukraine est d\u00e9sormais imminent&#8221;, a fait savoir la Maison Blanche. De son c\u00f4t\u00e9 le ma\u00eetre du Kremlin a signifi\u00e9 qu&#8217;il \u00e9tait pr\u00eat &#8220;pour une tr\u00eave&#8221; ce samedi 9 mai, alors que la Russie comm\u00e9more &#8220;le Jour de la Victoire&#8221;. Cependant, lors de cet appel, Vladimir Poutine a accus\u00e9 le gouvernement ukrainien d&#8217;utiliser des m\u00e9thodes &#8220;purement terroristes&#8221; en attaquant des cibles civiles russes. &#8220;Le leader russe a explicitement affirm\u00e9 que Kiev recourt \u00e0 des m\u00e9thodes ouvertement terroristes, a signifi\u00e9 le conseiller pr\u00e9sidentiel russe Iouri Ouchakov (cit\u00e9 par l\u2019agence TASS).Notre pr\u00e9sident a r\u00e9it\u00e9r\u00e9 que les objectifs de l&#8217;op\u00e9ration militaire sp\u00e9ciale seront atteints dans tous les cas&#8221;.<\/p>\n<\/div>\n<\/div>\n<div id=\"live_post_EVMOK9RO5SXCB7Q\"><span class=\"live-post__date\">18h28.<\/span><\/p>\n<div class=\"live-post__content\">\n<h2 class=\"live-post__title\">&#8220;Prot\u00e9ger le grand honneur&#8221; : le leader de la Cor\u00e9e du Nord appelle les soldats ukrainiens mobilis\u00e9s en Ukraine \u00e0 se suicider s&#8217;ils se font capturer<\/h2>\n<p class=\"live-post__amorce\">Lors de l\u2019inauguration d\u2019un m\u00e9morial d\u00e9di\u00e9 aux soldats nord-cor\u00e9ens tu\u00e9s sur le front ukrainien, Kim Jong Un a souhait\u00e9 rendre hommage aux soldats qui se sont sacrifi\u00e9s &#8220;sans h\u00e9siter&#8221; pour &#8220;prot\u00e9ger le grand honneur&#8221;. Le leader de la Cor\u00e9e du Nord parle l\u00e0 d&#8217;une &#8220;mort h\u00e9ro\u00efque&#8221;. Une fa\u00e7on pour Kim Jong Un d&#8217;appeler ses soldats, pr\u00e9sents aujourd&#8217;hui sur le front \u00e0 se suicider s&#8217;ils se font capturer par les autorit\u00e9s ukrainiennes. Des propos que vient corroborer des rapports de 2025 signifiant que Kim Jong-Un avait ordonn\u00e9 \u00e0 ses troupes engag\u00e9es de se suicider \u00e0 la grenade. En septembre 2025, on estimait que 2 000 soldats nord-cor\u00e9ens se trouvaient sur le front en Ukraine. <\/p>\n<\/div>\n<\/div>\n<div id=\"live_post_EVMOK9CA47IB5TE\"><span class=\"live-post__date\">17h30.<\/span><\/p>\n<div class=\"live-post__content\">\n<h2 class=\"live-post__title\">Restauration de l\u2019arche du sarcophage de Tchernobyl : les \u00c9tats-Unis d\u00e9bloquent &#8220;jusqu&#8217;\u00e0 100 millions de dollars&#8221;<\/h2>\n<p class=\"live-post__amorce\">Washington a annonc\u00e9 le d\u00e9blocage de 100 millions de dollars pour restaurer l\u2019arche du sarcophage de Tchernobyl. Les \u00c9tats-Unis appellent les partenaires du G7 \u00e0 faire de m\u00eame. En mars dernier, la France, \u00e0 la t\u00eate du G7 cette ann\u00e9e, a chiffr\u00e9 les travaux de restauration de l&#8217;arche de confinement de Tchernobyl. Cette structure m\u00e9tallique, \u00e9rig\u00e9e en 2016 pour sceller le r\u00e9acteur accident\u00e9 de 1986, a en effet \u00e9t\u00e9 endommag\u00e9e par une frappe de drone russe.<\/p>\n<\/div>\n<\/div>\n<div id=\"live_post_EVMOK3OC6M4FRUD\"><span class=\"live-post__date\">15h38.<\/span><\/p>\n<div class=\"live-post__content\">\n<h2 class=\"live-post__title\">Le d\u00e9fil\u00e9 de la Victoire \u00e0 Moscou se d\u00e9roulera sans v\u00e9hicules militaires pour la premi\u00e8re fois en pr\u00e8s de 20 ans<\/h2>\n<p class=\"live-post__amorce\">La Russie ne pr\u00e9sentera pas de mat\u00e9riel militaire lors du d\u00e9fil\u00e9 comm\u00e9morant cette ann\u00e9e le 81e anniversaire de la victoire sovi\u00e9tique sur l&#8217;Allemagne nazie pendant la Seconde Guerre mondiale, a annonc\u00e9 mardi le minist\u00e8re de la D\u00e9fense. L&#8217;\u00e9v\u00e9nement, g\u00e9n\u00e9ralement marqu\u00e9 chaque ann\u00e9e par une d\u00e9monstration de force militaire spectaculaire, est pr\u00e9vu le 9 mai sur la place Rouge \u00e0 Moscou. Plusieurs \u00e9coles militaires, corps de cadets, &#8220;ainsi que la colonne du mat\u00e9riel militaire, ne participeront pas au d\u00e9fil\u00e9 militaire de cette ann\u00e9e en raison de la situation op\u00e9rationnelle actuelle&#8221;, a indiqu\u00e9 le minist\u00e8re sur Telegram mardi soir.<\/p>\n<\/div>\n<\/div>\n<div id=\"live_post_EVMOJZ7E3LNJDOQ\"><span class=\"live-post__date\">13h32.<\/span><\/p>\n<div class=\"live-post__content\">\n<h2 class=\"live-post__title\">&#8220;Grand-m\u00e8re, asseyez-vous !&#8221;, pi\u00e9g\u00e9e au milieu des obus, une septuag\u00e9naire sauv\u00e9e d\u2019une zone de combat par un drone terrestre<\/h2>\n<p class=\"live-post__amorce\">Une habitante de 77 ans a \u00e9t\u00e9 \u00e9vacu\u00e9e d\u2019une zone de combat pr\u00e8s de Lyman, dans le Donetsk, gr\u00e2ce \u00e0 l\u2019intervention d\u2019un robot terrestre t\u00e9l\u00e9op\u00e9r\u00e9 par l\u2019arm\u00e9e ukrainienne. Cette op\u00e9ration in\u00e9dite du 3e corps d\u2019arm\u00e9e illustre le recours croissant aux syst\u00e8mes robotis\u00e9s pour secourir des civils dans des secteurs inaccessibles aux unit\u00e9s humaines.<\/p>\n<p><a href=\"https:\/\/www.ladepeche.fr\/2026\/04\/28\/guerre-en-ukraine-grand-mere-asseyez-vous-piegee-au-milieu-des-obus-une-septuagenaire-sauvee-dune-zone-de-combat-par-un-drone-terrestre-13346985.php\" target=\"_blank\" rel=\"noopener noreferrer nofollow\" class=\"\"><strong>\ud83d\udc49 Notre article ici <\/strong><\/a> <\/p>\n<\/p><\/div>\n<\/div>\n<div id=\"live_post_EVMOJVCON4FIFU7\"><span class=\"live-post__date\">11h45.<\/span><\/p>\n<div class=\"live-post__content\">\n<h2 class=\"live-post__title\">Les infos \u00e0 retenir \u00e0 12 heures\u00a0<\/h2>\n<p class=\"live-post__amorce\">&#8211;   <strong>L&#8217;Ukraine a vis\u00e9 des infrastructures industrielles en Russie<\/strong>  apr\u00e8s des frappes russes en plein jour sur Kiev, hier. <\/p>\n<p>&#8211; Le roi  <strong>Charles III a appel\u00e9 les Etats-Unis \u00e0 rester fid\u00e8les \u00e0 leurs alli\u00e9s occidentaux,<\/strong>  en r\u00e9f\u00e9rence, entre autres, \u00e0 la guerre en Ukraine. <\/p>\n<\/div>\n<\/div>\n<div id=\"live_post_EVMOJUVGCAZRKGQ\"><span class=\"live-post__date\">11h31.<\/span><\/p>\n<div class=\"live-post__content\">\n<h2 class=\"live-post__title\">300 km de port\u00e9e, bombe \u00e0 fragmentation hautement explosive, ce que l\u2019on sait du nouveau missile russe S-71K<\/h2>\n<p class=\"live-post__amorce\">Le renseignement militaire ukrainien (HUR) a r\u00e9v\u00e9l\u00e9 les d\u00e9tails techniques du S-71K, un nouveau missile de croisi\u00e8re russe dont la simplicit\u00e9 et les co\u00fbts r\u00e9duits de fabrication font craindre un d\u00e9ferlement de feu sur le pays de Volodymyr Zelensky. <\/p>\n<p><a href=\"https:\/\/www.ladepeche.fr\/2026\/04\/29\/guerre-en-ukraine-300-km-de-portee-bombe-a-fragmentation-hautement-explosive-ce-que-lon-sait-du-nouveau-missile-russe-s-71k-13348792.php\" target=\"_blank\" rel=\"noopener noreferrer nofollow\" class=\"\"><strong>\ud83d\udc49 Notre article ici <\/strong><\/a> <\/p>\n<div class=\"center-align\" rel=\"js-article-inline-img\" data-protec-aida=\"image\">\n<figure class=\"std-img\" data-src=\"https:\/\/images.ladepeche.fr\/api\/v1\/images\/view\/69f1d02b6a1a63b57f03fb12\/original\/image.jpg?v=1\">\n        <img decoding=\"async\" class=\"std-img__img responsive-img\" src=\"http:\/\/pressactu.com\/wp-content\/uploads\/2026\/04\/1777503001_991_image.jpg?v=1\" alt=\"Le S-71K a \u00e9t\u00e9 con\u00e7u pour \u00eatre tir\u00e9 depuis le chasseur furtif Sukhoi Su-57.\"\/><figcaption class=\"article-full__media-infos\">\n                <span class=\"article-full__media-legend\">Le S-71K a \u00e9t\u00e9 con\u00e7u pour \u00eatre tir\u00e9 depuis le chasseur furtif Sukhoi Su-57.<\/span><br \/>\n                                    <span class=\"article-full__media-author\">Photo AFP<\/span><br \/>\n                            <\/figcaption><\/figure>\n<\/div>\n<\/div>\n<\/div>\n<div id=\"live_post_EVMOJTT7YQ5HWAA\"><span class=\"live-post__date\">10h45.<\/span><\/p>\n<div class=\"live-post__content\">\n<h2 class=\"live-post__title\">Le ton monte entre Volodymyr Zelensky et les autorit\u00e9s isra\u00e9liennes, Kiev accuse Tel-Aviv d\u2019avoir import\u00e9 des c\u00e9r\u00e9ales &#8220;vol\u00e9es par la Russie&#8221;<\/h2>\n<p class=\"live-post__amorce\">Le ton monte entre Kiev et Tel-Aviv apr\u00e8s les accusations de Volodymyr Zelensky concernant l\u2019achat de c\u00e9r\u00e9ales ukrainiennes &#8220;vol\u00e9es&#8221; par la Russie. Alors que l\u2019Ukraine d\u00e9nonce un syst\u00e8me de recel criminel dans le port de Ha\u00effa, Isra\u00ebl rejette fermement des all\u00e9gations jug\u00e9es sans preuve.<\/p>\n<p><a href=\"https:\/\/www.ladepeche.fr\/2026\/04\/28\/guerre-en-ukraine-le-ton-monte-entre-volodymyr-zelensky-et-les-autorites-israeliennes-kiev-accuse-tel-aviv-davoir-importe-des-cereales-volees-par-la-13347786.php\" target=\"_blank\" rel=\"noopener noreferrer nofollow\" class=\"\"><strong>\ud83d\udc49 Notre article ici <\/strong><\/a> <\/p>\n<div class=\"center-align\" rel=\"js-article-inline-img\" data-protec-aida=\"image\">\n<figure class=\"std-img\" data-src=\"https:\/\/images.ladepeche.fr\/api\/v1\/images\/view\/69f1c942d32e6ffcac0fdd4e\/original\/image.jpg?v=1\">\n        <img decoding=\"async\" class=\"std-img__img responsive-img\" src=\"http:\/\/pressactu.com\/wp-content\/uploads\/2026\/04\/1777503001_180_image.jpg?v=1\" alt=\"Volodymyr Zelensky accuse la Russie d\u2019avoir vol\u00e9 des c\u00e9r\u00e9ales ukrainiennes.\"\/><figcaption class=\"article-full__media-infos\">\n                <span class=\"article-full__media-legend\">Volodymyr Zelensky accuse la Russie d\u2019avoir vol\u00e9 des c\u00e9r\u00e9ales ukrainiennes.<\/span><br \/>\n                                    <span class=\"article-full__media-author\">Photo EPA &#8211; GEORGE CHRISTOFOROU<\/span><br \/>\n                            <\/figcaption><\/figure>\n<\/div>\n<\/div>\n<\/div>\n<div id=\"live_post_EVMOJRNEGC43IYY\"><span class=\"live-post__date\">10h01.<\/span><\/p>\n<div class=\"live-post__content\">\n<h2 class=\"live-post__title\">Que s&#8217;est-il pass\u00e9 \u00e0 Kiev hier?\u00a0<\/h2>\n<p class=\"live-post__amorce\">Une attaque de drones russes a eu lieu ce mardi 28 avril en d\u00e9but d\u2019apr\u00e8s-midi (heure locale) \u00e0 Kiev, capitale ukrainienne. Un des drones a touch\u00e9 un immeuble r\u00e9sidentiel.<\/p>\n<p><a href=\"https:\/\/www.ladepeche.fr\/2026\/04\/28\/video-guerre-en-ukraine-fortes-explosions-entendues-a-kiev-pendant-une-attaque-de-drones-russes-un-immeuble-residentiel-touche-13347395.php\" target=\"_blank\" rel=\"noopener noreferrer nofollow\" class=\"\"><strong>\ud83d\udc49 Notre article ici <\/strong><\/a> <\/p>\n<div class=\"extemb-container\">\n<blockquote data-class=\"twitter-tweet\">\n<p lang=\"fr\" dir=\"ltr\">ud83cuddfaud83cudde6ud83eudd2c Kyiv. Ukraine.<\/p>\n<p>Attaque de drones, en pleine journ\u00e9e.<\/p>\n<p>Un des drones a touch\u00e9 un immeuble r\u00e9sidentiel. Les d\u00e9bris d\u2019un autre sont tomb\u00e9s sur le territoire d\u2019un cimeti\u00e8re.<\/p>\n<p>Avant, cela aurait \u00e9t\u00e9 une grosse info.<\/p>\n<p>Aujourd\u2019hui, on consid\u00e8re que c\u2019est banal.<\/p>\n<p>La guerre continue <a href=\"https:\/\/t.co\/ugGVW6JZjI\">pic.twitter.com\/ugGVW6JZjI<\/a><\/p>\n<p>\u2014 Cyrille Amoursky (@AmourskyCyrille) <a href=\"https:\/\/twitter.com\/AmourskyCyrille\/status\/2049095034515894392?ref_src=twsrc%5Etfw\">April 28, 2026<\/a><\/p><\/blockquote><\/div>\n<\/div>\n<\/div>\n<div id=\"live_post_EVMOJQJ6M1VM9DU\"><span class=\"live-post__date\">09h30.<\/span><\/p>\n<div class=\"live-post__content\">\n<h2 class=\"live-post__title\">Vladimir Poutine met en garde Kiev apr\u00e8s l\u2019intensification des attaques contre des infrastructures civiles russes<\/h2>\n<p class=\"live-post__amorce\">Apr\u00e8s une s\u00e9rie de frappes de drones ayant vis\u00e9 des installations p\u00e9troli\u00e8res russes, Vladimir Poutine accuse Kiev de cibler d\u00e9lib\u00e9r\u00e9ment des infrastructures civiles.<\/p>\n<p><a href=\"https:\/\/www.ladepeche.fr\/2026\/04\/29\/guerre-en-ukraine-vladimir-poutine-met-en-garde-kiev-apres-lintensification-des-attaques-contre-des-infrastructures-civiles-russes-13348622.php\" target=\"_blank\" rel=\"noopener noreferrer nofollow\" class=\"\"><strong>\ud83d\udc49 Notre article ici <\/strong><\/a> <\/p>\n<div class=\"center-align\" rel=\"js-article-inline-img\" data-protec-aida=\"image\">\n<figure class=\"std-img\" data-src=\"https:\/\/images.ladepeche.fr\/api\/v1\/images\/view\/69f1b3c830e91a34eb0c6a80\/original\/image.jpg?v=1\">\n        <img decoding=\"async\" class=\"std-img__img responsive-img\" src=\"http:\/\/pressactu.com\/wp-content\/uploads\/2026\/04\/1777503001_355_image.jpg?v=1\" alt=\"Le bilan humain des diff\u00e9rentes frappes ukrainiennes s\u2019\u00e9tablit \u00e0 au moins trois personnes d\u00e9c\u00e9d\u00e9es, selon les responsables locaux.\"\/><figcaption class=\"article-full__media-infos\">\n                <span class=\"article-full__media-legend\">Le bilan humain des diff\u00e9rentes frappes ukrainiennes s\u2019\u00e9tablit \u00e0 au moins trois personnes d\u00e9c\u00e9d\u00e9es, selon les responsables locaux.<\/span><br \/>\n                                    <span class=\"article-full__media-author\">Photo MIKHAIL METZEL\/SPUTNIK\/KREMLIN POOL<\/span><br \/>\n                            <\/figcaption><\/figure>\n<\/div>\n<\/div>\n<\/div>\n<div id=\"live_post_EVMOJQIJCKIR2O5\"><span class=\"live-post__date\">09h29.<\/span><\/p>\n<div class=\"live-post__content\">\n<h2 class=\"live-post__title\">Devant le Congr\u00e8s am\u00e9ricain, Charles III appelle les Etats-Unis \u00e0 rester fid\u00e8les \u00e0 leurs alli\u00e9s occidentaux<\/h2>\n<p class=\"live-post__amorce\">Dans un rare discours devant le Congr\u00e8s am\u00e9ricain, Charles III a appel\u00e9 mardi les Etats-Unis \u00e0 rester fid\u00e8les \u00e0 leurs alli\u00e9s occidentaux historiques, au moment o\u00f9 la &#8220;relation sp\u00e9ciale&#8221; avec le Royaume-Uni est secou\u00e9e par de vives tensions sur les guerres en Iran et en Ukraine. <\/p>\n<p><strong>L&#8217;alliance entre les deux pays &#8220;ne peut pas se reposer sur les r\u00e9ussites pass\u00e9es<\/strong> &#8220;, a d\u00e9clar\u00e9 mardi le souverain britannique devant des parlementaires am\u00e9ricains acquis \u00e0 sa cause, apr\u00e8s avoir \u00e9t\u00e9 re\u00e7u en matin\u00e9e par Donald Trump dans une pompe rare \u00e0 la Maison Blanche.<\/p>\n<\/div>\n<\/div>\n<div id=\"live_post_EVMOJQFE50AYBXY\"><span class=\"live-post__date\">09h27.<\/span><\/p>\n<p><h2 class=\"live-post__title\">Des drones ukrainiens visent des installations industrielles dans l\u2019Oural, en Russie\u00a0<\/h2>\n<\/p>\n<\/div>\n<div id=\"live_post_EVMOJQET67GGYHH\"><span class=\"live-post__date\">09h26.<\/span><\/p>\n<div class=\"live-post__content\">\n<h2 class=\"live-post__title\">Bonjour et bienvenue\u00a0<\/h2>\n<p class=\"live-post__amorce\">Bienvenue dans ce direct consacr\u00e9 \u00e0 la guerre en Ukraine. <\/p>\n<\/div>\n<\/div>\n<p><script async src=\"\/\/platform.twitter.com\/widgets.js\" charset=\"utf-8\"><\/script><br \/><a href=\"https:\/\/www.ladepeche.fr\/2026\/04\/29\/direct-guerre-en-ukraine-kiev-a-lance-des-drones-sur-des-infrastructures-industrielles-en-russie-un-incendie-sest-declare-13348642.php\">source<\/a><\/p>\n","protected":false},"excerpt":{"rendered":"<p>22h57. Merci pour votre lecture C&#8217;est la fin de ce direct 19h45. Vladimir Poutine s&#8217;est dit &#8220;pr\u00eat pour une tr\u00eave le 9 mai&#8221;, un accord &#8220;imminent&#8221; pour mettre fin au conflit selon la Maison Blanche Le pr\u00e9sident russe s&#8217;est entretenu pendant pr\u00e8s de 90 minutes avec Donald Trump. &#8220;Donald Trump estime qu&#8217;un accord pour mettre [&hellip;]<\/p>\n","protected":false},"author":1,"featured_media":130093,"comment_status":"open","ping_status":"open","sticky":false,"template":"","format":"standard","meta":{"_monsterinsights_skip_tracking":false,"_monsterinsights_sitenote_active":false,"_monsterinsights_sitenote_note":"","_monsterinsights_sitenote_category":0,"footnotes":""},"categories":[1],"tags":[],"coauthors":[77],"class_list":["post-130092","post","type-post","status-publish","format-standard","has-post-thumbnail","hentry","category-a-la-une"],"aioseo_notices":[],"_links":{"self":[{"href":"https:\/\/pressactu.com\/index.php?rest_route=\/wp\/v2\/posts\/130092","targetHints":{"allow":["GET"]}}],"collection":[{"href":"https:\/\/pressactu.com\/index.php?rest_route=\/wp\/v2\/posts"}],"about":[{"href":"https:\/\/pressactu.com\/index.php?rest_route=\/wp\/v2\/types\/post"}],"author":[{"embeddable":true,"href":"https:\/\/pressactu.com\/index.php?rest_route=\/wp\/v2\/users\/1"}],"replies":[{"embeddable":true,"href":"https:\/\/pressactu.com\/index.php?rest_route=%2Fwp%2Fv2%2Fcomments&post=130092"}],"version-history":[{"count":0,"href":"https:\/\/pressactu.com\/index.php?rest_route=\/wp\/v2\/posts\/130092\/revisions"}],"wp:featuredmedia":[{"embeddable":true,"href":"https:\/\/pressactu.com\/index.php?rest_route=\/wp\/v2\/media\/130093"}],"wp:attachment":[{"href":"https:\/\/pressactu.com\/index.php?rest_route=%2Fwp%2Fv2%2Fmedia&parent=130092"}],"wp:term":[{"taxonomy":"category","embeddable":true,"href":"https:\/\/pressactu.com\/index.php?rest_route=%2Fwp%2Fv2%2Fcategories&post=130092"},{"taxonomy":"post_tag","embeddable":true,"href":"https:\/\/pressactu.com\/index.php?rest_route=%2Fwp%2Fv2%2Ftags&post=130092"},{"taxonomy":"author","embeddable":true,"href":"https:\/\/pressactu.com\/index.php?rest_route=%2Fwp%2Fv2%2Fcoauthors&post=130092"}],"curies":[{"name":"wp","href":"https:\/\/api.w.org\/{rel}","templated":true}]}}