{"id":130085,"date":"2026-04-29T21:44:03","date_gmt":"2026-04-29T21:44:03","guid":{"rendered":"https:\/\/pressactu.com\/?p=130085"},"modified":"2026-04-29T21:44:03","modified_gmt":"2026-04-29T21:44:03","slug":"ancien-militaire-passe-par-les-zones-de-guerre-jean-louis-jimenez-devient-le-grand-argentier-du-passage-et-bras-droit-du-maire-fremy","status":"publish","type":"post","link":"https:\/\/pressactu.com\/?p=130085","title":{"rendered":"Ancien militaire pass\u00e9 par les zones de guerre, Jean-Louis Jimenez devient le &quot;grand argentier&quot; du Passage et bras droit du maire Fr\u00e9my"},"content":{"rendered":"<p>\n                                                                    <span class=\"article-full__chapo-label hide-on-small-only\">l&#8217;essentiel<\/span><br \/>\n                                                                Le premier adjoint incarne le pilier de la vie municipale. \u00c0 la mairie du Passage, Jean-Louis Jimenez conjugue finances, \u00e9conomie et engagement local, garantissant la continuit\u00e9 et la coh\u00e9rence de l\u2019action communale.\n                            <\/p>\n<div rel=\"js-article-content\" data-state=\"fixed-height\" data-selection=\"disabled\">\n                                                                                                                            <!-- Pub DFP Position [outstream] --><\/p>\n<p>Le premier adjoint tient une place particuli\u00e8rement importante au sein du conseil municipal. Il est le principal collaborateur du maire et joue un r\u00f4le essentiel dans le fonctionnement quotidien de la commune. Souvent, c\u2019est un proche, choisi dans le premier cercle, la base de leur collaboration reposant sur une confiance mutuelle. Dans ce r\u00f4le, il appara\u00eet comme une figure cl\u00e9 de l\u2019ex\u00e9cutif local.<br \/>Sa mission premi\u00e8re est de remplacer le maire en cas d\u2019absence ou d\u2019emp\u00eachement. Il peut alors pr\u00e9sider le conseil municipal, engager la signature du maire ou repr\u00e9senter officiellement la commune. Il garantit ainsi, en toutes circonstances, la continuit\u00e9 de l\u2019action municipale.<\/p>\n<p><!-- Pub DFP Position [article] --><\/p>\n<p>Au-del\u00e0 de cette mission de suppl\u00e9ance, le premier adjoint re\u00e7oit des d\u00e9l\u00e9gations souvent transversales pour suivre les grands dossiers et coordonner l\u2019action des adjoints, en veillant \u00e0 la coh\u00e9rence et \u00e0 l\u2019avancement des projets municipaux.<br \/>\u00c0 la mairie du Passage, Jean-Louis pilote d\u00e9sormais les dossiers \u00e9conomiques, l\u2019emploi et l\u2019\u00e9tat civil, tout en endossant le r\u00f4le de \u00ab\u00a0grand argentier\u00a0\u00bb de la commune avec la d\u00e9l\u00e9gation aux finances.<\/p>\n<h2 class=\"txt-int\">Un Catalan en terre passageoise<\/h2>\n<p>Jean-Louis Jimenez est Perpignanais d\u2019origine, Agenais et Passageois d\u2019adoption, et fervent amateur de rugby.<br \/>De Perpignan o\u00f9, jeune, il a jou\u00e9 \u00e0 l\u2019USAP, \u00e0 Agen, entre une demi-finale br\u00fblante en 2015 et des duels accroch\u00e9s en Top 14, le choix du c\u0153ur n\u2019a d\u00fb rien avoir d\u2019\u00e9vident pour ce supporter, aujourd\u2019hui acquis au SUA et \u00e0 l\u2019ASP o\u00f9 est inscrit son petit-fils. Mari\u00e9, p\u00e8re de trois enfants, il a aussi cinq petits-enfants.<\/p>\n<p>Apr\u00e8s une carri\u00e8re militaire en partie effectu\u00e9e au 48e r\u00e9giment des transmissions d\u2019Agen et de nombreuses p\u00e9riodes en mission, un peu partout sur les points chauds de la plan\u00e8te, il s\u2019est finalement pos\u00e9 au lyc\u00e9e Bernard-Palissy, dans un environnement apais\u00e9, une fois r\u00e9ussi le concours de l\u2019administration dans l\u2019\u00c9ducation nationale.<br \/>Il occupe aujourd\u2019hui le poste d\u2019adjoint \u00e0 la gestion de l\u2019agence comptable du lyc\u00e9e o\u00f9 il a rencontr\u00e9 un professeur, Gilles Fr\u00e9my, maire actuel du Passage. C\u2019\u00e9tait en 2010.<br \/>Apr\u00e8s avoir un temps habit\u00e9 dans le quartier des Hauts-de-Garonne, Jean-Louis s\u2019est fix\u00e9 dans celui de Monbusq en 2007. Son implication dans la vie locale est entre autres marqu\u00e9e par un engagement associatif fort aupr\u00e8s de l\u2019ALPA gym pendant une vingtaine d\u2019ann\u00e9es, dont quinze de pr\u00e9sidence.<\/p>\n<p>Homme de terrain, impliqu\u00e9 dans sa commune, dot\u00e9 de solides comp\u00e9tences en gestion et fid\u00e8le \u00e0 l\u2019homme qu\u2019il sert d\u00e9sormais, il appara\u00eet comme le profil type du premier adjoint.<\/p>\n<\/p><\/div>\n<p><a href=\"https:\/\/www.ladepeche.fr\/2026\/04\/29\/ancien-militaire-passe-par-les-zones-de-guerre-jean-louis-jimenez-devient-le-grand-argentier-du-passage-et-bras-droit-du-maire-fremy-13348934.php\">source<\/a><\/p>\n","protected":false},"excerpt":{"rendered":"<p>l&#8217;essentiel Le premier adjoint incarne le pilier de la vie municipale. \u00c0 la mairie du Passage, Jean-Louis Jimenez conjugue finances, \u00e9conomie et engagement local, garantissant la continuit\u00e9 et la coh\u00e9rence de l\u2019action communale. Le premier adjoint tient une place particuli\u00e8rement importante au sein du conseil municipal. Il est le principal collaborateur du maire et joue [&hellip;]<\/p>\n","protected":false},"author":1,"featured_media":130086,"comment_status":"open","ping_status":"open","sticky":false,"template":"","format":"standard","meta":{"_monsterinsights_skip_tracking":false,"_monsterinsights_sitenote_active":false,"_monsterinsights_sitenote_note":"","_monsterinsights_sitenote_category":0,"footnotes":""},"categories":[74],"tags":[],"coauthors":[77],"class_list":["post-130085","post","type-post","status-publish","format-standard","has-post-thumbnail","hentry","category-economie"],"aioseo_notices":[],"_links":{"self":[{"href":"https:\/\/pressactu.com\/index.php?rest_route=\/wp\/v2\/posts\/130085","targetHints":{"allow":["GET"]}}],"collection":[{"href":"https:\/\/pressactu.com\/index.php?rest_route=\/wp\/v2\/posts"}],"about":[{"href":"https:\/\/pressactu.com\/index.php?rest_route=\/wp\/v2\/types\/post"}],"author":[{"embeddable":true,"href":"https:\/\/pressactu.com\/index.php?rest_route=\/wp\/v2\/users\/1"}],"replies":[{"embeddable":true,"href":"https:\/\/pressactu.com\/index.php?rest_route=%2Fwp%2Fv2%2Fcomments&post=130085"}],"version-history":[{"count":0,"href":"https:\/\/pressactu.com\/index.php?rest_route=\/wp\/v2\/posts\/130085\/revisions"}],"wp:featuredmedia":[{"embeddable":true,"href":"https:\/\/pressactu.com\/index.php?rest_route=\/wp\/v2\/media\/130086"}],"wp:attachment":[{"href":"https:\/\/pressactu.com\/index.php?rest_route=%2Fwp%2Fv2%2Fmedia&parent=130085"}],"wp:term":[{"taxonomy":"category","embeddable":true,"href":"https:\/\/pressactu.com\/index.php?rest_route=%2Fwp%2Fv2%2Fcategories&post=130085"},{"taxonomy":"post_tag","embeddable":true,"href":"https:\/\/pressactu.com\/index.php?rest_route=%2Fwp%2Fv2%2Ftags&post=130085"},{"taxonomy":"author","embeddable":true,"href":"https:\/\/pressactu.com\/index.php?rest_route=%2Fwp%2Fv2%2Fcoauthors&post=130085"}],"curies":[{"name":"wp","href":"https:\/\/api.w.org\/{rel}","templated":true}]}}