{"id":130078,"date":"2026-04-29T21:08:03","date_gmt":"2026-04-29T21:08:03","guid":{"rendered":"https:\/\/pressactu.com\/?p=130078"},"modified":"2026-04-29T21:08:03","modified_gmt":"2026-04-29T21:08:03","slug":"rugby-yolene-castes-succede-a-michel-ruamps-a-la-tete-du-comite-departemental-de-tarn-et-garonne","status":"publish","type":"post","link":"https:\/\/pressactu.com\/?p=130078","title":{"rendered":"Rugby. Yol\u00e8ne Castes succ\u00e8de \u00e0 Michel Ruamps \u00e0 la t\u00eate du Comit\u00e9 d\u00e9partemental de Tarn-et-Garonne"},"content":{"rendered":"<p>\n                                                                    <span class=\"article-full__chapo-label hide-on-small-only\">l&#8217;essentiel<\/span><br \/>\n                                                                Sans surprise, c\u2019est Yol\u00e8ne Castes qui prend l\u2019int\u00e9rim de Michel Ruamps \u00e0 la pr\u00e9sidence du Comit\u00e9 de Tarn-et-Garonne jusqu\u2019\u00e0 la prochaine assembl\u00e9e g\u00e9n\u00e9rale, d\u00e9sign\u00e9e \u00e0 l\u2019unanimit\u00e9 ce mercredi soir.\n                            <\/p>\n<div rel=\"js-article-content\" data-state=\"fixed-height\" data-selection=\"disabled\">\n<p>Comme une lettre \u00e0 la Poste serait-on tent\u00e9 de dire. La semaine derni\u00e8re Michel Ruamps faisait le choix de se mettre en retrait de la pr\u00e9sidence du Comit\u00e9 d\u00e9partemental, apr\u00e8s dix ans de mandat. \u00ab\u00a0Je ne peux plus consacrer tout mon temps comme avant \u00e0 diriger le Comit\u00e9. Il est important d\u2019avoir quelqu\u2019un qui s\u2019implique beaucoup plus fortement\u00a0\u00bb nous expliquait-il la semaine derni\u00e8re, tout en restant bien entendu au comit\u00e9 directeur. Ce mercredi soir, dans les locaux d\u00e9partementaux, il fallait donc d\u00e9signer un successeur. C\u2019est finalement \u00e0 l\u2019unanimit\u00e9 que Yol\u00e8ne Castes a \u00e9t\u00e9 d\u00e9sign\u00e9e. Elle n\u2019est \u00e9videmment pas une inconnue dans le petit monde de l\u2019ovalie dans le d\u00e9partement, un monde qu\u2019elle conna\u00eet \u00e9videmment sur le bout des doigts, de Reyni\u00e8s au Racing Montauban en passant bien \u00e9videmment par ses fonctions au sein de l\u2019instance d\u00e9partementale, en tant que vice-pr\u00e9sidente en charge du rugby amateur et des comp\u00e9titions. Elle semblait donc \u00eatre la plus l\u00e9gitime \u00e0 succ\u00e9der \u00e0 Michel Ruamps. Et le vote \u00e0 l\u2019unanimit\u00e9 en sa faveur ne fait que confirmer cette l\u00e9gitimit\u00e9. En attendant l\u2019\u00e9lection de la ou du nouveau pr\u00e9sident en octobre-novembre prochain (pas de liste, pas de campagne) Yol\u00e8ne Castes devrait amener un peu plus de s\u00e9r\u00e9nit\u00e9 dans le fonctionnement du comit\u00e9. \u00ab\u00a0Je remercie tout le monde de cette confiance, cela me rassure. Nous allons travailler tous ensemble, dans l\u2019unit\u00e9, nous recentrer sur les bases\u00a0\u00bb s\u2019est-elle exprim\u00e9e dans la foul\u00e9e.<\/p>\n<\/p><\/div>\n<p><a href=\"https:\/\/www.ladepeche.fr\/2026\/04\/29\/rugby-yolene-castes-succede-a-michel-ruamps-a-la-tete-du-comite-departemental-de-tarn-et-garonne-13349694.php\">source<\/a><\/p>\n","protected":false},"excerpt":{"rendered":"<p>l&#8217;essentiel Sans surprise, c\u2019est Yol\u00e8ne Castes qui prend l\u2019int\u00e9rim de Michel Ruamps \u00e0 la pr\u00e9sidence du Comit\u00e9 de Tarn-et-Garonne jusqu\u2019\u00e0 la prochaine assembl\u00e9e g\u00e9n\u00e9rale, d\u00e9sign\u00e9e \u00e0 l\u2019unanimit\u00e9 ce mercredi soir. Comme une lettre \u00e0 la Poste serait-on tent\u00e9 de dire. La semaine derni\u00e8re Michel Ruamps faisait le choix de se mettre en retrait de la [&hellip;]<\/p>\n","protected":false},"author":1,"featured_media":130079,"comment_status":"open","ping_status":"open","sticky":false,"template":"","format":"standard","meta":{"_monsterinsights_skip_tracking":false,"_monsterinsights_sitenote_active":false,"_monsterinsights_sitenote_note":"","_monsterinsights_sitenote_category":0,"footnotes":""},"categories":[71],"tags":[],"coauthors":[77],"class_list":["post-130078","post","type-post","status-publish","format-standard","has-post-thumbnail","hentry","category-sport"],"aioseo_notices":[],"_links":{"self":[{"href":"https:\/\/pressactu.com\/index.php?rest_route=\/wp\/v2\/posts\/130078","targetHints":{"allow":["GET"]}}],"collection":[{"href":"https:\/\/pressactu.com\/index.php?rest_route=\/wp\/v2\/posts"}],"about":[{"href":"https:\/\/pressactu.com\/index.php?rest_route=\/wp\/v2\/types\/post"}],"author":[{"embeddable":true,"href":"https:\/\/pressactu.com\/index.php?rest_route=\/wp\/v2\/users\/1"}],"replies":[{"embeddable":true,"href":"https:\/\/pressactu.com\/index.php?rest_route=%2Fwp%2Fv2%2Fcomments&post=130078"}],"version-history":[{"count":0,"href":"https:\/\/pressactu.com\/index.php?rest_route=\/wp\/v2\/posts\/130078\/revisions"}],"wp:featuredmedia":[{"embeddable":true,"href":"https:\/\/pressactu.com\/index.php?rest_route=\/wp\/v2\/media\/130079"}],"wp:attachment":[{"href":"https:\/\/pressactu.com\/index.php?rest_route=%2Fwp%2Fv2%2Fmedia&parent=130078"}],"wp:term":[{"taxonomy":"category","embeddable":true,"href":"https:\/\/pressactu.com\/index.php?rest_route=%2Fwp%2Fv2%2Fcategories&post=130078"},{"taxonomy":"post_tag","embeddable":true,"href":"https:\/\/pressactu.com\/index.php?rest_route=%2Fwp%2Fv2%2Ftags&post=130078"},{"taxonomy":"author","embeddable":true,"href":"https:\/\/pressactu.com\/index.php?rest_route=%2Fwp%2Fv2%2Fcoauthors&post=130078"}],"curies":[{"name":"wp","href":"https:\/\/api.w.org\/{rel}","templated":true}]}}