{"id":130076,"date":"2026-04-29T20:03:19","date_gmt":"2026-04-29T20:03:19","guid":{"rendered":"https:\/\/pressactu.com\/?p=130076"},"modified":"2026-04-29T20:03:19","modified_gmt":"2026-04-29T20:03:19","slug":"le-marche-de-prayssac-enflamme-la-competition-ce-joyau-du-lot-vise-le-titre-de-plus-beau-marche-de-france-les-votes-sont-ouverts","status":"publish","type":"post","link":"https:\/\/pressactu.com\/?p=130076","title":{"rendered":"Le march\u00e9 de Prayssac enflamme la comp\u00e9tition : ce joyau du Lot vise le titre de plus beau march\u00e9 de France, les votes sont ouverts\u202f!"},"content":{"rendered":"<p>\n                                                                    <span class=\"article-full__chapo-label hide-on-small-only\">l&#8217;essentiel<\/span><br \/>\n                                                                Le concours national de TF1, en partenariat avec La D\u00e9p\u00eache du Midi, a d\u00e9but\u00e9 ce lundi. Le march\u00e9 de Prayssac, institution lotoise depuis 1977, compte sur votre mobilisation pour d\u00e9crocher le titre supr\u00eame.\n                            <\/p>\n<div rel=\"js-article-content\">\n                                                                                                                            <!-- Pub DFP Position [outstream] --><\/p>\n<p>Lundi 27 avril,\u202fMarie-Sophie Lacarrau avec l&#8217;\u00e9quipe du JT de 13H, en collaboration avec La D\u00e9p\u00eache du Midi,\u202fa r\u00e9v\u00e9l\u00e9 les 24 march\u00e9s en lice pour la neuvi\u00e8me saison de l&#8217;\u00e9lection du plus beau march\u00e9 de France. Parmi eux, le Lot tire son \u00e9pingle du jeu avec le march\u00e9 de Prayssac. Un choix qui ne sort pas de nulle part.<\/p>\n<p><!-- Pub DFP Position [article] --><\/p>\n<p>En 2019, celui-ci avait d\u00e9j\u00e0 \u00e9t\u00e9 \u00e9lu le plus beau march\u00e9 Midi-Pyr\u00e9n\u00e9es. Aujourd\u2019hui, pour cette saison\u202f9, le mode de s\u00e9lection a chang\u00e9, mais l&#8217;envie de mettre en lumi\u00e8re ce rendez-vous d&#8217;exception demeure.<\/p>\n<h2 class=\"txt-int\">Un rendez-vous hebdomadaire depuis 1977<\/h2>\n<p>Cr\u00e9\u00e9 en 1977, le march\u00e9 de Prayssac a lieu chaque vendredi de 7\u202fheures \u00e0 13\u202fheures et r\u00e9unit pr\u00e8s de 130\u202fproducteurs. D\u2019avril \u00e0 octobre et durant la p\u00e9riode hivernale, ce sont ainsi pr\u00e8s de 90\u202f\u00e9tals qui sont rassembl\u00e9s autour de l\u2019\u00e9glise.<\/p>\n<p><iframe width=\"600\" height=\"450\" style=\"border:0;\" allowfullscreen=\"\" loading=\"lazy\" referrerpolicy=\"no-referrer-when-downgrade\" data-src=\"https:\/\/www.google.com\/maps\/embed?pb=!1m18!1m12!1m3!1d321.88364206967407!2d1.1883833870611948!3d44.504009121554574!2m3!1f0!2f0!3f0!3m2!1i1024!2i768!4f13.1!3m3!1m2!1s0x12ab7da0a922ad75%3A0x69a093d4d0cda1a5!2s10%20PLACE%20D'ISTRIE%2C%2046220%20Prayssac!5e1!3m2!1sfr!2sfr!4v1777454512089!5m2!1sfr!2sfr\"><\/iframe><\/p>\n<p>Sur place, les rues attenantes fourmillent \u00e9galement de passants qui se pressent sur les \u00e9tals divers et vari\u00e9s pour faire leurs courses de la semaine. La notori\u00e9t\u00e9 du rendez-vous lui a permis de\u202fgagner en commer\u00e7ants\u202f: des fruits et l\u00e9gumes frais, au fromage de la r\u00e9gion, des \u00e9pices color\u00e9es aux confitures savoureuses et poulets \u00e0 la broche dont le parfum met toujours en app\u00e9tit.<\/p>\n<div class=\"center-align\" rel=\"js-article-inline-img\" data-protec-aida=\"image\">\n<figure class=\"std-img\" data-src=\"https:\/\/images.ladepeche.fr\/api\/v1\/images\/view\/69f1c876dadc33fd87024422\/original\/image.jpg?v=1\">\n        <img decoding=\"async\" class=\"std-img__img responsive-img\" src=\"http:\/\/pressactu.com\/wp-content\/uploads\/2026\/04\/1777492999_325_image.jpg?v=1\" alt=\"Vue de la place d\u2019Istrie du march\u00e9 de Prayssac.\"\/><figcaption class=\"article-full__media-infos\">\n                <span class=\"article-full__media-legend\">Vue de la place d\u2019Istrie du march\u00e9 de Prayssac.<\/span><br \/>\n                                    <span class=\"article-full__media-author\">DDM archives &#8211; Jean-Pierre Kessas<\/span><br \/>\n                            <\/figcaption><\/figure>\n<\/div>\n<p>Aujourd\u2019hui, s&#8217;il y a plus de producteurs, c&#8217;est aussi gr\u00e2ce \u00e0 la\u202fcommission \u00e9ponyme\u202fconstitu\u00e9e d\u2019\u00e9lus, de deux repr\u00e9sentants du march\u00e9, de commer\u00e7ants s\u00e9dentaires et du placier. Celle-ci contr\u00f4le et maintient la diversit\u00e9 et la qualit\u00e9 de l\u2019offre.<\/p>\n<h2 class=\"txt-int\">Le c\u0153ur battant de Prayssac<\/h2>\n<p>Le march\u00e9 est le grand rendez-vous du\u202fvendredi matin dans le centre-bourg de cette ville en \u00e9volution de\u202f2\u202f560\u202fhabitants. Devenu\u202fincontournable, il attire\u202fdes visiteurs venus de tout le d\u00e9partement et d&#8217;au-del\u00e0. Certains sont l\u00e0 depuis de nombreuses ann\u00e9es\u202f; d\u2019ailleurs, le plus ancien du march\u00e9, Daniel Vigouroux, pr\u00e9sent depuis 1978, n&#8217;a pris sa\u202fretraite que le 1er\u202fjanvier dernier.\u202fFort de cette reconnaissance, le march\u00e9 jouit d&#8217;une liste d&#8217;attente d\u2019environ trente\u202fcommer\u00e7ants inscrits.<\/p>\n<div class=\"center-align\" rel=\"js-article-inline-img\" data-protec-aida=\"image\">\n<figure class=\"std-img\" data-src=\"https:\/\/images.ladepeche.fr\/api\/v1\/images\/view\/69f1c9e66633f6e214080cf2\/original\/image.png?v=1\">\n        <img decoding=\"async\" class=\"std-img__img responsive-img\" src=\"http:\/\/pressactu.com\/wp-content\/uploads\/2026\/04\/1777492999_718_image.png?v=1\" alt=\"Votez en un clique avec ce QR code.\"\/><figcaption class=\"article-full__media-infos\">\n                <span class=\"article-full__media-legend\">Votez en un clique avec ce QR code.<\/span><br \/>\n                            <\/figcaption><\/figure>\n<\/div>\n<p>Peut-\u00eatre parce qu&#8217;il\u202frefl\u00e8te l\u2019authenticit\u00e9 et la chaleur du Sud-Ouest. Ce territoire, o\u00f9 il fait bon vivre et o\u00f9 les gens\u202fsont heureux de s\u2019y retrouver chaque semaine. En somme, un rendez-vous et un\u202fmoment de vie, avec ses couleurs, ses fruits et ses l\u00e9gumes.\u202f<\/p>\n<p>\u00c0 pr\u00e9sent, c\u2019est au public de trancher, en votant jusqu\u2019au 28\u202fmai. De l\u00e0, dix\u202fmarch\u00e9s seront s\u00e9lectionn\u00e9s du 1er\u202fau 12\u202fjuin, avant la grande finale pr\u00e9vue pour le 15\u202fjuin. L&#8217;annonce du march\u00e9 laur\u00e9at se fera la semaine du 22\u202fjuin. Pour voter, il faut s\u2019inscrire sur <a href=\"https:\/\/www.tf1info.fr\/votre-plus-beau-marche\/\" target=\"_self\">votreplusbeaumarch\u00e9.fr<\/a>. Il est possible de\u202fvoter dix\u202ffois par jour.<\/p>\n<\/p><\/div>\n<p><a href=\"https:\/\/www.ladepeche.fr\/2026\/04\/29\/le-marche-de-prayssac-enflamme-la-competition-ce-joyau-du-lot-vise-le-titre-de-plus-beau-marche-de-france-les-votes-sont-ouverts-13348807.php\">source<\/a><\/p>\n","protected":false},"excerpt":{"rendered":"<p>l&#8217;essentiel Le concours national de TF1, en partenariat avec La D\u00e9p\u00eache du Midi, a d\u00e9but\u00e9 ce lundi. Le march\u00e9 de Prayssac, institution lotoise depuis 1977, compte sur votre mobilisation pour d\u00e9crocher le titre supr\u00eame. Lundi 27 avril,\u202fMarie-Sophie Lacarrau avec l&#8217;\u00e9quipe du JT de 13H, en collaboration avec La D\u00e9p\u00eache du Midi,\u202fa r\u00e9v\u00e9l\u00e9 les 24 march\u00e9s [&hellip;]<\/p>\n","protected":false},"author":1,"featured_media":130077,"comment_status":"open","ping_status":"open","sticky":false,"template":"","format":"standard","meta":{"_monsterinsights_skip_tracking":false,"_monsterinsights_sitenote_active":false,"_monsterinsights_sitenote_note":"","_monsterinsights_sitenote_category":0,"footnotes":""},"categories":[74],"tags":[],"coauthors":[77],"class_list":["post-130076","post","type-post","status-publish","format-standard","has-post-thumbnail","hentry","category-economie"],"aioseo_notices":[],"_links":{"self":[{"href":"https:\/\/pressactu.com\/index.php?rest_route=\/wp\/v2\/posts\/130076","targetHints":{"allow":["GET"]}}],"collection":[{"href":"https:\/\/pressactu.com\/index.php?rest_route=\/wp\/v2\/posts"}],"about":[{"href":"https:\/\/pressactu.com\/index.php?rest_route=\/wp\/v2\/types\/post"}],"author":[{"embeddable":true,"href":"https:\/\/pressactu.com\/index.php?rest_route=\/wp\/v2\/users\/1"}],"replies":[{"embeddable":true,"href":"https:\/\/pressactu.com\/index.php?rest_route=%2Fwp%2Fv2%2Fcomments&post=130076"}],"version-history":[{"count":0,"href":"https:\/\/pressactu.com\/index.php?rest_route=\/wp\/v2\/posts\/130076\/revisions"}],"wp:featuredmedia":[{"embeddable":true,"href":"https:\/\/pressactu.com\/index.php?rest_route=\/wp\/v2\/media\/130077"}],"wp:attachment":[{"href":"https:\/\/pressactu.com\/index.php?rest_route=%2Fwp%2Fv2%2Fmedia&parent=130076"}],"wp:term":[{"taxonomy":"category","embeddable":true,"href":"https:\/\/pressactu.com\/index.php?rest_route=%2Fwp%2Fv2%2Fcategories&post=130076"},{"taxonomy":"post_tag","embeddable":true,"href":"https:\/\/pressactu.com\/index.php?rest_route=%2Fwp%2Fv2%2Ftags&post=130076"},{"taxonomy":"author","embeddable":true,"href":"https:\/\/pressactu.com\/index.php?rest_route=%2Fwp%2Fv2%2Fcoauthors&post=130076"}],"curies":[{"name":"wp","href":"https:\/\/api.w.org\/{rel}","templated":true}]}}