{"id":130066,"date":"2026-04-29T17:48:59","date_gmt":"2026-04-29T17:48:59","guid":{"rendered":"https:\/\/pressactu.com\/?p=130066"},"modified":"2026-04-29T17:48:59","modified_gmt":"2026-04-29T17:48:59","slug":"sa-maman-esperait-quune-greffe-du-coeur-sauve-la-vie-de-son-fils-gabriel-2-ans-est-mort-faute-de-donneur","status":"publish","type":"post","link":"https:\/\/pressactu.com\/?p=130066","title":{"rendered":"Sa maman esp\u00e9rait qu\u2019une greffe du c\u0153ur sauve la vie de son fils\u00a0: Gabriel, 2 ans, est mort faute de donneur"},"content":{"rendered":"<p>\n                                                                    <span class=\"article-full__chapo-label hide-on-small-only\">l&#8217;essentiel<\/span><br \/>\n                                                                Atteint d\u2019une cardiomyopathie dilat\u00e9e depuis sa naissance, le petit Gabriel, 2 ans, est d\u00e9c\u00e9d\u00e9 \u00e0 l\u2019h\u00f4pital Necker o\u00f9 il \u00e9tait hospitalis\u00e9 depuis onze mois.\u00a0Sa m\u00e8re avait t\u00e9moign\u00e9 en mars dans &#8220;Ici Paris&#8221; de &#8220;l\u2019attente insoutenable&#8221; d\u2019un donneur.\n                            <\/p>\n<div rel=\"js-article-content\">\n                                                                                                                            <!-- Pub DFP Position [outstream] --><\/p>\n<p>St\u00e9phanie attendait depuis onze mois qu\u2019une greffe au c\u0153ur permette \u00e0 son fils de rester en vie. Le petit Gabriel, 2 ans, est mort \u00e0 l\u2019h\u00f4pital Necker de Paris samedi 25\u00a0avril 2026, rapporte <a href=\"https:\/\/www.charentelibre.fr\/sante\/hopital\/en-attente-d-une-greffe-cardiaque-gabriel-2-ans-s-en-est-alle-28846695.php\" target=\"_self\"><em>La Charente Libre<\/em><\/a>.<\/p>\n<p><!-- Pub DFP Position [article] --><\/p>\n<p>Le petit gar\u00e7on \u00e9tait atteint d\u2019une cardiomyopathie dilat\u00e9e, une maladie du c\u0153ur qui emp\u00eache une bonne contraction. La maladie a \u00e9t\u00e9 d\u00e9tect\u00e9e alors que Gabriel, n\u00e9 \u00e0 Caen (Calvados), n\u2019avait que 15 jours.\u00a0&#8220;Tout allait bien mais un jour, il n\u2019a pas mang\u00e9 comme d\u2019habitude. On a appel\u00e9 le 15 puis \u00e9t\u00e9 aux urgences. Ils ont trouv\u00e9 un souffle au c\u0153ur, les bilans sanguins n\u2019\u00e9taient pas bons, \u00e7a a \u00e9t\u00e9 la descente aux enfers &#8220;, confiait sa maman \u00e0 <em>Ouest-France<\/em>. Gabriel a pass\u00e9 11 mois \u00e0 l\u2019h\u00f4pital parisien, o\u00f9 il attendait une greffe.<\/p>\n<p class=\"std-elt__inline\">\n        <strong>\u00c0 lire aussi :<\/strong><br \/>\n        <a href=\"\/2025\/12\/06\/il-etait-a-la-recherche-dun-donneur-compatible-pour-guerir-sa-leucemie-raphael-a-ete-greffe-cette-semaine-13093452.php\">Il \u00e9tait \u00e0 la recherche d\u2019un donneur compatible pour gu\u00e9rir sa leuc\u00e9mie\u00a0: Rapha\u00ebl a \u00e9t\u00e9 greff\u00e9 cette semaine<\/a>\n    <\/p>\n<h2 class=\"txt-int\">&#8220;L\u2019attente est insoutenable&#8221;<\/h2>\n<p>Un mois avant le d\u00e9c\u00e8s de Gabriel, sa maman St\u00e9phanie disait aupr\u00e8s d\u2019I<a href=\"https:\/\/www.ici.fr\/emissions\/l-info-d-ici-ici-paris-ile-de-france\/l-attente-est-insoutenable-un-petit-garcon-de-deux-ans-espere-une-greffe-de-coeur-depuis-dix-mois-1411761\" target=\"_self\">ci Paris<\/a> vouloir briser le silence sur le sujet du don d\u2019organes des enfants. D\u2019apr\u00e8s leurs chiffres, le nombre de donneurs p\u00e9diatriques a baiss\u00e9 de 31\u00a0% en huit ans.\u00a0&#8220;L\u2019attente est insoutenable. Gabriel, c\u2019est un petit gar\u00e7on plein de vie. Il est toujours en train de danser, de chanter, il fait des bisous \u00e0 tout le monde&#8221;, racontait la m\u00e8re de famille \u00e0 l\u2019antenne locale.<\/p>\n<p>&#8220;Il y a un enjeu d\u2019information publique et de formation du personnel soignant. Il est important que les soignants informent les familles. Un donneur d\u00e9c\u00e9d\u00e9 peut sauver jusqu\u2019\u00e0 cinq vies, il faut savoir l\u2019envisager&#8221;, poursuivait le m\u00e9decin en charge de Gabriel.<\/p>\n<p class=\"std-elt__inline\">\n        <strong>\u00c0 lire aussi :<\/strong><br \/>\n        <a href=\"\/2025\/12\/03\/temoignage-sans-ca-il-ne-serait-pas-rentre-apres-un-infarctus-il-est-hospitalise-a-domicile-dans-lattente-dune-greffe-pour-le-coeur-13087775.php\">TEMOIGNAGE. &#8220;Sans \u00e7a, il ne serait pas rentr\u00e9\u2026&#8221;\u00a0: apr\u00e8s un infarctus, il est hospitalis\u00e9 \u00e0 domicile dans l\u2019attente d\u2019une greffe pour le c\u0153ur<\/a>\n    <\/p>\n<p>En France, la loi consid\u00e8re que toute personne est donneuse d\u2019organes apr\u00e8s sa mort, sauf si elle a exprim\u00e9 un refus de son vivant. Le don d\u2019organes est anonyme et gratuit. En cas de d\u00e9c\u00e8s d\u2019une personne mineure, l\u2019autorisation parentale est obligatoire pour effectuer un don. En 2025, 966 personnes sont mortes en France en attente de greffe, selon <a href=\"https:\/\/sante.gouv.fr\/actualites-presse\/presse\/communiques-de-presse\/article\/greffe-et-don-d-organes-et-de-tissus-bilan-d-activite-2025-et-barometre-d\" target=\"_self\">le minist\u00e8re de la Sant\u00e9<\/a>.<\/p>\n<\/p><\/div>\n<p><a href=\"https:\/\/www.ladepeche.fr\/2026\/04\/29\/sa-maman-esperait-quune-greffe-du-coeur-sauve-la-vie-de-son-fils-gabriel-2-ans-est-mort-faute-de-donneur-13347771.php\">source<\/a><\/p>\n","protected":false},"excerpt":{"rendered":"<p>l&#8217;essentiel Atteint d\u2019une cardiomyopathie dilat\u00e9e depuis sa naissance, le petit Gabriel, 2 ans, est d\u00e9c\u00e9d\u00e9 \u00e0 l\u2019h\u00f4pital Necker o\u00f9 il \u00e9tait hospitalis\u00e9 depuis onze mois.\u00a0Sa m\u00e8re avait t\u00e9moign\u00e9 en mars dans &#8220;Ici Paris&#8221; de &#8220;l\u2019attente insoutenable&#8221; d\u2019un donneur. St\u00e9phanie attendait depuis onze mois qu\u2019une greffe au c\u0153ur permette \u00e0 son fils de rester en vie. [&hellip;]<\/p>\n","protected":false},"author":1,"featured_media":130067,"comment_status":"open","ping_status":"open","sticky":false,"template":"","format":"standard","meta":{"_monsterinsights_skip_tracking":false,"_monsterinsights_sitenote_active":false,"_monsterinsights_sitenote_note":"","_monsterinsights_sitenote_category":0,"footnotes":""},"categories":[1],"tags":[],"coauthors":[77],"class_list":["post-130066","post","type-post","status-publish","format-standard","has-post-thumbnail","hentry","category-a-la-une"],"aioseo_notices":[],"_links":{"self":[{"href":"https:\/\/pressactu.com\/index.php?rest_route=\/wp\/v2\/posts\/130066","targetHints":{"allow":["GET"]}}],"collection":[{"href":"https:\/\/pressactu.com\/index.php?rest_route=\/wp\/v2\/posts"}],"about":[{"href":"https:\/\/pressactu.com\/index.php?rest_route=\/wp\/v2\/types\/post"}],"author":[{"embeddable":true,"href":"https:\/\/pressactu.com\/index.php?rest_route=\/wp\/v2\/users\/1"}],"replies":[{"embeddable":true,"href":"https:\/\/pressactu.com\/index.php?rest_route=%2Fwp%2Fv2%2Fcomments&post=130066"}],"version-history":[{"count":0,"href":"https:\/\/pressactu.com\/index.php?rest_route=\/wp\/v2\/posts\/130066\/revisions"}],"wp:featuredmedia":[{"embeddable":true,"href":"https:\/\/pressactu.com\/index.php?rest_route=\/wp\/v2\/media\/130067"}],"wp:attachment":[{"href":"https:\/\/pressactu.com\/index.php?rest_route=%2Fwp%2Fv2%2Fmedia&parent=130066"}],"wp:term":[{"taxonomy":"category","embeddable":true,"href":"https:\/\/pressactu.com\/index.php?rest_route=%2Fwp%2Fv2%2Fcategories&post=130066"},{"taxonomy":"post_tag","embeddable":true,"href":"https:\/\/pressactu.com\/index.php?rest_route=%2Fwp%2Fv2%2Ftags&post=130066"},{"taxonomy":"author","embeddable":true,"href":"https:\/\/pressactu.com\/index.php?rest_route=%2Fwp%2Fv2%2Fcoauthors&post=130066"}],"curies":[{"name":"wp","href":"https:\/\/api.w.org\/{rel}","templated":true}]}}