{"id":130064,"date":"2026-04-29T17:47:10","date_gmt":"2026-04-29T17:47:10","guid":{"rendered":"https:\/\/pressactu.com\/?p=130064"},"modified":"2026-04-29T17:47:10","modified_gmt":"2026-04-29T17:47:10","slug":"top-10-aux-championnats-du-monde-de-karting-double-a-nogaro-a-17-ans-ce-pilote-du-lot-et-garonne-est-un-espoir-du-sport-automobile-francais","status":"publish","type":"post","link":"https:\/\/pressactu.com\/?p=130064","title":{"rendered":"Top 10 aux championnats du monde de karting, doubl\u00e9 \u00e0 Nogaro\u2026 \u00c0 17 ans, ce pilote du Lot-et-Garonne est un espoir du sport automobile fran\u00e7ais"},"content":{"rendered":"<p>\n                                                                    <span class=\"article-full__chapo-label hide-on-small-only\">l&#8217;essentiel<\/span><br \/>\n                                                                \u00c0 tout juste 17 ans, Mathis Carnejac trace d\u00e9j\u00e0 sa route \u00e0 grande vitesse dans le sport automobile fran\u00e7ais. Du karting aux premi\u00e8res victoires en voiture, le jeune pilote nourrit de belles ambitions sans jamais perdre la t\u00eate.\n                            <\/p>\n<div rel=\"js-article-content\" data-state=\"fixed-height\" data-selection=\"disabled\">\n                                                                                                                            <!-- Pub DFP Position [outstream] --><\/p>\n<p>En embarquant son b\u00e9b\u00e9 de deux ans\u00a0sur les circuits, Alex Carnejac voulait-il lui transmettre l\u2019amour du sport auto\u00a0? Sans aucun doute. Esp\u00e9rait-il en faire un champion\u00a0? Peut-\u00eatre. Quoi qu\u2019il en soit, le proc\u00e9d\u00e9 a port\u00e9 ses fruits. Pour le v\u00e9rifier, il suffit de jeter un \u0153il \u00e0 la vitrine remplie de troph\u00e9es et de coupes dans la mezzanine du karting de Caudecoste (Lot-et-Garonne).<\/p>\n<p><!-- Pub DFP Position [article] --><\/p>\n<p class=\"std-elt__inline\">\n        <strong>\u00c0 lire aussi :<\/strong><br \/>\n        <a href=\"\/2025\/12\/24\/une-nouvelle-experience-ludique-avec-une-salle-immersive-inedite-dans-le-sud-ouest-au-karting-de-caudecoste-13128192.php\">Une nouvelle exp\u00e9rience ludique avec une salle immersive in\u00e9dite dans le Sud-Ouest au karting de Caudecoste<\/a>\n    <\/p>\n<p>Mathis Carnejac s\u2019impose comme un espoir prometteur du sport automobile fran\u00e7ais. Il n\u2019est pas encore tout \u00e0 fait majeur, mais il a d\u00e9j\u00e0 pass\u00e9 une bonne partie de sa vie sur les circuits. L\u2019histoire d\u2019amour commence par le karting. &#8220;\u00c0 cinq ans, mon p\u00e8re m\u2019avait achet\u00e9 un kart, se rem\u00e9more Mathis. Je m\u2019entra\u00eenais \u00e0 slalomer sur un terrain de basket entre des plots.&#8221;<\/p>\n<h2 class=\"txt-int\">&#8220;J\u2019aime cette sensation de vitesse et de libert\u00e9&#8221;<\/h2>\n<p>Rapidement, le jeune gar\u00e7on a besoin de sensations. Alors, l\u2019\u00e2ge l\u00e9gal venu \u2013 soit sept ans \u2013, direction les circuits. Puis les comp\u00e9titions. Le Lot-et-Garonnais s\u2019\u00e9clate. &#8220;J\u2019aime cette sensation de vitesse et de libert\u00e9 qu\u2019on n\u2019a pas sur la route, confie-t-il. Quand on double quelqu\u2019un, il y a ce sentiment de fiert\u00e9. J\u2019aime aussi ces moments de stress avant la course. Sur le moment, ce n\u2019est pas agr\u00e9able. Mais en y repensant apr\u00e8s, c\u2019est plut\u00f4t positif.&#8221;<\/p>\n<p class=\"std-elt__inline\">\n        <strong>\u00c0 lire aussi :<\/strong><br \/>\n        <a href=\"\/2026\/03\/25\/1re-edition-du-rallye-de-la-courgette-quelle-est-cette-course-nationale-impulsee-par-le-sport-automobile-villeneuvois-13292372.php\">1re \u00e9dition du &#8220;Rallye de la courgette&#8221;\u00a0: quelle est cette course nationale impuls\u00e9e par le sport automobile villeneuvois\u00a0?<\/a>\n    <\/p>\n<p>Il s\u2019\u00e9clate tellement que les r\u00e9sultats suivent. Champion r\u00e9gional, vice-champion de France\u2026 Tous les week-ends (ou presque), le pilote et ses parents arpentent les quatre coins de l\u2019Hexagone. &#8220;On l\u2019a toujours fait en famille, glisse Marine, sa belle-m\u00e8re. Moi, je m\u2019occupe de l\u2019intendance\u00a0; son p\u00e8re, de la m\u00e9canique. Ce sont de super souvenirs\u00a0!&#8221;<\/p>\n<h2 class=\"txt-int\">9e place aux championnats du monde<\/h2>\n<p>\u00c0 les \u00e9couter, il y en a \u00e0 la pelle. De son c\u00f4t\u00e9, Mathis en garde un tout particulier dans sa t\u00eate. Celui de sa participation aux championnats du monde au Bahre\u00efn, en 2021. Forc\u00e9ment un souvenir inoubliable de sa jeune carri\u00e8re. P\u00e9riode Covid oblige, il est &#8220;mis en quarantaine&#8221; par ses parents trois semaines avant le d\u00e9part. Pas d\u2019\u00e9cole, le moins de contact avec le reste du monde possible\u2026 Impossible de rater un tel moment.<\/p>\n<p class=\"std-elt__inline\">\n        <strong>\u00c0 lire aussi :<\/strong><br \/>\n        <a href=\"\/2025\/09\/30\/deux-garagistes-du-lot-et-garonne-partent-soutenir-le-rallye-rose-des-sables-au-maroc-12963030.php\">Deux garagistes du Lot-et-Garonne partent soutenir le rallye Rose des Sables au Maroc<\/a>\n    <\/p>\n<p>En parall\u00e8le, le poids sur les \u00e9paules de l\u2019adolescent \u2013 treize ans \u00e0 ce moment \u2013 est colossal. &#8220;Au d\u00e9but, j\u2019avais beaucoup de pression, se rappelle le jeune pilote. C\u2019\u00e9tait le premier gros championnat loin de chez moi, il fallait s\u2019adapter.&#8221; Mais pas de panique. \u00c7a fait partie de ses qualit\u00e9s. En t\u00e9moigne cette neuvi\u00e8me place \u2013 premier Fran\u00e7ais \u2013 r\u00e9colt\u00e9e.<\/p>\n<div class=\"center-align\" rel=\"js-article-inline-img\" data-protec-aida=\"image\">\n<figure class=\"std-img\" data-src=\"https:\/\/images.ladepeche.fr\/api\/v1\/images\/view\/69f081127fb5a87026063680\/original\/image.jpg?v=1\">\n        <img decoding=\"async\" class=\"std-img__img responsive-img\" src=\"http:\/\/pressactu.com\/wp-content\/uploads\/2026\/04\/1777484829_828_image.jpg?v=1\" alt=\"Mathis est tr\u00e8s attach\u00e9 au circuit de Caudecoste, dont ses parents sont propri\u00e9taires.\"\/><figcaption class=\"article-full__media-infos\">\n                <span class=\"article-full__media-legend\">Mathis est tr\u00e8s attach\u00e9 au circuit de Caudecoste, dont ses parents sont propri\u00e9taires.<\/span><br \/>\n                                    <span class=\"article-full__media-author\">Photo &#8211; Samuel Purdy<\/span><br \/>\n                            <\/figcaption><\/figure>\n<\/div>\n<h2 class=\"txt-int\">Deux pole positions \u00e0 Nogaro<\/h2>\n<p>Les ann\u00e9es passent, et l\u2019envie d\u2019apprivoiser une machine plus imposante gagne du terrain. Alors, en 2025, le Caudecostois laisse le karting entre parenth\u00e8ses pour se consacrer \u00e0 la voiture. Nouvelles sensations, nouvelle fa\u00e7on de piloter\u2026 De quoi l\u2019emp\u00eacher de performer d\u00e8s ses d\u00e9buts\u00a0? Ce serait mal le conna\u00eetre. D\u00e9but avril dernier, le lyc\u00e9en participe aux Coupes de P\u00e2ques de Nogaro (Gers). R\u00e9sultat\u00a0: deux pole positions, deux victoires. Une arriv\u00e9e en trombe dans ce milieu qui ne peut que le ravir. &#8220;Je me sens plus \u00e0 l\u2019aise, se r\u00e9jouit le pilote. J\u2019ai la sensation d\u2019\u00eatre plus prot\u00e9g\u00e9. Et puis le monde de la voiture est plus &#8216;mature&#8217;.&#8221;<\/p>\n<p class=\"std-elt__inline\">\n        <strong>\u00c0 lire aussi :<\/strong><br \/>\n        <a href=\"\/2025\/06\/27\/ils-partent-du-lot-et-garonne-pour-defier-lelite-mondiale-du-karting-12790727.php\">Ils partent du Lot-et-Garonne pour d\u00e9fier l\u2019\u00e9lite mondiale du karting<\/a>\n    <\/p>\n<p>\u00c0 pr\u00e9sent, l\u2019objectif est de continuer \u00e0 performer dans le championnat Mitjet 2026. Mathis sait qu\u2019une belle carri\u00e8re dans le sport auto pourrait l\u2019attendre. Son r\u00eave ultime\u00a0? Faire les 24\u00a0heures du\u00a0Mans. Encore au-dessus\u00a0? Les gagner. Mais du haut de ses 17 ans, une certaine maturit\u00e9 le caract\u00e9rise. Si \u00e7a ne marche pas, il compte bien assurer ses arri\u00e8res. \u00c9l\u00e8ve de terminale en STI2D au lyc\u00e9e de Baudre \u00e0 Agen, il vise un dipl\u00f4me de g\u00e9nie m\u00e9canique et productique (GMP). Pour ne jamais rester bien loin du monde de l\u2019automobile. Papa appr\u00e9ciera.<\/p>\n<\/p><\/div>\n<p><a href=\"https:\/\/www.ladepeche.fr\/2026\/04\/29\/top-10-aux-championnats-du-monde-de-karting-double-a-nogaro-a-17-ans-ce-pilote-du-lot-et-garonne-est-un-espoir-du-sport-automobile-francais-13331019.php\">source<\/a><\/p>\n","protected":false},"excerpt":{"rendered":"<p>l&#8217;essentiel \u00c0 tout juste 17 ans, Mathis Carnejac trace d\u00e9j\u00e0 sa route \u00e0 grande vitesse dans le sport automobile fran\u00e7ais. Du karting aux premi\u00e8res victoires en voiture, le jeune pilote nourrit de belles ambitions sans jamais perdre la t\u00eate. En embarquant son b\u00e9b\u00e9 de deux ans\u00a0sur les circuits, Alex Carnejac voulait-il lui transmettre l\u2019amour du [&hellip;]<\/p>\n","protected":false},"author":1,"featured_media":130065,"comment_status":"open","ping_status":"open","sticky":false,"template":"","format":"standard","meta":{"_monsterinsights_skip_tracking":false,"_monsterinsights_sitenote_active":false,"_monsterinsights_sitenote_note":"","_monsterinsights_sitenote_category":0,"footnotes":""},"categories":[71],"tags":[],"coauthors":[77],"class_list":["post-130064","post","type-post","status-publish","format-standard","has-post-thumbnail","hentry","category-sport"],"aioseo_notices":[],"_links":{"self":[{"href":"https:\/\/pressactu.com\/index.php?rest_route=\/wp\/v2\/posts\/130064","targetHints":{"allow":["GET"]}}],"collection":[{"href":"https:\/\/pressactu.com\/index.php?rest_route=\/wp\/v2\/posts"}],"about":[{"href":"https:\/\/pressactu.com\/index.php?rest_route=\/wp\/v2\/types\/post"}],"author":[{"embeddable":true,"href":"https:\/\/pressactu.com\/index.php?rest_route=\/wp\/v2\/users\/1"}],"replies":[{"embeddable":true,"href":"https:\/\/pressactu.com\/index.php?rest_route=%2Fwp%2Fv2%2Fcomments&post=130064"}],"version-history":[{"count":0,"href":"https:\/\/pressactu.com\/index.php?rest_route=\/wp\/v2\/posts\/130064\/revisions"}],"wp:featuredmedia":[{"embeddable":true,"href":"https:\/\/pressactu.com\/index.php?rest_route=\/wp\/v2\/media\/130065"}],"wp:attachment":[{"href":"https:\/\/pressactu.com\/index.php?rest_route=%2Fwp%2Fv2%2Fmedia&parent=130064"}],"wp:term":[{"taxonomy":"category","embeddable":true,"href":"https:\/\/pressactu.com\/index.php?rest_route=%2Fwp%2Fv2%2Fcategories&post=130064"},{"taxonomy":"post_tag","embeddable":true,"href":"https:\/\/pressactu.com\/index.php?rest_route=%2Fwp%2Fv2%2Ftags&post=130064"},{"taxonomy":"author","embeddable":true,"href":"https:\/\/pressactu.com\/index.php?rest_route=%2Fwp%2Fv2%2Fcoauthors&post=130064"}],"curies":[{"name":"wp","href":"https:\/\/api.w.org\/{rel}","templated":true}]}}