{"id":130056,"date":"2026-04-29T16:06:13","date_gmt":"2026-04-29T16:06:13","guid":{"rendered":"https:\/\/pressactu.com\/?p=130056"},"modified":"2026-04-29T16:06:13","modified_gmt":"2026-04-29T16:06:13","slug":"rugby-a-xiii-trentels-peut-rentrer-dans-lhistoire","status":"publish","type":"post","link":"https:\/\/pressactu.com\/?p=130056","title":{"rendered":"Rugby \u00e0 XIII\u00a0: Trentels peut rentrer dans l\u2019histoire"},"content":{"rendered":"<p>\n                                                                    <span class=\"article-full__chapo-label hide-on-small-only\">l&#8217;essentiel<\/span><br \/>\n                                                                Assur\u00e9s de disputer une finale de coupe de France en juin, les gars de Lustrac visent \u00e9galement le bouclier en championnat. La promesse d\u2019un joli printemps pour une bande de copains.\n                            <\/p>\n<div rel=\"js-article-content\" data-state=\"fixed-height\" data-selection=\"disabled\">\n                                                                                                                            <!-- Pub DFP Position [outstream] --><\/p>\n<p>Il y a quelques mois, certains dirigeants et supporters trent\u00e9lois \u00e9taient quelque peu r\u00e9ticents \u00e0 l\u2019id\u00e9e de monter en Nationale 1 apr\u00e8s une finale du championnat de France de N2 perdue devant Gratentour. Mais avec l\u2019arriv\u00e9e dans le groupe de quelques joueurs d\u2019exp\u00e9rience dont Damien Gautier endossant \u00e9galement la tunique d\u2019entra\u00eeneur, les doutes de d\u00e9but d\u2019exercice ont \u00e9t\u00e9 balay\u00e9s d\u2019un revers de manche.<\/p>\n<p><!-- Pub DFP Position [article] --><\/p>\n<p class=\"std-elt__inline\">\n        <strong>\u00c0 lire aussi :<\/strong><br \/>\n        <a href=\"\/2025\/05\/18\/rugby-a-xiii-nationale-2-gratentour-brise-le-reve-de-trentels-en-finale-et-decroche-le-titre-de-champion-de-france-12704593.php\">Rugby \u00e0 XIII \u2013 Nationale 2\u00a0: Gratentour brise le r\u00eave de Trentels en finale, et d\u00e9croche le titre de champion de France<\/a>\n    <\/p>\n<p>Le promu a su se forger un caract\u00e8re autour d\u2019un collectif bien huil\u00e9, de fortes individualit\u00e9s mais aussi d\u2019un \u00e9tat d\u2019esprit remarquable \u00e0 la fois lors des s\u00e9ances d\u2019entra\u00eenement et lors des rencontres officielles. &#8220;En tant que nouveau coach, je n\u2019ai rien r\u00e9volutionn\u00e9 dans cette \u00e9quipe. J\u2019ai juste apport\u00e9 quelques petites retouches sur le plan technique et strat\u00e9gique. Et si nous arrivons \u00e0 performer sur la pelouse, c\u2019est que nous r\u00e9coltons tout simplement les fruits du travail sem\u00e9 depuis l\u2019\u00e9t\u00e9 dernier&#8221;, indique l\u2019ancien talonneur des L\u00e9opards d\u2019Aquitaine.<\/p>\n<h2 class=\"txt-int\">Une finale de Coupe de France le 14\u00a0juin<\/h2>\n<p>Finaliste de la Coupe de France le 14\u00a0juin prochain face aux Catalans de Toulouges, les Lot-et-Garonnais porte-drapeaux d\u2019un rugby de ruralit\u00e9 avec toujours des valeurs de coh\u00e9sion et de solidarit\u00e9 sont \u00e9galement aux avant-postes de leur championnat de France de Nationale 1. D\u2019ailleurs, les deux prochaines r\u00e9ceptions de Villefranche d\u2019Albi dimanche et de Toulouges le week-end suivant vaudront leur pesant de cacahu\u00e8tes. &#8220;Si on gagne ces deux rencontres, on peut terminer premiers de poule et \u00e9crire de belles pages d\u2019histoire. On ne se cache plus. On veut terminer la saison avec un titre. Nous avons l\u2019ambition et le potentiel pour atteindre ces objectifs de fin de saison et notre marge de progression est encore int\u00e9ressante notamment sur la gestion des temps forts et des temps faibles dans un match&#8221;, poursuit Damien Gautier vivant un tr\u00e8s joli printemps avec sa troupe.<\/p>\n<p class=\"std-elt__inline\">\n        <strong>\u00c0 lire aussi :<\/strong><br \/>\n        <a href=\"\/2026\/01\/19\/nous-avons-plus-de-pression-hors-du-terrain-que-quand-nous-etions-joueurs-les-freres-pinello-sont-les-deux-locomotives-des-gladiators-de-trentels-xiii-13171033.php\">&#8220;Nous avons plus de pression hors du terrain que quand nous \u00e9tions joueurs&#8221;\u00a0: les fr\u00e8res Pinello sont les deux locomotives des &#8220;Gladiators&#8221; de Trentels XIII<\/a>\n    <\/p>\n<p>Et lorsqu\u2019on lui cite des leaders de jeu chez les &#8220;bleu et rouge&#8221;, lui pr\u00e9f\u00e8re mettre en avant un \u00e9tat d\u2019esprit et ce vivre ensemble qui fait la force du groupe. &#8220;Trentels 13, ce n\u2019est pas juste deux ou trois gar\u00e7ons mais plus un collectif o\u00f9 chacun s\u2019entraide et aide le copain lorsqu\u2019il est en difficult\u00e9. C\u2019est \u00e7a qui fait le sel de cette bande de copains&#8221;.<\/p>\n<p>Apr\u00e8s un succ\u00e8s le week-end dernier \u00e0 Pomas (22-32), les co\u00e9quipiers de Nicolas Cassagne vont vivre deux week-ends intenses \u00e0 Lustrac o\u00f9 il faudra ferrailler dur, se faire mal aux jambes et aux bras, donner son corps \u00e0 la science pour d\u00e9cocher le Graal et propulser le club vers les sommets de la N1. Avec peut-\u00eatre deux cerises sur le g\u00e2teau en Coupe et en championnat pour un doubl\u00e9 historique\u2026<\/p>\n<\/p><\/div>\n<p><a href=\"https:\/\/www.ladepeche.fr\/2026\/04\/29\/rugby-a-xiii-trentels-peut-rentrer-dans-lhistoire-13347610.php\">source<\/a><\/p>\n","protected":false},"excerpt":{"rendered":"<p>l&#8217;essentiel Assur\u00e9s de disputer une finale de coupe de France en juin, les gars de Lustrac visent \u00e9galement le bouclier en championnat. La promesse d\u2019un joli printemps pour une bande de copains. Il y a quelques mois, certains dirigeants et supporters trent\u00e9lois \u00e9taient quelque peu r\u00e9ticents \u00e0 l\u2019id\u00e9e de monter en Nationale 1 apr\u00e8s une [&hellip;]<\/p>\n","protected":false},"author":1,"featured_media":130057,"comment_status":"open","ping_status":"open","sticky":false,"template":"","format":"standard","meta":{"_monsterinsights_skip_tracking":false,"_monsterinsights_sitenote_active":false,"_monsterinsights_sitenote_note":"","_monsterinsights_sitenote_category":0,"footnotes":""},"categories":[71],"tags":[],"coauthors":[77],"class_list":["post-130056","post","type-post","status-publish","format-standard","has-post-thumbnail","hentry","category-sport"],"aioseo_notices":[],"_links":{"self":[{"href":"https:\/\/pressactu.com\/index.php?rest_route=\/wp\/v2\/posts\/130056","targetHints":{"allow":["GET"]}}],"collection":[{"href":"https:\/\/pressactu.com\/index.php?rest_route=\/wp\/v2\/posts"}],"about":[{"href":"https:\/\/pressactu.com\/index.php?rest_route=\/wp\/v2\/types\/post"}],"author":[{"embeddable":true,"href":"https:\/\/pressactu.com\/index.php?rest_route=\/wp\/v2\/users\/1"}],"replies":[{"embeddable":true,"href":"https:\/\/pressactu.com\/index.php?rest_route=%2Fwp%2Fv2%2Fcomments&post=130056"}],"version-history":[{"count":0,"href":"https:\/\/pressactu.com\/index.php?rest_route=\/wp\/v2\/posts\/130056\/revisions"}],"wp:featuredmedia":[{"embeddable":true,"href":"https:\/\/pressactu.com\/index.php?rest_route=\/wp\/v2\/media\/130057"}],"wp:attachment":[{"href":"https:\/\/pressactu.com\/index.php?rest_route=%2Fwp%2Fv2%2Fmedia&parent=130056"}],"wp:term":[{"taxonomy":"category","embeddable":true,"href":"https:\/\/pressactu.com\/index.php?rest_route=%2Fwp%2Fv2%2Fcategories&post=130056"},{"taxonomy":"post_tag","embeddable":true,"href":"https:\/\/pressactu.com\/index.php?rest_route=%2Fwp%2Fv2%2Ftags&post=130056"},{"taxonomy":"author","embeddable":true,"href":"https:\/\/pressactu.com\/index.php?rest_route=%2Fwp%2Fv2%2Fcoauthors&post=130056"}],"curies":[{"name":"wp","href":"https:\/\/api.w.org\/{rel}","templated":true}]}}