{"id":130052,"date":"2026-04-29T15:02:00","date_gmt":"2026-04-29T15:02:00","guid":{"rendered":"https:\/\/pressactu.com\/?p=130052"},"modified":"2026-04-29T15:02:00","modified_gmt":"2026-04-29T15:02:00","slug":"en-colere-les-taxis-gersois-rejettent-les-aides-de-letat-et-organisent-une-reunion-publique","status":"publish","type":"post","link":"https:\/\/pressactu.com\/?p=130052","title":{"rendered":"En col\u00e8re, les taxis gersois rejettent les aides de l\u2019\u00c9tat et organisent une r\u00e9union publique"},"content":{"rendered":"<div id=\"\">\n<p>La col\u00e8re ne retombe pas chez les taxis du Gers. Apr\u00e8s s\u2019\u00eatre mobilis\u00e9s aux c\u00f4t\u00e9s des ambulanciers le 2\u00a0avril dernier \u00e0 Auch, les syndicats Arc Atlantique Taxis 32 et l\u2019UNT 32 d\u00e9noncent dans un communiqu\u00e9 offensif les annonces issues de la r\u00e9union du 24\u00a0avril 2026 avec le minist\u00e8re des Transports. Annonces\u00a0jug\u00e9es tr\u00e8s loin de r\u00e9pondre \u00e0 l\u2019urgence provoqu\u00e9e par l\u2019explosion des prix du carburant.<\/p>\n<p><!-- Pub DFP Position [article] --><\/p>\n<p>Au centre des critiques\u00a0: l\u2019aide annonc\u00e9e de 50\u00a0euros sur trois mois. &#8220;Une provocation&#8221;, tranche sans d\u00e9tour Fabien Diaz, pr\u00e9sident d\u2019Arc Atlantique Taxis 32. Dans son cas, la facture grimpe entre 400 et 500\u00a0euros suppl\u00e9mentaires chaque mois. Une hausse qui, selon lui, fragilise imm\u00e9diatement les ind\u00e9pendants et menace, \u00e0 court terme, les entreprises employant des salari\u00e9s. &#8220;Elles n\u2019auront bient\u00f4t plus d\u2019autre choix que de licencier&#8221;, pr\u00e9vient-il.<\/p>\n<p class=\"std-elt__inline\">\n        <strong>\u00c0 lire aussi :<\/strong><br \/>\n        <a href=\"\/2026\/03\/30\/on-rogne-sur-les-marges-taxis-vtc-et-ambulances-comment-font-ils-face-a-la-flambee-des-prix-du-carburant-13300415.php\">&#8220;On rogne sur les marges&#8221;\u00a0: taxis, VTC et ambulances, comment font-ils face \u00e0 la flamb\u00e9e des prix du carburant\u00a0?<\/a>\n    <\/p>\n<p>Les taxis d\u00e9noncent \u00e9galement des r\u00e9ponses &#8220;hors sol&#8221;. La revalorisation du taxim\u00e8tre est jug\u00e9e inop\u00e9rante, tandis que les annonces autour de l\u2019\u00e9lectrification du secteur apparaissent, selon eux, d\u00e9connect\u00e9es des r\u00e9alit\u00e9s du terrain. &#8220;Aucun financement clair, aucune infrastructure pr\u00eate&#8221;, r\u00e9sume Fabien Diaz. \u00c0 cela s\u2019ajoute le silence sur le transport sanitaire, pourtant essentiel dans des territoires ruraux comme le Gers, o\u00f9 les taxis jouent un r\u00f4le cl\u00e9 dans l\u2019acc\u00e8s aux soins.<\/p>\n<h2 class=\"txt-int\">R\u00e9union publique<\/h2>\n<p>Face \u00e0 ce qu\u2019ils consid\u00e8rent comme du &#8220;m\u00e9pris&#8221;, les professionnels avancent des revendications pr\u00e9cises\u00a0: un plafonnement du carburant \u00e0 1,90\u00a0euro le litre, la mise en place d\u2019une TICPE flottante et une r\u00e9forme structurelle pour garantir la p\u00e9rennit\u00e9 du secteur. &#8220;L\u2019\u00c9tat peut agir, mais il ne le fait pas&#8221;, accuse le pr\u00e9sident, qui \u00e9largit\u00a0cette demande de plafonnement \u00e0 l\u2019ensemble des citoyens confront\u00e9s \u00e0 la hausse des prix.<\/p>\n<p>Dans ce contexte tendu, une r\u00e9union publique est annonc\u00e9e le 30\u00a0mai \u00e0 Auch. Organis\u00e9e \u00e0 la salle du Mouzon, elle r\u00e9unira taxis, ambulanciers, repr\u00e9sentants agricoles et \u00e9lus locaux. D\u00e9put\u00e9s, s\u00e9nateurs et la pr\u00e9sidente de r\u00e9gion Carole Delga ont \u00e9t\u00e9 invit\u00e9s. &#8220;On va les mettre face \u00e0 leurs contradictions&#8221;, pr\u00e9vient Fabien Diaz.<\/p>\n<p class=\"std-elt__inline\">\n        <strong>\u00c0 lire aussi :<\/strong><br \/>\n        <a href=\"\/2026\/03\/31\/hausse-des-prix-des-carburants-taxis-et-ambulanciers-appellent-a-manifester-le-2-avril-a-auch-13302679.php\">Hausse des prix des carburants\u00a0: taxis et ambulanciers appellent \u00e0 manifester le 2\u00a0avril \u00e0 Auch<\/a>\n    <\/p>\n<p>L\u2019objectif\u00a0: confronter directement les d\u00e9cideurs politiques aux r\u00e9alit\u00e9s \u00e9conomiques du terrain, mais aussi donner la parole aux citoyens. &#8220;Il y aura un micro ouvert. Tout le monde pourra s\u2019exprimer. On veut que chacun entende ce qui se passe r\u00e9ellement&#8221;, insiste-t-il.<\/p>\n<p>Au-del\u00e0 d\u2019un simple \u00e9change, cette r\u00e9union est pr\u00e9sent\u00e9e comme un tournant. &#8220;Les courriers, \u00e7a ne veut plus rien dire. On veut des actes&#8221;, mart\u00e8le le syndicaliste. Les organisations esp\u00e8rent ainsi cr\u00e9er un rapport de force et \u00e9largir la mobilisation \u00e0 d\u2019autres professions touch\u00e9es par la crise.<\/p>\n<p data-is-last-node=\"\" data-is-only-node=\"\">Car la suite pourrait \u00eatre plus muscl\u00e9e. &#8220;Les op\u00e9rations symboliques, c\u2019est termin\u00e9&#8221;, avertit Fabien Diaz, \u00e9voquant des actions encore non d\u00e9finies mais &#8220;sur la table&#8221;. Pour les taxis gersois, l\u2019enjeu d\u00e9passe leur profession\u00a0: ils alertent sur le risque de voir dispara\u00eetre un tissu d\u2019entreprises locales, au profit de mod\u00e8les plus pr\u00e9caires. &#8220;Ils veulent ub\u00e9riser la soci\u00e9t\u00e9.&#8221; Une inqui\u00e9tude qui, selon eux, sera au c\u0153ur des \u00e9changes le 30\u00a0mai.<\/p>\n<\/div>\n<p><a href=\"https:\/\/www.ladepeche.fr\/2026\/04\/29\/en-colere-les-taxis-gersois-rejettent-les-aides-de-letat-et-organisent-une-reunion-publique-13348826.php\">source<\/a><\/p>\n","protected":false},"excerpt":{"rendered":"<p>La col\u00e8re ne retombe pas chez les taxis du Gers. Apr\u00e8s s\u2019\u00eatre mobilis\u00e9s aux c\u00f4t\u00e9s des ambulanciers le 2\u00a0avril dernier \u00e0 Auch, les syndicats Arc Atlantique Taxis 32 et l\u2019UNT 32 d\u00e9noncent dans un communiqu\u00e9 offensif les annonces issues de la r\u00e9union du 24\u00a0avril 2026 avec le minist\u00e8re des Transports. Annonces\u00a0jug\u00e9es tr\u00e8s loin de r\u00e9pondre [&hellip;]<\/p>\n","protected":false},"author":1,"featured_media":130053,"comment_status":"open","ping_status":"open","sticky":false,"template":"","format":"standard","meta":{"_monsterinsights_skip_tracking":false,"_monsterinsights_sitenote_active":false,"_monsterinsights_sitenote_note":"","_monsterinsights_sitenote_category":0,"footnotes":""},"categories":[74],"tags":[],"coauthors":[77],"class_list":["post-130052","post","type-post","status-publish","format-standard","has-post-thumbnail","hentry","category-economie"],"aioseo_notices":[],"_links":{"self":[{"href":"https:\/\/pressactu.com\/index.php?rest_route=\/wp\/v2\/posts\/130052","targetHints":{"allow":["GET"]}}],"collection":[{"href":"https:\/\/pressactu.com\/index.php?rest_route=\/wp\/v2\/posts"}],"about":[{"href":"https:\/\/pressactu.com\/index.php?rest_route=\/wp\/v2\/types\/post"}],"author":[{"embeddable":true,"href":"https:\/\/pressactu.com\/index.php?rest_route=\/wp\/v2\/users\/1"}],"replies":[{"embeddable":true,"href":"https:\/\/pressactu.com\/index.php?rest_route=%2Fwp%2Fv2%2Fcomments&post=130052"}],"version-history":[{"count":0,"href":"https:\/\/pressactu.com\/index.php?rest_route=\/wp\/v2\/posts\/130052\/revisions"}],"wp:featuredmedia":[{"embeddable":true,"href":"https:\/\/pressactu.com\/index.php?rest_route=\/wp\/v2\/media\/130053"}],"wp:attachment":[{"href":"https:\/\/pressactu.com\/index.php?rest_route=%2Fwp%2Fv2%2Fmedia&parent=130052"}],"wp:term":[{"taxonomy":"category","embeddable":true,"href":"https:\/\/pressactu.com\/index.php?rest_route=%2Fwp%2Fv2%2Fcategories&post=130052"},{"taxonomy":"post_tag","embeddable":true,"href":"https:\/\/pressactu.com\/index.php?rest_route=%2Fwp%2Fv2%2Ftags&post=130052"},{"taxonomy":"author","embeddable":true,"href":"https:\/\/pressactu.com\/index.php?rest_route=%2Fwp%2Fv2%2Fcoauthors&post=130052"}],"curies":[{"name":"wp","href":"https:\/\/api.w.org\/{rel}","templated":true}]}}