{"id":130050,"date":"2026-04-29T14:28:59","date_gmt":"2026-04-29T14:28:59","guid":{"rendered":"https:\/\/pressactu.com\/?p=130050"},"modified":"2026-04-29T14:28:59","modified_gmt":"2026-04-29T14:28:59","slug":"la-mere-depose-son-fils-chez-sa-nourrice-alors-quelle-dormait-sans-surveillance-lenfant-de-2-ans-a-ete-mortellement-attaque-par-un-chien","status":"publish","type":"post","link":"https:\/\/pressactu.com\/?p=130050","title":{"rendered":"La m\u00e8re d\u00e9pose son fils chez sa nourrice alors qu\u2019elle dormait\u00a0: sans surveillance, l\u2019enfant de 2 ans a \u00e9t\u00e9 mortellement attaqu\u00e9 par un chien"},"content":{"rendered":"<p>\n                                                                    <span class=\"article-full__chapo-label hide-on-small-only\">l&#8217;essentiel<\/span><br \/>\n                                                                Un enfant de 2 ans a perdu la vie lundi \u00e0 Tahiti apr\u00e8s une attaque pr\u00e9sum\u00e9e de chien. Une enqu\u00eate est en cours pour \u00e9claircir les circonstances du drame.\n                            <\/p>\n<div rel=\"js-article-content\">\n                                                                                                                            <!-- Pub DFP Position [outstream] --><\/p>\n<p>La journ\u00e9e avait commenc\u00e9 comme les autres dans le village de Vairao, sur la presqu\u2019\u00eele de Tahiti. Mais en quelques instants, tout a bascul\u00e9. Ce lundi 27\u00a0avril, un enfant de 2 ans a \u00e9t\u00e9 retrouv\u00e9 gri\u00e8vement bless\u00e9 sur la terrasse du domicile o\u00f9 il devait \u00eatre gard\u00e9, rapporte le m\u00e9dia local <em><a href=\"https:\/\/www.tahiti-infos.com\/\" target=\"_blank\">Tahiti Infos<\/a><\/em>.<\/p>\n<p><!-- Pub DFP Position [article] --><\/p>\n<p>Selon le maire de Taiarapu-Ouest, Faana Taputu, la m\u00e8re avait d\u00e9pos\u00e9 son fils chez une nourrice de la famille, sans se rendre compte que cette derni\u00e8re dormait encore. L\u2019enfant serait rest\u00e9 seul \u00e0 l\u2019ext\u00e9rieur. \u00c0 son r\u00e9veil, la nourrice le d\u00e9couvre inanim\u00e9 et donne imm\u00e9diatement l\u2019alerte. Les secours interviennent rapidement, mais il est d\u00e9j\u00e0 trop tard.<\/p>\n<p class=\"std-elt__inline\">\n        <strong>\u00c0 lire aussi :<\/strong><br \/>\n        <a href=\"\/2026\/02\/06\/on-a-toujours-peur-de-revivre-ca-lespoir-renait-apres-lattaque-sanglante-des-chiens-errants-au-parc-zoologique-happy-forest-13211868.php\">&#8221; On a toujours peur de revivre \u00e7a &#8221;\u00a0: l\u2019espoir rena\u00eet apr\u00e8s l\u2019attaque sanglante des chiens errants au parc zoologique Happy Forest<\/a>\n    <\/p>\n<h2 class=\"txt-int\">Pas de t\u00e9moins<\/h2>\n<p>Sur place, les blessures constat\u00e9es orientent rapidement vers une attaque animale. &#8220;Il \u00e9tait mordu, au visage, aux deux oreilles, au cou, de partout, c\u2019\u00e9tait vraiment atroce, je n\u2019avais jamais vu \u00e7a&#8221;, d\u00e9crit le maire, encore marqu\u00e9. D\u2019apr\u00e8s les premiers \u00e9l\u00e9ments, le chien de la nourrice \u00e9tait attach\u00e9. Un autre animal aurait pu p\u00e9n\u00e9trer dans la propri\u00e9t\u00e9.<\/p>\n<p class=\"std-elt__inline\">\n        <strong>\u00c0 lire aussi :<\/strong><br \/>\n        <a href=\"\/2026\/02\/18\/il-nous-a-fallu-des-heures-pour-recuperer-les-brebis-une-seconde-attaque-de-chien-en-un-mois-sur-des-sentiers-13232534.php\">&#8220;Il nous a fallu des heures pour r\u00e9cup\u00e9rer les brebis&#8221;\u00a0: une seconde attaque de chien en un mois sur des sentiers<\/a>\n    <\/p>\n<p>Pour autant, les autorit\u00e9s restent prudentes. &#8220;L\u2019enfant de 2 ans, bient\u00f4t 3, est d\u00e9c\u00e9d\u00e9 avec une tr\u00e8s forte suspicion que ce soit \u00e0 cause de morsures de chien, mais en l\u2019absence de t\u00e9moins directs, nous n\u2019avons pas encore de certitude absolue&#8221;, pr\u00e9cise la procureure de la R\u00e9publique, Sol\u00e8ne Belaouar.<\/p>\n<p>Une enqu\u00eate a \u00e9t\u00e9 ouverte afin de d\u00e9terminer avec exactitude les circonstances de ce drame.<\/p>\n<div class=\"std-frame\">\n<h2 class=\"encart_titre\">Ce que dit la loi sur pour les propri\u00e9taires de chiens dangereux<\/h2>\n<div class=\"encart_texte\">\n<p>En France, la d\u00e9tention de chiens consid\u00e9r\u00e9s comme dangereux est strictement encadr\u00e9e par la loi. Deux cat\u00e9gories existent\u00a0: les chiens d\u2019attaque (cat\u00e9gorie 1) et les chiens de garde et de d\u00e9fense (cat\u00e9gorie 2). Leurs propri\u00e9taires doivent obligatoirement \u00eatre majeurs, ne pas avoir de casier judiciaire incompatible et d\u00e9clarer l\u2019animal en mairie. Le chien doit \u00eatre identifi\u00e9, vaccin\u00e9 contre la rage et faire l\u2019objet d\u2019une \u00e9valuation comportementale chez un v\u00e9t\u00e9rinaire. Une attestation d\u2019aptitude est \u00e9galement exig\u00e9e pour le ma\u00eetre. Dans l\u2019espace public, ces animaux doivent \u00eatre tenus en laisse et musel\u00e9s en permanence. En cas de non-respect de ces obligations, des sanctions p\u00e9nales peuvent \u00eatre prononc\u00e9es, allant jusqu\u2019\u00e0 la confiscation de l\u2019animal.<\/p>\n<\/div>\n<\/div><\/div>\n<p><a href=\"https:\/\/www.ladepeche.fr\/2026\/04\/28\/la-mere-depose-son-fils-chez-sa-nourrice-alors-quelle-dormait-sans-surveillance-lenfant-de-2-ans-a-ete-mortellement-attaque-par-un-chien-13347074.php\">source<\/a><\/p>\n","protected":false},"excerpt":{"rendered":"<p>l&#8217;essentiel Un enfant de 2 ans a perdu la vie lundi \u00e0 Tahiti apr\u00e8s une attaque pr\u00e9sum\u00e9e de chien. Une enqu\u00eate est en cours pour \u00e9claircir les circonstances du drame. La journ\u00e9e avait commenc\u00e9 comme les autres dans le village de Vairao, sur la presqu\u2019\u00eele de Tahiti. Mais en quelques instants, tout a bascul\u00e9. Ce [&hellip;]<\/p>\n","protected":false},"author":1,"featured_media":130051,"comment_status":"open","ping_status":"open","sticky":false,"template":"","format":"standard","meta":{"_monsterinsights_skip_tracking":false,"_monsterinsights_sitenote_active":false,"_monsterinsights_sitenote_note":"","_monsterinsights_sitenote_category":0,"footnotes":""},"categories":[1],"tags":[],"coauthors":[77],"class_list":["post-130050","post","type-post","status-publish","format-standard","has-post-thumbnail","hentry","category-a-la-une"],"aioseo_notices":[],"_links":{"self":[{"href":"https:\/\/pressactu.com\/index.php?rest_route=\/wp\/v2\/posts\/130050","targetHints":{"allow":["GET"]}}],"collection":[{"href":"https:\/\/pressactu.com\/index.php?rest_route=\/wp\/v2\/posts"}],"about":[{"href":"https:\/\/pressactu.com\/index.php?rest_route=\/wp\/v2\/types\/post"}],"author":[{"embeddable":true,"href":"https:\/\/pressactu.com\/index.php?rest_route=\/wp\/v2\/users\/1"}],"replies":[{"embeddable":true,"href":"https:\/\/pressactu.com\/index.php?rest_route=%2Fwp%2Fv2%2Fcomments&post=130050"}],"version-history":[{"count":0,"href":"https:\/\/pressactu.com\/index.php?rest_route=\/wp\/v2\/posts\/130050\/revisions"}],"wp:featuredmedia":[{"embeddable":true,"href":"https:\/\/pressactu.com\/index.php?rest_route=\/wp\/v2\/media\/130051"}],"wp:attachment":[{"href":"https:\/\/pressactu.com\/index.php?rest_route=%2Fwp%2Fv2%2Fmedia&parent=130050"}],"wp:term":[{"taxonomy":"category","embeddable":true,"href":"https:\/\/pressactu.com\/index.php?rest_route=%2Fwp%2Fv2%2Fcategories&post=130050"},{"taxonomy":"post_tag","embeddable":true,"href":"https:\/\/pressactu.com\/index.php?rest_route=%2Fwp%2Fv2%2Ftags&post=130050"},{"taxonomy":"author","embeddable":true,"href":"https:\/\/pressactu.com\/index.php?rest_route=%2Fwp%2Fv2%2Fcoauthors&post=130050"}],"curies":[{"name":"wp","href":"https:\/\/api.w.org\/{rel}","templated":true}]}}