{"id":130048,"date":"2026-04-29T14:26:01","date_gmt":"2026-04-29T14:26:01","guid":{"rendered":"https:\/\/pressactu.com\/?p=130048"},"modified":"2026-04-29T14:26:01","modified_gmt":"2026-04-29T14:26:01","slug":"course-hors-stade-les-foulees-gauloises-de-puymiclan-plus-de-500-inscrits-ont-participe-une-20e-edition-dignement-fetee","status":"publish","type":"post","link":"https:\/\/pressactu.com\/?p=130048","title":{"rendered":"Course hors stade \u2013 Les Foul\u00e9es gauloises de Puymiclan\u00a0: &quot;Plus de 500 inscrits ont particip\u00e9\u2026&quot; Une 20e \u00e9dition dignement f\u00eat\u00e9e"},"content":{"rendered":"<p>\n                                                                    <span class=\"article-full__chapo-label hide-on-small-only\">l&#8217;essentiel<\/span><br \/>\n                                                                Les organisateurs des Foul\u00e9es gauloises de Puymiclan avaient d\u00e9cid\u00e9 de marquer la 20e \u00e9dition d\u2019une pierre blanche et d\u2019opter pour des courses en nocturne. Pari gagn\u00e9 puisque les jauges de coureurs ont \u00e9t\u00e9 largement atteintes.\n                            <\/p>\n<div rel=\"js-article-content\">\n                                                                                                                            <!-- Pub DFP Position [outstream] --><\/p>\n<p>\u00ab\u00a0Au total, ce sont plus de 500 inscrits qui ont particip\u00e9 aux diff\u00e9rentes \u00e9preuves. \u00c0 comparer aux 420 participants de l\u2019ann\u00e9e derni\u00e8re. Trails long et court, randonn\u00e9es et trail Familix de 5 kilom\u00e8tres destin\u00e9 aux enfants et leurs parents. Le Familix a connu un v\u00e9ritable engouement et nous avons d\u00fb refuser au moins cinquante\u00a0personnes\u00a0\u00bb, d\u00e9taillait G\u00e9rard Dupont, un des organisateurs de ces Foul\u00e9es gauloises de Puymiclan. \u00ab\u00a0Tout\u00a0s\u2019est merveilleusement bien pass\u00e9. Les b\u00e9n\u00e9voles avaient r\u00e9pondu en nombre \u00e0 notre appel. Les participants ont appr\u00e9ci\u00e9 les diff\u00e9rentes animations, et la restauration sur place. Il a r\u00e9gn\u00e9 une excellente ambiance tr\u00e8s conviviale\u00a0\u00bb, se r\u00e9jouissait J\u00e9r\u00f4me Previtali, pr\u00e9sident du comit\u00e9 d\u2019organisation.<\/p>\n<p><!-- Pub DFP Position [article] --><\/p>\n<div class=\"center-align\" rel=\"js-article-inline-img\" data-protec-aida=\"image\">\n<figure class=\"std-img\" data-src=\"https:\/\/images.ladepeche.fr\/api\/v1\/images\/view\/69f13ef0cf496f2a7b01e12c\/original\/image.jpg?v=1\">\n        <img decoding=\"async\" class=\"std-img__img responsive-img\" src=\"http:\/\/pressactu.com\/wp-content\/uploads\/2026\/04\/1777472761_227_image.jpg?v=1\" alt=\"Les amateurs de frontale ont appr\u00e9ci\u00e9. \/ Photo Foul\u00e9es gauloises\"\/><figcaption class=\"article-full__media-infos\">\n                <span class=\"article-full__media-legend\">Les amateurs de frontale ont appr\u00e9ci\u00e9. \/ Photo Foul\u00e9es gauloises<\/span><br \/>\n                            <\/figcaption><\/figure>\n<\/div>\n<h2 class=\"txt-int\">Les coureurs locaux sur trois podiums<\/h2>\n<p>Chez les hommes, le trail long (20\u00a0km \u2013 466 m\u00e8tres de d\u00e9nivel\u00e9 positif), a \u00e9t\u00e9 remport\u00e9 par le coureur de Puymiclan, Yannick Marie, poursuivi par deux repr\u00e9sentants du club de Bon-Encontre. Les coureurs locaux s\u2019offrent \u00e9galement une deuxi\u00e8me place chez les f\u00e9minines sur 20\u00a0km (St\u00e9phanie Petit) et une troisi\u00e8me sur le 10\u00a0km (Lauryne Blichar).<\/p>\n<p>\u00c0 noter, la belle bagarre sur le 10\u00a0km hommes (les trois premiers en 18 secondes) et la victoire, sur 10\u00a0km, de la repr\u00e9sentante de l\u2019Aviron Agenais, Diane Maissonnier. Les circuits tr\u00e8s nature ont \u00e9t\u00e9 appr\u00e9ci\u00e9s par les coureurs qui ont profit\u00e9 d\u2019une m\u00e9t\u00e9o cl\u00e9mente. Une parfaite r\u00e9ussite. Les Foul\u00e9es gauloises de Puymiclan repr\u00e9sentaient la septi\u00e8me et ant\u00e9p\u00e9nulti\u00e8me \u00e9preuve du Challenge Trails 47 saison 2025\/2026. Il reste donc deux \u00e9preuves qui se d\u00e9rouleront en juin\u00a0: Donzac, le 7\u00a0juin (12 et 20\u00a0km) et Rives\/Viller\u00e9al, le 21\u00a0juin (10 et 23\u00a0km). Pour rappel, la remise des prix du Challenge saison 2025\/2026 s\u2019effectuera \u00e0 Donzac vendredi 3\u00a0juillet \u00e0 partir de 19\u00a0heures.<\/p>\n<div class=\"std-frame\">\n<h2 class=\"encart_titre\">Podiums<\/h2>\n<div class=\"encart_texte\">\n<p>10\u00a0km dames\u00a0: 1 \u2013 Diane Maissonnier 53\u201902\u00a0; 2 \u2013 Rachel Miossec 57\u201902\u00a0; 3 \u2013 Lauryne Blichar 57\u201912.<br \/>10\u00a0km hommes\u00a0: 1 \u2013 Calixte Vertuol 43\u201942\u00a0; 2 \u2013 Julien Ressayre 43\u201949\u00a0; 3 \u2013 Dylan Valade 44\u201900.<br \/>20\u00a0km dames\u00a0: 1 \u2013 Elodie Piazzon 1h53\u201903\u00a0; 2 &#8211; St\u00e9phanie Petit 1h55\u201924\u00a0; 3 &#8211; Marie-Laure Claverie 2h07\u201948.<br \/>20\u00a0km hommes\u00a0: 1 \u2013 Yannick Marie 1h31\u201918\u00a0; 2 &#8211; Nabyl Serhane 1h32\u201951\u00a0; 3 &#8211; Aur\u00e9lien Rose 1h34\u201927.<\/p>\n<\/div>\n<\/div><\/div>\n<p><a href=\"https:\/\/www.ladepeche.fr\/2026\/04\/29\/course-hors-stade-les-foulees-gauloises-de-puymiclan-plus-de-500-inscrits-ont-participe-une-20e-edition-dignement-fetee-13348051.php\">source<\/a><\/p>\n","protected":false},"excerpt":{"rendered":"<p>l&#8217;essentiel Les organisateurs des Foul\u00e9es gauloises de Puymiclan avaient d\u00e9cid\u00e9 de marquer la 20e \u00e9dition d\u2019une pierre blanche et d\u2019opter pour des courses en nocturne. Pari gagn\u00e9 puisque les jauges de coureurs ont \u00e9t\u00e9 largement atteintes. \u00ab\u00a0Au total, ce sont plus de 500 inscrits qui ont particip\u00e9 aux diff\u00e9rentes \u00e9preuves. \u00c0 comparer aux 420 participants [&hellip;]<\/p>\n","protected":false},"author":1,"featured_media":130049,"comment_status":"open","ping_status":"open","sticky":false,"template":"","format":"standard","meta":{"_monsterinsights_skip_tracking":false,"_monsterinsights_sitenote_active":false,"_monsterinsights_sitenote_note":"","_monsterinsights_sitenote_category":0,"footnotes":""},"categories":[71],"tags":[],"coauthors":[77],"class_list":["post-130048","post","type-post","status-publish","format-standard","has-post-thumbnail","hentry","category-sport"],"aioseo_notices":[],"_links":{"self":[{"href":"https:\/\/pressactu.com\/index.php?rest_route=\/wp\/v2\/posts\/130048","targetHints":{"allow":["GET"]}}],"collection":[{"href":"https:\/\/pressactu.com\/index.php?rest_route=\/wp\/v2\/posts"}],"about":[{"href":"https:\/\/pressactu.com\/index.php?rest_route=\/wp\/v2\/types\/post"}],"author":[{"embeddable":true,"href":"https:\/\/pressactu.com\/index.php?rest_route=\/wp\/v2\/users\/1"}],"replies":[{"embeddable":true,"href":"https:\/\/pressactu.com\/index.php?rest_route=%2Fwp%2Fv2%2Fcomments&post=130048"}],"version-history":[{"count":0,"href":"https:\/\/pressactu.com\/index.php?rest_route=\/wp\/v2\/posts\/130048\/revisions"}],"wp:featuredmedia":[{"embeddable":true,"href":"https:\/\/pressactu.com\/index.php?rest_route=\/wp\/v2\/media\/130049"}],"wp:attachment":[{"href":"https:\/\/pressactu.com\/index.php?rest_route=%2Fwp%2Fv2%2Fmedia&parent=130048"}],"wp:term":[{"taxonomy":"category","embeddable":true,"href":"https:\/\/pressactu.com\/index.php?rest_route=%2Fwp%2Fv2%2Fcategories&post=130048"},{"taxonomy":"post_tag","embeddable":true,"href":"https:\/\/pressactu.com\/index.php?rest_route=%2Fwp%2Fv2%2Ftags&post=130048"},{"taxonomy":"author","embeddable":true,"href":"https:\/\/pressactu.com\/index.php?rest_route=%2Fwp%2Fv2%2Fcoauthors&post=130048"}],"curies":[{"name":"wp","href":"https:\/\/api.w.org\/{rel}","templated":true}]}}