{"id":130045,"date":"2026-04-29T14:24:58","date_gmt":"2026-04-29T14:24:58","guid":{"rendered":"https:\/\/pressactu.com\/?p=130045"},"modified":"2026-04-29T14:24:58","modified_gmt":"2026-04-29T14:24:58","slug":"visite-de-charles-iii-aux-etats-unis-des-tacles-contre-donald-trump-et-un-appel-a-ne-pas-se-replier-sur-soi","status":"publish","type":"post","link":"https:\/\/pressactu.com\/?p=130045","title":{"rendered":"Visite de Charles III aux Etats-Unis\u00a0: des tacles contre Donald Trump et un appel \u00e0 ne pas se replier sur soi"},"content":{"rendered":"<div>\n<figure class=\"hook-media--standard \"> <picture class=\"hook-media_picture pb-8\"><source media=\"(max-width: 768px)\" srcset=\"https:\/\/focus.nouvelobs.com\/2026\/04\/29\/0\/0\/2509\/1672\/375\/250\/75\/0\/5bbe1e9_upload-1-jcqvdjvf3jf8-sipa-ap23031826-000040.jpg 1x,https:\/\/focus.nouvelobs.com\/2026\/04\/29\/0\/0\/2509\/1672\/750\/500\/50\/0\/5bbe1e9_upload-1-jcqvdjvf3jf8-sipa-ap23031826-000040.jpg 2x\" width=\"375\" height=\"250\"><img fetchpriority=\"high\" decoding=\"async\" class=\"mx-auto\" src=\"data:image\/svg+xml,%3Csvg%20xmlns%3D%27http%3A%2F%2Fwww.w3.org%2F2000%2Fsvg%27%20fill%3D%22%23e4e4e4%22%20viewBox%3D%270%200%20510%20340%27%20width%3D%22510%22%20height%3D%22340%22%3E%3Cpath%20d%3D%27M0%200h510v340H0z%27%2F%3E%3C%2Fsvg%3E\" srcset=\"https:\/\/focus.nouvelobs.com\/2026\/04\/29\/0\/0\/2509\/1672\/510\/340\/75\/0\/5bbe1e9_upload-1-jcqvdjvf3jf8-sipa-ap23031826-000040.jpg 1x,https:\/\/focus.nouvelobs.com\/2026\/04\/29\/0\/0\/2509\/1672\/1020\/680\/50\/0\/5bbe1e9_upload-1-jcqvdjvf3jf8-sipa-ap23031826-000040.jpg 2x\" loading=\"eager\" width=\"510\" height=\"340\" data-oncrawl-image-size=\"510x340\" alt=\"Le pr\u00e9sident am\u00e9ricain Donald Trump accueillant le roi Charles III \u00e0 la Maison-Blanche pour un d\u00eener d\u2019Etat, le 28\u00a0avril 2026.\"\/>   <\/source><\/picture><figcaption class=\"hook-media_figcaption\">\n<p class=\"latino-100m text-grey-600\">  Le pr\u00e9sident am\u00e9ricain Donald Trump accueillant le roi Charles III \u00e0 la Maison-Blanche pour un d\u00eener d\u2019Etat, le 28\u00a0avril 2026.\u00a0<span class=\"text-grey-600 ms-4\">ALEX BRANDON\/AP\/SIPA<\/span>  <\/p>\n<\/figcaption><\/figure>\n<div class=\"article__share d-flex align-items-center py-24 border-bottom  mb-32\" style=\"--border-color:#D9D9D9;\">\n<div class=\"d-flex flex-wrap gap-16\">                                <button data-article-key=\"20260429.OBS114549\" aria-label=\"Lire\u00a0plus\u00a0tard\" data-section=\"Monde\" data-piano=\"Page_Article,Sous_date_publi,A_lire_plus_tard,1er_clic,action\" class=\"popover-trigger btn--tertiary btn--icon-only btn btn--small btn--secondary read-later\"> <i class=\"icon  icon-read-after\" aria-hidden=\"true\"\/>  <span class=\"latino-300r mt-2 \"> Lire\u00a0plus\u00a0tard <\/span>  <\/button>        <a aria-label=\"Nous suivre sur Google News\" href=\"https:\/\/news.google.com\/publications\/CAAqBwgKMJe4nQkw3dFs?hl=fr&amp;gl=FR&amp;ceid=FR%3Afr\" target=\"_blank\" data-piano=\"Page_Article,Sous_date_publi,Nous_suivre_sur_google_news,1er_clic,action\" class=\"btn btn--small btn--tertiary btn--icon-only\">    <svg class=\"icon icon--google  \" style=\"--fill:#56668A\">   <use href=\"\/bucket\/resources\/web\/img\/e86dad2a9be111d0faac.svg#google\"\/>  <\/svg>   <span class=\"latino-300r mt-2 \">Google Actualit\u00e9s<\/span>  <\/a>     <button id=\"share\" aria-label=\"Partager\" class=\"popover-trigger btn btn--small btn--tertiary btn--icon-only\" data-piano=\"Page_Article,Sous_date_publi,Partager,1er_clic,action\">    <svg class=\"icon icon--share-alt  \" style=\"--fill:var(--base-foreground-color,#171717)\">   <use href=\"\/bucket\/resources\/web\/img\/e86dad2a9be111d0faac.svg#share-alt\"\/>  <\/svg>  <span class=\"latino-300r mt-2\">Partager<\/span> <\/button> <\/p>\n<div id=\"popover-share\" data-url=\"https:\/\/www.nouvelobs.com\/monde\/20260429.OBS114549\/visite-de-charles-iii-aux-etats-unis-des-tacles-contre-donald-trump-et-un-appel-a-ne-pas-se-replier-sur-soir.html\" data-id=\"20260429.OBS114549\" data-popover-for=\"share\" class=\"popover p-32\" role=\"tooltip\" style=\"width: 375px\">\n<p>  <button onclick=\"setToFacebook();\" class=\"btn btn--large btn--secondary\" aria-label=\"Facebook\" piano-context-origin=\"Page_Article,Sous_date_publi,Partager,Facebook,action\">    <svg class=\"icon icon--facebook  \" style=\"--fill:var(--base-foreground-color,#171717)\">   <use href=\"\/bucket\/resources\/web\/img\/e86dad2a9be111d0faac.svg#facebook\"\/>  <\/svg>  <span class=\"latino-300r\">Facebook<\/span> <\/button> <button onclick=\"setToBsky();\" class=\"btn btn--large btn--secondary\" aria-label=\"Bluesky\" piano-context-origin=\"Page_Article,Sous_date_publi,Partager,Bluesky,action\">    <svg class=\"icon icon--bluesky  \" style=\"--fill:var(--base-foreground-color,#171717)\">   <use href=\"\/bucket\/resources\/web\/img\/e86dad2a9be111d0faac.svg#bluesky\"\/>  <\/svg>  <span class=\"latino-300r\">Bluesky<\/span> <\/button> <button id=\"mail-button\" onclick=\"setToMail(true)\" class=\"btn btn--large btn--secondary\" aria-label=\"Mail\" piano-context-origin=\"Page_Article,Sous_date_publi,Partager,Email,action\">    <svg class=\"icon icon--mail  \" style=\"--fill:var(--base-foreground-color,#171717)\">   <use href=\"\/bucket\/resources\/web\/img\/e86dad2a9be111d0faac.svg#mail\"\/>  <\/svg>  <span class=\"latino-300r\">E-mail<\/span> <\/button> <button onclick=\"setToClipboard();\" class=\"copy-button btn btn--large btn--secondary\" aria-label=\"copier le lien\" piano-context-origin=\"Page_Article,Sous_date_publi,Partager,Copier_lien,action\">    <svg class=\"icon icon--link  \" style=\"--fill:var(--base-foreground-color,#171717)\">   <use href=\"\/bucket\/resources\/web\/img\/e86dad2a9be111d0faac.svg#link\"\/>  <\/svg>  <span class=\"latino-300r\">Copier le lien<\/span> <\/button>  <\/p>\n<p> <button id=\"share-mail-submit\" type=\"submit\" form=\"mail-form\" onclick=\"__forecast.collectShareMail()\" class=\"latino-300r btn btn--large btn--black btn--fit\"> Envoyer <\/button> <\/p>\n<\/p><\/div>\n<p>                    <span data-urlencode=\"L2Fib25uZW1lbnQtYXZyaWwtMjAyNg==\" data-piano=\"Page_Article,Sous_date_publi,S_abonner_Printemps2026,1er_clic,action\" data-batch=\"clic_s_abonner\" class=\"btn btn--small btn--conversion-secondary\" style=\"--btn-color:#FFF;--btn-color-hover:#FFF;--btn-bg:#FC5F2B;--btn-bg-hover:#FC5F2B;--btn-bg-focus:#FC5F2B;--btn-border-color:#522DF7;\"> S\u2019abonner <\/span>       <\/div>\n<\/p><\/div>\n<p class=\"node__paragraphe antonia-750r text-grey-800 pb-24 pb-md-32\"> <em>\u00ab\u00a0Notre alliance ne peut pas se reposer sur ses r\u00e9ussites pass\u00e9es\u00a0\u00bb<\/em>, a exhort\u00e9 Charles\u00a0III mardi 28\u00a0avril devant les parlementaires am\u00e9ricains. Au cours de cette visite d\u2019Etat outre-Atlantique, organis\u00e9e en grande pompe par la Maison-Blanche \u00e0 l\u2019occasion du <a href=\"https:\/\/www.nouvelobs.com\/histoire\/20250701.OBS105487\/america-first-la-folle-histoire-de-l-empire-americain.html\">250<sup>e<\/sup> anniversaire de la d\u00e9claration d\u2019ind\u00e9pendance des Etats-Unis<\/a>, le souverain britannique a notamment appel\u00e9 \u00e0 ne pas se replier sur soi-m\u00eame, glissant quelques piques inattendues \u00e0 Donald Trump. <\/p>\n<h2 class=\"node__heading latino-800m latino-lg-1400e text-grey-800 pb-8 pb-md-16\"> \u2022 Charles III tacle Trump <\/h2>\n<p class=\"node__paragraphe antonia-750r text-grey-800 pb-24 pb-md-32\"> Lors du d\u00eener de gala organis\u00e9 \u00e0 la Maison-Blanche mardi soir, Charles\u00a0III s\u2019est montr\u00e9 tr\u00e8s piquant envers le pr\u00e9sident am\u00e9ricain, \u00e9voquant les origines de nombreux toponymes aux Etats-Unis, du fait de l\u2019installation, jadis, de <a href=\"https:\/\/www.nouvelobs.com\/idees\/20250621.OBS105154\/1776-comment-des-colons-britanniques-ont-pose-les-bases-de-l-imperialisme-americain.html\">colons des deux anciennes puissances rivales<\/a>. <em>\u00ab\u00a0Vous avez r\u00e9cemment d\u00e9clar\u00e9, monsieur le pr\u00e9sident, que sans les Etats-Unis, les pays europ\u00e9ens parleraient l\u2019allemand. Oserai-je dire que sans nous vous parleriez fran\u00e7ais\u00a0\u00bb<\/em>, a gliss\u00e9 le souverain, d\u00e9clenchant les rires de l\u2019assistance. Une r\u00e9f\u00e9rence aux propos qu\u2019avait tenus en janvier au sommet de Davos le pr\u00e9sident am\u00e9ricain \u00e0 l\u2019adresse des Europ\u00e9ens\u00a0: sans le soutien am\u00e9ricain durant la Seconde Guerre mondiale, \u00ab\u00a0<em>vous parleriez allemand et un petit peu japonais<\/em>\u00a0\u00bb, avait-il d\u00e9clar\u00e9. <\/p>\n<p class=\"node__paragraphe antonia-750r text-grey-800 pb-24 pb-md-32\"> Le roi a \u00e9galement plaisant\u00e9 au sujet des <em>\u00ab\u00a0r\u00e9ajustements\u00a0\u00bb<\/em> de la Maison-Blanche concernant <a href=\"https:\/\/www.nouvelobs.com\/monde\/20260427.OBS114513\/comment-trump-transforme-un-attentat-rate-en-plaidoyer-pour-sa-salle-de-bal-a-400-millions-de-dollars.html\">le projet co\u00fbteux de salle de bal<\/a> d\u00e9fendu par le milliardaire r\u00e9publicain. <em>\u00ab\u00a0Je suis au regret de dire que nous, les Britanniques, avons bien s\u00fbr tent\u00e9 notre propre projet de r\u00e9am\u00e9nagement immobilier de la Maison-Blanche en\u00a01814\u00a0\u00bb<\/em>, a-t-il lanc\u00e9. Cette ann\u00e9e-l\u00e0, des soldats du royaume avaient incendi\u00e9 le b\u00e2timent. <\/p>\n<h2 class=\"node__heading latino-800m latino-lg-1400e text-grey-800 pb-8 pb-md-16\"> \u2022 Un discours tr\u00e8s appr\u00e9ci\u00e9 des d\u00e9mocrates <\/h2>\n<p class=\"node__paragraphe antonia-750r text-grey-800 pb-24 pb-md-32\"> Avant le d\u00eener, Charles III avait prononc\u00e9 un discours devant le Congr\u00e8s, ce qui a fait de lui le deuxi\u00e8me souverain britannique seulement \u00e0 s\u2019exprimer sur la colline du Capitole \u00e0 Washington apr\u00e8s sa m\u00e8re Elizabeth II en\u00a01991.<em> \u00ab\u00a0Les d\u00e9fis auxquels nous sommes confront\u00e9s sont trop grands pour qu\u2019une nation puisse les affronter seule\u00a0\u00bb<\/em>, a ainsi lanc\u00e9 le roi devant des parlementaires am\u00e9ricains acquis \u00e0 sa cause, exhortant les deux pays \u00e0 d\u00e9fendre leurs valeurs communes et \u00e0 r\u00e9sister aux appels \u00e0 se replier <em>\u00ab\u00a0toujours davantage sur eux-m\u00eames\u00a0\u00bb<\/em>. <\/p>\n<figure class=\"node__media-image  \">\n<div class=\"offcanvas-wrapper\"> <picture class=\"pb-8\"><source media=\"(min-width: 769px) and (max-width: 1024px)\" srcset=\"https:\/\/focus.nouvelobs.com\/2026\/04\/28\/0\/0\/5500\/3666\/900\/0\/75\/0\/ec372fc_ftp-1-51qwqzqc7mqx-afp-a99x88r.jpg 1x, https:\/\/focus.nouvelobs.com\/2026\/04\/28\/0\/0\/5500\/3666\/1800\/0\/50\/0\/ec372fc_ftp-1-51qwqzqc7mqx-afp-a99x88r.jpg 2x\"\/><source media=\"(max-width: 450px)\" srcset=\"https:\/\/focus.nouvelobs.com\/2026\/04\/28\/0\/0\/5500\/3666\/450\/0\/75\/0\/ec372fc_ftp-1-51qwqzqc7mqx-afp-a99x88r.jpg 1x, https:\/\/focus.nouvelobs.com\/2026\/04\/28\/0\/0\/5500\/3666\/900\/0\/50\/0\/ec372fc_ftp-1-51qwqzqc7mqx-afp-a99x88r.jpg 2x\"\/><source media=\"(max-width: 768px)\" srcset=\"https:\/\/focus.nouvelobs.com\/2026\/04\/28\/0\/0\/5500\/3666\/768\/0\/75\/0\/ec372fc_ftp-1-51qwqzqc7mqx-afp-a99x88r.jpg 1x, https:\/\/focus.nouvelobs.com\/2026\/04\/28\/0\/0\/5500\/3666\/1536\/0\/50\/0\/ec372fc_ftp-1-51qwqzqc7mqx-afp-a99x88r.jpg 2x\"\/><img loading=\"lazy\" decoding=\"async\" class=\"w-100\" src=\"data:image\/svg+xml,%3Csvg%20xmlns%3D%27http%3A%2F%2Fwww.w3.org%2F2000%2Fsvg%27%20fill%3D%22%23e4e4e4%22%20viewBox%3D%270%200%20630%200%27%20width%3D%22630%22%20height%3D%220%22%3E%3Cpath%20d%3D%27M0%200h630v0H0z%27%2F%3E%3C%2Fsvg%3E\" srcset=\"https:\/\/focus.nouvelobs.com\/2026\/04\/28\/0\/0\/5500\/3666\/630\/0\/75\/0\/ec372fc_ftp-1-51qwqzqc7mqx-afp-a99x88r.jpg 1x, https:\/\/focus.nouvelobs.com\/2026\/04\/28\/0\/0\/5500\/3666\/1260\/0\/50\/0\/ec372fc_ftp-1-51qwqzqc7mqx-afp-a99x88r.jpg 2x\" alt=\"Le roi Charles III lors de son discours devant le Congr\u00e8s am\u00e9ricain, \u00e0 Washington, le 28\u00a0avril 2026.\" width=\"630\" height=\"0\" loading=\"lazy\"\/> <\/picture><figcaption class=\"node__media-image-caption d-block mb-16\">\n<p class=\"latino-100m text-grey-600\"> Le roi Charles III lors de son discours devant le Congr\u00e8s am\u00e9ricain, \u00e0 Washington, le 28\u00a0avril 2026.  <span class=\"ms-4\">KYLIE COOPER\/AFP<\/span>  <\/p>\n<\/figcaption><\/div>\n<\/figure>\n<p class=\"node__paragraphe antonia-750r text-grey-800 pb-24 pb-md-32\"> Une critique \u00e0 peine voil\u00e9e du pr\u00e9sident am\u00e9ricain prononc\u00e9e depuis la tribune de l\u2019h\u00e9micycle, en pr\u00e9sence du <a href=\"https:\/\/www.nouvelobs.com\/monde\/20260118.OBS111607\/j-d-vance-un-vice-president-dans-l-ombre-de-trump-qui-prepare-l-avenir-en-singeant-son-maitre.html\">vice-pr\u00e9sident J.\u00a0D. Vance<\/a> et des plus hauts responsables am\u00e9ricains mais en l\u2019absence de Donald Trump. Les parlementaires d\u00e9mocrates ont particuli\u00e8rement applaudi le passage du discours mentionnant l\u2019\u00e9quilibre des pouvoirs, vu l\u00e0 aussi comme une r\u00e9f\u00e9rence au locataire de la Maison-Blanche. <\/p>\n<h2 class=\"node__heading latino-800m latino-lg-1400e text-grey-800 pb-8 pb-md-16\"> \u2022 Un appel \u00e0 soutenir l\u2019Ukraine <\/h2>\n<p class=\"node__paragraphe antonia-750r text-grey-800 pb-24 pb-md-32\"> Le souverain britannique a aussi appel\u00e9 les \u00e9lus am\u00e9ricains \u00e0 faire preuve d\u2019une \u00ab\u00a0<em>d\u00e9termination sans faille<\/em>\u00a0\u00bb pour la d\u00e9fense de l\u2019Ukraine, alors que les Europ\u00e9ens regrettent depuis le retour de Donald Trump au pouvoir un d\u00e9sengagement de Washington dans son soutien \u00e0 Kiev contre la Russie, sur le champ de bataille et dans les n\u00e9gociations diplomatiques. <\/p>\n<h2 class=\"node__heading latino-800m latino-lg-1400e text-grey-800 pb-8 pb-md-16\"> \u2022 Des liens de \u00ab\u00a0sang\u00a0\u00bb entre les deux nations <\/h2>\n<p class=\"node__paragraphe antonia-750r text-grey-800 pb-24 pb-md-32\"> Plus t\u00f4t dans la matin\u00e9e, Donald Trump, tr\u00e8s friand de fastes monarchiques, avait re\u00e7u Charles III et <a href=\"https:\/\/www.nouvelobs.com\/monde\/20230505.OBS72967\/couronnement-de-charles-iii-10-choses-que-vous-ne-savez-pas-forcement-sur-la-reine-camilla.html\">la reine Camilla<\/a> avec des militaires en tenue d\u2019apparat, une fanfare, 21\u00a0coups de canon et un survol par des avions de combat. <\/p>\n<p class=\"node__paragraphe antonia-750r text-grey-800 pb-24 pb-md-32\"> <em>\u00ab\u00a0Depuis que nous avons obtenu notre ind\u00e9pendance, il y a plusieurs si\u00e8cles, les Am\u00e9ricains n\u2019ont pas eu d\u2019amis plus proches que les Britanniques\u00a0\u00bb<\/em>, a d\u00e9clar\u00e9 le pr\u00e9sident am\u00e9ricain, ajoutant que les deux pays entretenaient une <em>\u00ab\u00a0relation sp\u00e9ciale et nous esp\u00e9rons qu\u2019il en sera toujours ainsi\u00a0\u00bb<\/em>. <\/p>\n<p class=\"node__paragraphe antonia-750r text-grey-800 pb-24 pb-md-32\"> En cette ann\u00e9e des 250\u00a0ans de la d\u00e9claration d\u2019ind\u00e9pendance des Etats-Unis, marquant la rupture des colonies britanniques avec la Couronne, Donald Trump a certes jug\u00e9 <em>\u00ab\u00a0ironique\u00a0\u00bb <\/em>de c\u00e9l\u00e9brer ainsi le roi d\u2019Angleterre. Mais le dirigeant r\u00e9publicain a justifi\u00e9 cet accueil fastueux par <a href=\"https:\/\/www.nouvelobs.com\/monde\/20260303.OBS112842\/comment-la-relation-entre-les-etats-unis-et-le-royaume-uni-s-effrite-autour-de-la-guerre-au-moyen-orient.html\">les liens de <em>\u00ab\u00a0sang\u00a0\u00bb<\/em> entre les deux nations<\/a>, d\u00e9clarant que les colons venus de l\u2019autre c\u00f4t\u00e9 de l\u2019oc\u00e9an avaient apport\u00e9 <em>\u00ab\u00a0le noble esprit britannique sur un continent sauvage et indompt\u00e9\u00a0\u00bb.<\/em> <\/p>\n<p class=\"node__paragraphe antonia-750r text-grey-800 pb-24 pb-md-32\"> Seul l\u2019ambassadeur britannique aux Etats-Unis, Christian Turner, a quelque peu troubl\u00e9 l\u2019ambiance bon enfant de cette visite d\u2019Etat. Lors d\u2019un \u00e9change mi-f\u00e9vrier avec des lyc\u00e9ens britanniques r\u00e9v\u00e9l\u00e9s mardi <a target=\"_blank\" href=\"https:\/\/www.ft.com\/content\/d4bfac8a-37a4-4409-ac03-a31d41b08e48?syn-25a6b1a6=1\" rel=\"noopener\">par le \u00ab\u00a0Financial Times\u00a0\u00bb<\/a>, il a dit que la <em>\u00ab\u00a0relation sp\u00e9ciale\u00a0\u00bb<\/em> des Etats-Unis \u00e9tait celle les liant \u00e0 Isra\u00ebl, non au Royaume-Uni. <\/p>\n<div class=\"article__author pb-32\">\n<p class=\"authors latino-600m text-grey-800\">        <span>Par\u00a0<\/span> Service Actu\u00a0(avec AFP)<\/p>\n<\/p><\/div>\n<\/p><\/div>\n<p><a href=\"https:\/\/www.nouvelobs.com\/monde\/20260429.OBS114549\/visite-de-charles-iii-aux-etats-unis-des-tacles-contre-donald-trump-et-un-appel-a-ne-pas-se-replier-sur-soir.html\">source<\/a><\/p>\n","protected":false},"excerpt":{"rendered":"<p>Le pr\u00e9sident am\u00e9ricain Donald Trump accueillant le roi Charles III \u00e0 la Maison-Blanche pour un d\u00eener d\u2019Etat, le 28\u00a0avril 2026.\u00a0ALEX BRANDON\/AP\/SIPA Lire\u00a0plus\u00a0tard Google Actualit\u00e9s Partager Facebook Bluesky E-mail Copier le lien Envoyer S\u2019abonner \u00ab\u00a0Notre alliance ne peut pas se reposer sur ses r\u00e9ussites pass\u00e9es\u00a0\u00bb, a exhort\u00e9 Charles\u00a0III mardi 28\u00a0avril devant les parlementaires am\u00e9ricains. Au cours [&hellip;]<\/p>\n","protected":false},"author":1,"featured_media":130046,"comment_status":"open","ping_status":"open","sticky":false,"template":"","format":"standard","meta":{"_monsterinsights_skip_tracking":false,"_monsterinsights_sitenote_active":false,"_monsterinsights_sitenote_note":"","_monsterinsights_sitenote_category":0,"footnotes":""},"categories":[75],"tags":[],"coauthors":[77],"class_list":["post-130045","post","type-post","status-publish","format-standard","has-post-thumbnail","hentry","category-monde"],"aioseo_notices":[],"_links":{"self":[{"href":"https:\/\/pressactu.com\/index.php?rest_route=\/wp\/v2\/posts\/130045","targetHints":{"allow":["GET"]}}],"collection":[{"href":"https:\/\/pressactu.com\/index.php?rest_route=\/wp\/v2\/posts"}],"about":[{"href":"https:\/\/pressactu.com\/index.php?rest_route=\/wp\/v2\/types\/post"}],"author":[{"embeddable":true,"href":"https:\/\/pressactu.com\/index.php?rest_route=\/wp\/v2\/users\/1"}],"replies":[{"embeddable":true,"href":"https:\/\/pressactu.com\/index.php?rest_route=%2Fwp%2Fv2%2Fcomments&post=130045"}],"version-history":[{"count":0,"href":"https:\/\/pressactu.com\/index.php?rest_route=\/wp\/v2\/posts\/130045\/revisions"}],"wp:featuredmedia":[{"embeddable":true,"href":"https:\/\/pressactu.com\/index.php?rest_route=\/wp\/v2\/media\/130046"}],"wp:attachment":[{"href":"https:\/\/pressactu.com\/index.php?rest_route=%2Fwp%2Fv2%2Fmedia&parent=130045"}],"wp:term":[{"taxonomy":"category","embeddable":true,"href":"https:\/\/pressactu.com\/index.php?rest_route=%2Fwp%2Fv2%2Fcategories&post=130045"},{"taxonomy":"post_tag","embeddable":true,"href":"https:\/\/pressactu.com\/index.php?rest_route=%2Fwp%2Fv2%2Ftags&post=130045"},{"taxonomy":"author","embeddable":true,"href":"https:\/\/pressactu.com\/index.php?rest_route=%2Fwp%2Fv2%2Fcoauthors&post=130045"}],"curies":[{"name":"wp","href":"https:\/\/api.w.org\/{rel}","templated":true}]}}