{"id":130043,"date":"2026-04-29T13:21:22","date_gmt":"2026-04-29T13:21:22","guid":{"rendered":"https:\/\/pressactu.com\/?p=130043"},"modified":"2026-04-29T13:21:22","modified_gmt":"2026-04-29T13:21:22","slug":"cette-boulangerie-etait-un-lieu-de-vie-charges-lourdes-et-surcout-des-matieres-premieres-les-gourmandises-du-pont-canal-baissent-le-rideau","status":"publish","type":"post","link":"https:\/\/pressactu.com\/?p=130043","title":{"rendered":"&quot;Cette boulangerie \u00e9tait un lieu de vie\u00a0!&quot;\u00a0: charges lourdes et surco\u00fbt des mati\u00e8res premi\u00e8res, les Gourmandises du Pont Canal baissent le rideau"},"content":{"rendered":"<p>\n                                                                    <span class=\"article-full__chapo-label hide-on-small-only\">l&#8217;essentiel<\/span><br \/>\n                                                                La fermeture de la boulangerie \u00e0 l\u2019entr\u00e9e de ville marque la fin d\u2019un rep\u00e8re de quartier. Apr\u00e8s plus de treize ans d\u2019activit\u00e9, les charges et la hausse des prix ont eu raison du commerce, laissant un vide pour les habitants.\n                            <\/p>\n<div rel=\"js-article-content\" data-state=\"fixed-height\" data-selection=\"disabled\">\n                                                                                                                            <!-- Pub DFP Position [outstream] --><\/p>\n<p>Avenue Georges-Delpech, une devanture couleur chocolat s\u2019\u00e9tait inscrite dans le quotidien des Agenais depuis plusieurs ann\u00e9es. Les propri\u00e9taires de la boulangerie Les Gourmandises du Pont-Canal\u00a0ont annonc\u00e9 leur fermeture d\u00e9finitive. Ils baisseront le rideau ce 30\u00a0avril \u00e0 19h30. Un cr\u00e8ve-c\u0153ur aussi bien pour le couple de commer\u00e7ants que pour ses clients.<\/p>\n<p><!-- Pub DFP Position [article] --><\/p>\n<p>Sur ses r\u00e9seaux sociaux, l\u2019\u00e9quipe a tenu \u00e0 leur adresser &#8220;un immense merci pour\u00a0leur fid\u00e9lit\u00e9, leur confiance et tous les moments partag\u00e9s au fil du temps. Votre pr\u00e9sence quotidienne a fait vivre notre boulangerie-p\u00e2tisserie bien au-del\u00e0 d\u2019un simple commerce, vous en avez fait un lieu de convivialit\u00e9 et de souvenirs.&#8221;<\/p>\n<p>C\u00e9dric Poulleau et son \u00e9pouse avaient ouvert les Gourmandises en 2013, reprenant l\u2019ancienne enseigne Chez J\u00e9r\u00f4me. Outre les baguettes, campaillettes et grand si\u00e8cle, les p\u00e2tisseries faites maison avaient rapidement attir\u00e9 une client\u00e8le de fid\u00e8les. &#8220;Les meilleurs \u00e9clairs au chocolat d\u2019Agen, des b\u00fbches terribles\u2026 Merci d\u2019avoir r\u00e9gal\u00e9 nos papilles&#8221;, peut-on lire sur Facebook.<\/p>\n<h2 class=\"txt-int\">&#8220;C\u2019\u00e9tait un lieu de vie&#8221;<\/h2>\n<p>Une quantit\u00e9 trop importante de charges sociales, l\u2019explosion du prix des mati\u00e8res premi\u00e8res ont eu raison de la boulangerie, comme de tant d\u2019autres enseignes. Les responsables ont toujours refus\u00e9 d\u2019augmenter leurs propres tarifs pour ne pas impacter leurs clients. Ils partent sans dettes mais\u00a0d\u00e9plorent un manque de soutien des autorit\u00e9s locales, et les difficult\u00e9s pour les petits commer\u00e7ants \u00e0 rebondir dans ce contexte.<\/p>\n<p>Martine, habitu\u00e9e des Gourmandises, s\u2019inqui\u00e8te aussi\u00a0d\u2019un probl\u00e8me plus large\u00a0: cette fermeture impacte directement la vie du quartier.<br \/>\u00ab\u00a0O\u00f9 vont aller les gens pour acheter leur pain\u00a0? Cette boulangerie, c\u2019\u00e9tait un lieu de vie\u00a0! Elle \u00e9tait tr\u00e8s bien situ\u00e9e, entre la pharmacie et le bar-tabac. Et il n\u2019y avait pas que le pain et les g\u00e2teaux, on pouvait aussi venir y chercher nos journaux\u2026\u00a0\u00bb<\/p>\n<p>Employ\u00e9e dans le social, elle travaille fr\u00e9quemment au contact des personnes \u00e2g\u00e9es et pense \u00e0 eux.<br \/>\u00ab\u00a0Comment vont faire les seniors qui habitent ici et \u00e9taient bien contents de ne faire que quelques m\u00e8tres pour r\u00e9cup\u00e9rer leur pain\u00a0? Certains ont des probl\u00e8mes de mobilit\u00e9, ils ne pourront pas forc\u00e9ment se rabattre sur l\u2019extr\u00eame centre s\u2019ils ont du mal \u00e0 marcher. Et ceux qui n\u2019ont pas de voiture et ne peuvent pas aller dans les villages autour\u2026 C\u2019est une \u00e9norme perte. Je suis d\u00e9\u00e7ue et triste. On avait une super qualit\u00e9 du pain, et des p\u00e2tisseries quelles qu\u2019elles soient, et on \u00e9tait toujours tr\u00e8s tr\u00e8s bien accueillis. Le sourire, la disponibilit\u00e9, la gentillesse ont toujours \u00e9t\u00e9 au rendez-vous.\u00a0\u00bb<\/p>\n<\/p><\/div>\n<p><a href=\"https:\/\/www.ladepeche.fr\/2026\/04\/29\/cette-boulangerie-etait-un-lieu-de-vie-charges-lourdes-et-surcout-des-matieres-premieres-les-gourmandises-du-pont-canal-baissent-le-rideau-13348820.php\">source<\/a><\/p>\n","protected":false},"excerpt":{"rendered":"<p>l&#8217;essentiel La fermeture de la boulangerie \u00e0 l\u2019entr\u00e9e de ville marque la fin d\u2019un rep\u00e8re de quartier. Apr\u00e8s plus de treize ans d\u2019activit\u00e9, les charges et la hausse des prix ont eu raison du commerce, laissant un vide pour les habitants. Avenue Georges-Delpech, une devanture couleur chocolat s\u2019\u00e9tait inscrite dans le quotidien des Agenais depuis [&hellip;]<\/p>\n","protected":false},"author":1,"featured_media":130044,"comment_status":"open","ping_status":"open","sticky":false,"template":"","format":"standard","meta":{"_monsterinsights_skip_tracking":false,"_monsterinsights_sitenote_active":false,"_monsterinsights_sitenote_note":"","_monsterinsights_sitenote_category":0,"footnotes":""},"categories":[74],"tags":[],"coauthors":[77],"class_list":["post-130043","post","type-post","status-publish","format-standard","has-post-thumbnail","hentry","category-economie"],"aioseo_notices":[],"_links":{"self":[{"href":"https:\/\/pressactu.com\/index.php?rest_route=\/wp\/v2\/posts\/130043","targetHints":{"allow":["GET"]}}],"collection":[{"href":"https:\/\/pressactu.com\/index.php?rest_route=\/wp\/v2\/posts"}],"about":[{"href":"https:\/\/pressactu.com\/index.php?rest_route=\/wp\/v2\/types\/post"}],"author":[{"embeddable":true,"href":"https:\/\/pressactu.com\/index.php?rest_route=\/wp\/v2\/users\/1"}],"replies":[{"embeddable":true,"href":"https:\/\/pressactu.com\/index.php?rest_route=%2Fwp%2Fv2%2Fcomments&post=130043"}],"version-history":[{"count":0,"href":"https:\/\/pressactu.com\/index.php?rest_route=\/wp\/v2\/posts\/130043\/revisions"}],"wp:featuredmedia":[{"embeddable":true,"href":"https:\/\/pressactu.com\/index.php?rest_route=\/wp\/v2\/media\/130044"}],"wp:attachment":[{"href":"https:\/\/pressactu.com\/index.php?rest_route=%2Fwp%2Fv2%2Fmedia&parent=130043"}],"wp:term":[{"taxonomy":"category","embeddable":true,"href":"https:\/\/pressactu.com\/index.php?rest_route=%2Fwp%2Fv2%2Fcategories&post=130043"},{"taxonomy":"post_tag","embeddable":true,"href":"https:\/\/pressactu.com\/index.php?rest_route=%2Fwp%2Fv2%2Ftags&post=130043"},{"taxonomy":"author","embeddable":true,"href":"https:\/\/pressactu.com\/index.php?rest_route=%2Fwp%2Fv2%2Fcoauthors&post=130043"}],"curies":[{"name":"wp","href":"https:\/\/api.w.org\/{rel}","templated":true}]}}