{"id":130041,"date":"2026-04-29T12:49:00","date_gmt":"2026-04-29T12:49:00","guid":{"rendered":"https:\/\/pressactu.com\/?p=130041"},"modified":"2026-04-29T12:49:00","modified_gmt":"2026-04-29T12:49:00","slug":"direct-guerre-au-moyen-orient-ouvrez-le-detroit-dormuz-donald-trump-assure-que-les-iraniens-lui-auraient-dit-que-le-pays-etait-en-etat-deffondrement","status":"publish","type":"post","link":"https:\/\/pressactu.com\/?p=130041","title":{"rendered":"DIRECT. Guerre au Moyen-Orient : &quot;Ouvrez le d\u00e9troit d&#039;Ormuz&quot;, Donald Trump assure que les Iraniens lui auraient dit que le pays \u00e9tait en &quot;\u00e9tat d\u2019effondrement&quot;"},"content":{"rendered":"<div id=\"live_post_EVMOJVFV94LUH4M\"><span class=\"live-post__date\">11h47.<\/span><i class=\"icon-pin\"\/><\/p>\n<div class=\"live-post__content\">\n<h2 class=\"live-post__title\">Les infos \u00e0 retenir \u00e0 12 heures\u00a0<\/h2>\n<p class=\"live-post__amorce\">&#8211;  <strong>Donald Trump durcit le ton <\/strong> face \u00e0 l&#8217;Iran, les appelant \u00e0 se montrer &#8220;intelligents&#8221;, et expliquant qu&#8217;il a fini d&#8217;\u00eatre &#8220;gentil&#8221;. <\/p>\n<p>&#8211; <strong> 21 ex\u00e9cutions et 4 000 arrestations <\/strong> ont eu lieu en Iran, depuis le d\u00e9but de la guerre au Moyen-Orient, selon l&#8217;ONU.<\/p>\n<p>&#8211; Le ministre de la guerre am\u00e9ricain, <strong> Pete Hegseth <\/strong> va pr\u00e9senter un audit sur la guerre au Moyen-Orient, cet apr\u00e8s-midi, au Pentagone. <\/p>\n<\/div>\n<\/div>\n<div id=\"live_post_EVMOJZLX87TOKLD\"><span class=\"live-post__date\">13h44.<\/span><\/p>\n<p><h2 class=\"live-post__title\">Isra\u00ebl assure que deux &#8220;projectiles&#8221; ont \u00e9t\u00e9 tir\u00e9s depuis le Liban<\/h2>\n<\/p>\n<\/div>\n<div id=\"live_post_EVMOJXX81M9QWM9\"><span class=\"live-post__date\">12h57.<\/span><\/p>\n<div class=\"live-post__content\">\n<h2 class=\"live-post__title\">Prix des carburants : Macron appelle \u00e0 r\u00e9fl\u00e9chir \u00e0 de &#8220;nouvelles r\u00e9ponses&#8221; dans un contexte &#8220;hautement incertain&#8221;<\/h2>\n<p class=\"live-post__amorce\">Emmanuel Macron a appel\u00e9 mercredi en Conseil des ministres le gouvernement \u00e0 r\u00e9fl\u00e9chir \u00e0 de  <strong>&#8220;nouvelles r\u00e9ponses&#8221;<\/strong>  face \u00e0 la hausse des prix de l&#8217;\u00e9nergie  <strong>&#8220;dans un contexte g\u00e9opolitique hautement incertain&#8221;,<\/strong>  a indiqu\u00e9 la porte-parole du gouvernement citant le chef de l&#8217;Etat.<\/p>\n<\/div>\n<\/div>\n<div id=\"live_post_EVMOJX8R7VKTTGN\"><span class=\"live-post__date\">12h37.<\/span><\/p>\n<div class=\"live-post__content\">\n<h2 class=\"live-post__title\">\u00a0Liban : deux morts, dont un soldat, dans une nouvelle frappe isra\u00e9lienne\u00a0<\/h2>\n<p class=\"live-post__amorce\">Une nouvelle frappe isra\u00e9lienne sur le sud du Liban a tu\u00e9 un soldat et son fr\u00e8re, a indiqu\u00e9 l&#8217;arm\u00e9e libanaise, les hostilit\u00e9s entre Isra\u00ebl et le Hezbollah se poursuivant malgr\u00e9 la tr\u00eave. &#8220;Un soldat et son fr\u00e8re ont \u00e9t\u00e9 tu\u00e9s dans une frappe isra\u00e9lienne qui les a vis\u00e9s&#8221; dans une localit\u00e9 du secteur de Bint Jbeil, &#8220;alors qu&#8217;ils rentraient chez eux en moto depuis le poste du militaire&#8221;, selon un communiqu\u00e9. <\/p>\n<\/div>\n<\/div>\n<div id=\"live_post_EVMOJVTJ324R836\"><span class=\"live-post__date\">11h58.<\/span><\/p>\n<p><h2 class=\"live-post__title\">\u00a0Iran : la monnaie nationale \u00e0 son plus bas historique face au dollar en plein blocus am\u00e9ricain<\/h2>\n<\/p>\n<\/div>\n<div id=\"live_post_EVMOJTHLPB2IKWJ\"><span class=\"live-post__date\">10h52.<\/span><\/p>\n<div class=\"live-post__content\">\n<h2 class=\"live-post__title\">Iran : 21 ex\u00e9cutions et 4 000 arrestations depuis le d\u00e9but de la guerre au Moyen-Orient, selon l&#8217;ONU<\/h2>\n<p class=\"live-post__amorce\">Un total de  <strong>21 personnes ont \u00e9t\u00e9 ex\u00e9cut\u00e9es <\/strong> et plus de <strong> 4 000 arr\u00eat\u00e9es<\/strong>  en Iran pour des  <strong>motifs politiques ou li\u00e9s \u00e0 la s\u00e9curit\u00e9 nationale <\/strong> depuis le d\u00e9but du conflit au Moyen-Orient, a annonc\u00e9 mercredi le Haut-Commissariat des droits de l&#8217;homme de l&#8217;ONU.  <\/p>\n<p>Depuis le d\u00e9but des attaques conjointes isra\u00e9lo-am\u00e9ricaines d\u00e9vastatrices contre l&#8217;Iran fin f\u00e9vrier, &#8220;au moins neuf personnes ont \u00e9t\u00e9 ex\u00e9cut\u00e9es en lien avec les manifestations de janvier 2026, dix pour appartenance pr\u00e9sum\u00e9e \u00e0 des groupes d&#8217;opposition et deux pour espionnage&#8221;, a annonc\u00e9 l&#8217;agence onusienne dans un communiqu\u00e9.<\/p>\n<p>Le Haut-Commissariat a pr\u00e9cis\u00e9 qu&#8217;au cours de la m\u00eame p\u00e9riode, plus de 4 000 personnes avaient \u00e9t\u00e9 arr\u00eat\u00e9es &#8220;pour des accusations li\u00e9es \u00e0 la s\u00e9curit\u00e9 nationale&#8221;.<\/p>\n<\/div>\n<\/div>\n<div id=\"live_post_EVMOJSSWIT3J0FP\"><span class=\"live-post__date\">10h33.<\/span><\/p>\n<div class=\"live-post__content\">\n<h2 class=\"live-post__title\">\ud83d\udd34 Les Iraniens &#8220;ont int\u00e9r\u00eat \u00e0 devenir intelligents, et vite!&#8221;, menace Trump<\/h2>\n<p class=\"live-post__amorce\">Les Iraniens &#8220;ont int\u00e9r\u00eat \u00e0 devenir intelligents, et vite!&#8221;, a menac\u00e9 Donald Trump mercredi sur son r\u00e9seau Truth social, alors que les discussions entre Washington et T\u00e9h\u00e9ran sont compl\u00e8tement bloqu\u00e9es depuis plusieurs jours. <\/p>\n<p>&#8220;L&#8217;Iran n&#8217;arrive pas \u00e0 se ressaisir. Ils ne savent pas comment conclure un accord&#8221; sur le nucl\u00e9aire, a-t-il ajout\u00e9, publiant une photo de lui en costume et cravate noire, portant un fusil d&#8217;assaut, au milieu d&#8217;un d\u00e9cor de guerre avec ce commentaire : &#8220;FINI DE JOUER LES GENTILS!&#8221;. <\/p>\n<\/div>\n<\/div>\n<div id=\"live_post_EVMOJSA5QH2SFGO\"><span class=\"live-post__date\">10h19.<\/span><\/p>\n<div class=\"live-post__content\">\n<h2 class=\"live-post__title\">&#8220;No more Mr. nice guy!&#8221;<\/h2>\n<p class=\"live-post__amorce\">Donald Trump prend un ton plus mena\u00e7ant, sur <a href=\"https:\/\/truthsocial.com\/@realDonaldTrump\" target=\"_blank\" rel=\"noopener noreferrer nofollow\" class=\"\"><em> Truth social.<\/em><\/a>  Il vient de poster une image g\u00e9n\u00e9r\u00e9e par IA le repr\u00e9sentant arme \u00e0 la main, lunettes de soleil sur le nez, devant un paysage o\u00f9 des bombes ont sem\u00e9 la d\u00e9solation. <\/p>\n<p><iframe class=\"truthsocial-embed\" style=\"max-width: 100%; border: 0\" width=\"600\" allowfullscreen=\"allowfullscreen\" data-src=\"https:\/\/truthsocial.com\/@realDonaldTrump\/116486959174837748\/embed\"><\/iframe><\/p>\n<\/div>\n<\/div>\n<div id=\"live_post_EVMOJPJE5N2A5KJ\"><span class=\"live-post__date\">09h02.<\/span><\/p>\n<div class=\"live-post__content\">\n<h2 class=\"live-post__title\">Donald Trump assure que les Iraniens lui auraient dit que le pays \u00e9tait en &#8220;\u00e9tat d&#8217;effondrement&#8221;<\/h2>\n<p class=\"live-post__amorce\"> &#8220;L&#8217;Iran nous demande d&#8217;ouvrir le d\u00e9troit d&#8217;Ormuz au plus vite&#8221;, poursuit sur le pr\u00e9sident des \u00c9tats-Unis, sur son r\u00e9seau  <a href=\"https:\/\/truthsocial.com\/@realDonaldTrump\" target=\"_blank\" rel=\"noopener noreferrer nofollow\" class=\"\"><em>Truth Social<\/em><\/a> <\/p>\n<p><iframe class=\"truthsocial-embed\" style=\"max-width: 100%; border: 0\" width=\"600\" allowfullscreen=\"allowfullscreen\" data-src=\"https:\/\/truthsocial.com\/@realDonaldTrump\/116482569681977454\/embed\"><\/iframe><\/p>\n<\/div>\n<\/div>\n<div id=\"live_post_EVMOJOQBE9EE8GH\"><span class=\"live-post__date\">08h39.<\/span><\/p>\n<div class=\"live-post__content\">\n<h2 class=\"live-post__title\">TotalEnergies annonce un b\u00e9n\u00e9fice trimestriel en tr\u00e8s forte hausse, dop\u00e9 par la hausse des prix du p\u00e9trole<\/h2>\n<p class=\"live-post__amorce\">Le g\u00e9ant fran\u00e7ais des hydrocarbures TotalEnergies a publi\u00e9 mercredi un  <strong>b\u00e9n\u00e9fice net en hausse de pr\u00e8s de 50% sur un an<\/strong>  au premier trimestre, \u00e0 5,8 milliards de dollars, dop\u00e9 par l&#8217;augmentation des prix du p\u00e9trole li\u00e9e \u00e0 la guerre au Moyen-Orient.  <\/p>\n<p>La croissance de sa production de gaz et de p\u00e9trole a permis au groupe de compenser ses pertes dans la r\u00e9gion du Golfe, \u00e9quivalentes \u00e0 15% de son activit\u00e9 p\u00e9trogazi\u00e8re mondiale, a indiqu\u00e9 le groupe dans un communiqu\u00e9, tout en soulignant &#8220;sa capacit\u00e9 \u00e0 capturer la hausse des prix&#8221;. <\/p>\n<p><a href=\"https:\/\/www.ladepeche.fr\/2026\/04\/29\/prix-des-carburants-des-profits-de-guerre-indecents-totalenergies-profite-de-la-flambee-des-cours-du-petrole-avec-une-hausse-de-50-de-ses-benefices-13348644.php\" target=\"_blank\" rel=\"noopener noreferrer nofollow\" class=\"\"><strong>\ud83d\udc49 Notre article ici <\/strong><\/a> <\/p>\n<\/div>\n<\/div>\n<div id=\"live_post_EVMOJOOISWY8EMN\"><span class=\"live-post__date\">08h38.<\/span><\/p>\n<div class=\"live-post__content\">\n<h2 class=\"live-post__title\">Irak : l&#8217;ambassade am\u00e9ricaine f\u00e9licite le Premier ministre d\u00e9sign\u00e9 et dit esp\u00e9rer un avenir &#8220;pacifique&#8221;<\/h2>\n<p class=\"live-post__amorce\">L&#8217;ambassade des Etats-Unis \u00e0 Bagdad a f\u00e9licit\u00e9 mercredi le nouveau Premier ministre irakien d\u00e9sign\u00e9, Ali al-Zaidi, nomm\u00e9 apr\u00e8s de fortes pressions am\u00e9ricaines pour emp\u00eacher le retour au pouvoir de Nouri al-Maliki, per\u00e7u comme proche de l&#8217;Iran voisin.<\/p>\n<p>&#8220;La mission des Etats-Unis en Irak adresse ses meilleurs voeux&#8221; \u00e0 M. al-Zaidi, alors qu&#8217;il &#8220;travaille \u00e0 former un gouvernement capable de r\u00e9pondre aux aspirations des Irakiens \u00e0 un avenir meilleur et pacifique&#8221;, a \u00e9crit l&#8217;ambassade dans un message publi\u00e9 sur X. <\/p>\n<div class=\"extemb-container\">\n<blockquote data-class=\"twitter-tweet\">\n<p lang=\"ar\" dir=\"rtl\">\u062a\u064f\u0639\u0631\u0628 \u0628\u0639\u062b\u0629 \u0627\u0644\u0648\u0644\u0627\u064a\u0627\u062a \u0627\u0644\u0645\u062a\u062d\u062f\u0629 \u0641\u064a \u0627\u0644\u0639\u0631\u0627\u0642 \u0639\u0646 \u0623\u0637\u064a\u0628 \u062a\u0645\u0646\u064a\u0627\u062a\u0647\u0627 \u0625\u0644\u0649 \u0631\u0626\u064a\u0633 \u0627\u0644\u0648\u0632\u0631\u0627\u0621 \u0627\u0644\u0645\u0643\u0644\u0651\u0641 \u0639\u0644\u064a \u0627\u0644\u0632\u064a\u062f\u064a\u060c \u0641\u064a \u0645\u0633\u0627\u0639\u064a\u0647 \u0644\u062a\u0634\u0643\u064a\u0644 \u062d\u0643\u0648\u0645\u0629 \u0642\u0627\u062f\u0631\u0629 \u0639\u0644\u0649 \u062a\u062d\u0642\u064a\u0642 \u062a\u0637\u0644\u0639\u0627\u062a \u062c\u0645\u064a\u0639 \u0627\u0644\u0639\u0631\u0627\u0642\u064a\u064a\u0646 \u0644\u062f\u0639\u0645 \u0645\u0633\u062a\u0642\u0628\u0644 \u0623\u0643\u062b\u0631 \u0625\u0634\u0631\u0627\u0642\u0627\u064b \u0648\u0633\u0644\u0627\u0645\u0627\u064b.<br \/>\u0648\u0646\u064f\u0639\u0644\u0646 \u062a\u0636\u0627\u0645\u0646\u0646\u0627 \u0645\u0639 \u0627\u0644\u0634\u0639\u0628 \u0627\u0644\u0639\u0631\u0627\u0642\u064a \u0627\u0644\u0633\u0627\u0639\u064a \u0625\u0644\u0649 \u062a\u062d\u0642\u064a\u0642 \u0627\u0644\u0623\u0647\u062f\u0627\u0641 \u0627\u0644\u0645\u0634\u062a\u0631\u0643\u0629 \u0627\u0644\u0645\u062a\u0645\u062b\u0644\u0629 \u0641\u064a \u0635\u0648\u0646 \u0633\u064a\u0627\u062f\u0629\u2026 <a href=\"https:\/\/t.co\/CGOATRUUFm\">pic.twitter.com\/CGOATRUUFm<\/a><\/p>\n<p>\u2014 U.S. Embassy Baghdad (@USEmbBaghdad) <a href=\"https:\/\/twitter.com\/USEmbBaghdad\/status\/2049365408650613131?ref_src=twsrc%5Etfw\">April 29, 2026<\/a><\/p><\/blockquote><\/div>\n<\/div>\n<\/div>\n<div id=\"live_post_EVMOJNQJMN7X0NS\"><span class=\"live-post__date\">08h11.<\/span><\/p>\n<div class=\"live-post__content\">\n<h2 class=\"live-post__title\">Malgr\u00e9 la hausse du prix du carburant, les campings sont pris d\u2019assaut par les touristes qui refusent d\u2019abandonner leurs vacances<\/h2>\n<p class=\"live-post__amorce\">La hausse du prix de l\u2019essence n\u2019a pas frein\u00e9 le tourisme dans le Lot. Les campings affichent de bonnes r\u00e9servations, mais les vacanciers adaptent leurs d\u00e9penses et privil\u00e9gient les activit\u00e9s locales pour compenser le co\u00fbt du carburant.<\/p>\n<p><a href=\"https:\/\/www.ladepeche.fr\/2026\/04\/28\/on-entendait-beaucoup-de-confreres-se-plaindre-dannulations-malgre-la-hausse-du-prix-du-carburant-les-campings-sont-pris-dassaut-par-les-touristes-qui-13335281.php\" target=\"_blank\" rel=\"noopener noreferrer nofollow\" class=\"\"><strong>\ud83d\udc49 Notre article ici <\/strong><\/a> <\/p>\n<div class=\"center-align\" rel=\"js-article-inline-img\" data-protec-aida=\"image\">\n<figure class=\"std-img\" data-src=\"https:\/\/images.ladepeche.fr\/api\/v1\/images\/view\/69f1a1a2873987fd46099812\/original\/image.jpg?v=1\">\n        <img decoding=\"async\" class=\"std-img__img responsive-img\" src=\"http:\/\/pressactu.com\/wp-content\/uploads\/2026\/04\/1777466939_956_image.jpg?v=1\" alt=\"La hausse des prix des carburants n'a pas refroidi tous les vacanciers.\"\/><figcaption class=\"article-full__media-infos\">\n                <span class=\"article-full__media-legend\">La hausse des prix des carburants n&#8217;a pas refroidi tous les vacanciers.<\/span><br \/>\n                                    <span class=\"article-full__media-author\">Photo DDM<\/span><br \/>\n                            <\/figcaption><\/figure>\n<\/div>\n<\/div>\n<\/div>\n<div id=\"live_post_EVMOJNG7R7V7CFH\"><span class=\"live-post__date\">08h00.<\/span><\/p>\n<div class=\"live-post__content\">\n<h2 class=\"live-post__title\">Les infos \u00e0 retenir \u00e0 8 heures\u00a0<\/h2>\n<p class=\"live-post__amorce\">&#8211; Hier soir, un  <strong>navire,<\/strong>  suspect\u00e9 de se diriger vers un port iranien a \u00e9t\u00e9  <strong>arraisonn\u00e9 par l&#8217;arm\u00e9e am\u00e9ricaine<\/strong> .<\/p>\n<p>&#8211; Une grande <strong> r\u00e9union <\/strong> est pr\u00e9vue aujourd&#8217;hui  <strong>au Pentagone<\/strong> , \u00e0 Washington, Pete Hegseth doit livrer des explications sur la guerre engag\u00e9e en Iran il y a deux mois. <\/p>\n<p>&#8211; Donald Trump a d\u00e9clar\u00e9 :  <strong>&#8220;Nous avons vaincu militairement cet adversaire particulier<\/strong> , et nous ne laisserons jamais cet adversaire (&#8230;) poss\u00e9der une arme nucl\u00e9aire&#8221;. <\/p>\n<p>&#8211;  <strong>Les frappes isra\u00e9liennes se poursuivent au Liban<\/strong>  o\u00f9 au moins huit personnes ont \u00e9t\u00e9 tu\u00e9es ce mardi. <\/p>\n<\/div>\n<\/div>\n<div id=\"live_post_EVMOJM1D4OU2L9A\"><span class=\"live-post__date\">07h24.<\/span><\/p>\n<div class=\"live-post__content\">\n<h2 class=\"live-post__title\">&#8220;La Russie pr\u00e9f\u00e8re des r\u00e9gimes autoritaires et stables&#8221;, \u00e0 quoi joue Poutine en se rapprochant de T\u00e9h\u00e9ran\u202f?<\/h2>\n<p class=\"live-post__amorce\">Apr\u00e8s deux mois de guerre au Moyen-Orient, Vladimir Poutine a accueilli ce lundi 27 avril le chef de la diplomatie iranienne \u00e0 Saint-P\u00e9tersbourg. Une \u00e9ni\u00e8me preuve du rapprochement entre Moscou et T\u00e9h\u00e9ran, qui ne date pas d\u2019hier. Cette relation entre les deux pays soul\u00e8ve une question centrale : quelle est l\u2019ampleur du soutien russe \u00e0 l\u2019Iran dans le cadre de ce conflit ? J\u00e9r\u00f4me Pellistrandi, ancien g\u00e9n\u00e9ral fran\u00e7ais, analyse pour La D\u00e9p\u00eache du Midi le num\u00e9ro d\u2019\u00e9quilibriste de la Russie dans cette situation.<\/p>\n<p><a href=\"https:\/\/www.ladepeche.fr\/2026\/04\/29\/entretien-guerre-au-moyen-orient-la-russie-prefere-des-regimes-autoritaires-et-stables-a-quoi-joue-poutine-en-se-rapprochant-de-teheran-13347837.php\" target=\"_blank\" rel=\"noopener noreferrer nofollow\" class=\"\"><strong>\ud83d\udc49 Notre article ici <\/strong><\/a> <\/p>\n<div class=\"center-align\" rel=\"js-article-inline-img\" data-protec-aida=\"image\">\n<figure class=\"std-img\" data-src=\"https:\/\/images.ladepeche.fr\/api\/v1\/images\/view\/69f196296c5e81ba29072c10\/original\/image.jpg?v=1\">\n        <img decoding=\"async\" class=\"std-img__img responsive-img\" src=\"http:\/\/pressactu.com\/wp-content\/uploads\/2026\/04\/1777466940_52_image.jpg?v=1\" alt=\"Vladimir Poutine et Abbas Araghchi le ministre des affaires \u00e9trang\u00e8res iranien.\"\/><figcaption class=\"article-full__media-infos\">\n                <span class=\"article-full__media-legend\">Vladimir Poutine et Abbas Araghchi le ministre des affaires \u00e9trang\u00e8res iranien.<\/span><br \/>\n                                    <span class=\"article-full__media-author\">Photo MaxPPP &#8211; Kremlin<\/span><br \/>\n                            <\/figcaption><\/figure>\n<\/div>\n<\/div>\n<\/div>\n<div id=\"live_post_EVMOJM06H3P2CR2\"><span class=\"live-post__date\">07h23.<\/span><\/p>\n<div class=\"live-post__content\">\n<h2 class=\"live-post__title\">Au Liban, huit personnes, dont trois secouristes, ont \u00e9t\u00e9 tu\u00e9es dans des frappes isra\u00e9liennes<\/h2>\n<p class=\"live-post__amorce\">Huit personnes, dont trois secouristes de la D\u00e9fense civile, ont \u00e9t\u00e9 tu\u00e9es mardi par des frappes isra\u00e9liennes sur le sud du Liban, o\u00f9 Isra\u00ebl a par ailleurs annonc\u00e9 avoir d\u00e9truit un tunnel du Hezbollah mena\u00e7ant le nord de son territoire. <\/p>\n<p>Cinq des personnes tu\u00e9es l&#8217;ont \u00e9t\u00e9 lors de frappes isra\u00e9liennes sur un immeuble dans la localit\u00e9 de Majdal Zoun, puis pendant l&#8217;op\u00e9ration de secours men\u00e9e conjointement sur le site par des soldats et des secouristes, selon les autorit\u00e9s.<\/p>\n<\/div>\n<\/div>\n<div id=\"live_post_EVMOJLY9MFOBFHC\"><span class=\"live-post__date\">07h21.<\/span><\/p>\n<div class=\"live-post__content\">\n<h2 class=\"live-post__title\">Plus de carburant \u00e0 la pompe cet \u00e9t\u00e9 ? Pourquoi la France est menac\u00e9e de p\u00e9nurie si la guerre au Moyen-Orient se poursuit<\/h2>\n<p class=\"live-post__amorce\">Si les cuves des stations-service sont encore pleines, le blocage prolong\u00e9 du d\u00e9troit d\u2019Ormuz menace l\u2019approvisionnement de l\u2019Hexagone \u00e0 l\u2019approche des vacances. Entre stocks strat\u00e9giques verrouill\u00e9s et envol\u00e9e des prix, l\u2019expert Philippe Charlez analyse les risques d\u2019une crise qui pourrait devenir bien r\u00e9elle d\u2019ici juin.<\/p>\n<p><a href=\"https:\/\/www.ladepeche.fr\/2026\/04\/29\/plus-de-carburant-a-la-pompe-cet-ete-pourquoi-la-france-est-menacee-de-penurie-si-la-guerre-au-moyen-orient-se-poursuit-13347634.php\" target=\"_blank\" rel=\"noopener noreferrer nofollow\" class=\"\"><strong>\ud83d\udc49 Notre article ici <\/strong><\/a> <\/p>\n<div class=\"center-align\" rel=\"js-article-inline-img\" data-protec-aida=\"image\">\n<figure class=\"std-img\" data-src=\"https:\/\/images.ladepeche.fr\/api\/v1\/images\/view\/69f195999efe305be30395ec\/original\/image.jpg?v=1\">\n        <img decoding=\"async\" class=\"std-img__img responsive-img\" src=\"http:\/\/pressactu.com\/wp-content\/uploads\/2026\/04\/1777466940_509_image.jpg?v=1\" alt=\"Le patron de TotalEnergies Patrick Pouyann\u00e9 craint que nous entrions dans &quot;une \u00e8re de p\u00e9nurie \u00e9nerg\u00e9tique&quot;.\"\/><figcaption class=\"article-full__media-infos\">\n                <span class=\"article-full__media-legend\">Le patron de TotalEnergies Patrick Pouyann\u00e9 craint que nous entrions dans &#8220;une \u00e8re de p\u00e9nurie \u00e9nerg\u00e9tique&#8221;.<\/span><br \/>\n                                    <span class=\"article-full__media-author\">Photo DDM &#8211; Valentin Vi\u00e9<\/span><br \/>\n                            <\/figcaption><\/figure>\n<\/div>\n<\/div>\n<\/div>\n<div id=\"live_post_EVMOJLXCVFPY04C\"><span class=\"live-post__date\">07h21.<\/span><\/p>\n<div class=\"live-post__content\">\n<h2 class=\"live-post__title\">Aux c\u00f4t\u00e9s de Charles III, Trump affirme que les Etats-Unis ont &#8220;vaincu militairement&#8221; l&#8217;Iran<\/h2>\n<p class=\"live-post__amorce\">Donald Trump a affirm\u00e9 mardi, lors d&#8217;un banquet \u00e0 la Maison Blanche en pr\u00e9sence du roi Charles III, que les Etats-Unis avaient &#8220;vaincu militairement&#8221; l&#8217;Iran. <\/p>\n<p><strong>&#8220;Nous avons vaincu militairement cet adversaire particulier, et nous ne laisserons jamais cet adversaire (&#8230;) poss\u00e9der une arme nucl\u00e9aire&#8221;<\/strong> , a d\u00e9clar\u00e9 au sujet de l&#8217;Iran le pr\u00e9sident am\u00e9ricain lors de l&#8217;ouverture du banquet, affirmant que, sur ce point, &#8220;Charles est encore plus d&#8217;accord avec moi que je ne le suis&#8221;.<\/p>\n<\/div>\n<\/div>\n<div id=\"live_post_EVMOJLWWAXA9ZOT\"><span class=\"live-post__date\">07h20.<\/span><\/p>\n<div class=\"live-post__content\">\n<h2 class=\"live-post__title\">Bonjour et bienvenue<\/h2>\n<p class=\"live-post__amorce\">Bienvenue dans ce direct consacr\u00e9 \u00e0 la guerre au Moyen-Orient. <\/p>\n<\/div>\n<\/div>\n<p><script async src=\"\/\/platform.twitter.com\/widgets.js\" charset=\"utf-8\"><\/script><br \/><a href=\"https:\/\/www.ladepeche.fr\/2026\/04\/29\/direct-guerre-au-moyen-orient-nous-avons-vaincu-militairement-cet-adversaire-particulier-lance-donald-trump-deux-mois-apres-le-debut-du-conflit-avec-13348600.php\">source<\/a><\/p>\n","protected":false},"excerpt":{"rendered":"<p>11h47. Les infos \u00e0 retenir \u00e0 12 heures\u00a0 &#8211; Donald Trump durcit le ton face \u00e0 l&#8217;Iran, les appelant \u00e0 se montrer &#8220;intelligents&#8221;, et expliquant qu&#8217;il a fini d&#8217;\u00eatre &#8220;gentil&#8221;. &#8211; 21 ex\u00e9cutions et 4 000 arrestations ont eu lieu en Iran, depuis le d\u00e9but de la guerre au Moyen-Orient, selon l&#8217;ONU. &#8211; Le ministre [&hellip;]<\/p>\n","protected":false},"author":1,"featured_media":130042,"comment_status":"open","ping_status":"open","sticky":false,"template":"","format":"standard","meta":{"_monsterinsights_skip_tracking":false,"_monsterinsights_sitenote_active":false,"_monsterinsights_sitenote_note":"","_monsterinsights_sitenote_category":0,"footnotes":""},"categories":[1],"tags":[],"coauthors":[77],"class_list":["post-130041","post","type-post","status-publish","format-standard","has-post-thumbnail","hentry","category-a-la-une"],"aioseo_notices":[],"_links":{"self":[{"href":"https:\/\/pressactu.com\/index.php?rest_route=\/wp\/v2\/posts\/130041","targetHints":{"allow":["GET"]}}],"collection":[{"href":"https:\/\/pressactu.com\/index.php?rest_route=\/wp\/v2\/posts"}],"about":[{"href":"https:\/\/pressactu.com\/index.php?rest_route=\/wp\/v2\/types\/post"}],"author":[{"embeddable":true,"href":"https:\/\/pressactu.com\/index.php?rest_route=\/wp\/v2\/users\/1"}],"replies":[{"embeddable":true,"href":"https:\/\/pressactu.com\/index.php?rest_route=%2Fwp%2Fv2%2Fcomments&post=130041"}],"version-history":[{"count":0,"href":"https:\/\/pressactu.com\/index.php?rest_route=\/wp\/v2\/posts\/130041\/revisions"}],"wp:featuredmedia":[{"embeddable":true,"href":"https:\/\/pressactu.com\/index.php?rest_route=\/wp\/v2\/media\/130042"}],"wp:attachment":[{"href":"https:\/\/pressactu.com\/index.php?rest_route=%2Fwp%2Fv2%2Fmedia&parent=130041"}],"wp:term":[{"taxonomy":"category","embeddable":true,"href":"https:\/\/pressactu.com\/index.php?rest_route=%2Fwp%2Fv2%2Fcategories&post=130041"},{"taxonomy":"post_tag","embeddable":true,"href":"https:\/\/pressactu.com\/index.php?rest_route=%2Fwp%2Fv2%2Ftags&post=130041"},{"taxonomy":"author","embeddable":true,"href":"https:\/\/pressactu.com\/index.php?rest_route=%2Fwp%2Fv2%2Fcoauthors&post=130041"}],"curies":[{"name":"wp","href":"https:\/\/api.w.org\/{rel}","templated":true}]}}