{"id":130034,"date":"2026-04-29T11:40:25","date_gmt":"2026-04-29T11:40:25","guid":{"rendered":"https:\/\/pressactu.com\/?p=130034"},"modified":"2026-04-29T11:40:25","modified_gmt":"2026-04-29T11:40:25","slug":"a-laroque-le-nouveau-maire-fait-scandale-il-augmente-ses-indemnites-au-maximum-des-le-2e-conseil-municipal-la-colere-gronde","status":"publish","type":"post","link":"https:\/\/pressactu.com\/?p=130034","title":{"rendered":"\u00c0 Laroque, le nouveau maire fait scandale\u00a0: il augmente ses indemnit\u00e9s au maximum d\u00e8s le 2e conseil municipal, la col\u00e8re gronde"},"content":{"rendered":"<p>\n                                                                    <span class=\"article-full__chapo-label hide-on-small-only\">l&#8217;essentiel<\/span><br \/>\n                                                                Les indemnit\u00e9s des \u00e9lus de Laroque font d\u00e9j\u00e0 d\u00e9bat. \u00c0 peine install\u00e9, le maire a relev\u00e9 son propre plafond \u00e0 55,7\u00a0%, suscitant l\u2019incompr\u00e9hension d\u2019une partie des habitants. Un d\u00e9but de mandat sous tension budg\u00e9taire.\n                            <\/p>\n<div rel=\"js-article-content\" data-state=\"fixed-height\" data-selection=\"disabled\">\n                                                                                                                            <!-- Pub DFP Position [outstream] --><\/p>\n<p>Apr\u00e8s une campagne \u00e9lectorale qui s\u2019est voulue relativement sereine et la volont\u00e9 que l\u2019ambition collective soit guid\u00e9e en priorit\u00e9 vers l\u2019int\u00e9r\u00eat des Roquentins et Roquentines, voici que les premiers nuages font leur apparition.<\/p>\n<p><!-- Pub DFP Position [article] --><\/p>\n<p>Commenc\u00e9e par des \u00e9changes plut\u00f4t constructifs, le m\u00e9contentement a grandi tr\u00e8s rapidement au vu des nombreux commentaires circulant dans la population. Michel Couturier nouvel \u00e9lu, semble n\u2019y attacher aucune r\u00e9elle importance prenant \u00e0 contre-courant pour premi\u00e8re urgence de rehausser significativement d\u00e8s le deuxi\u00e8me conseil municipal les indemnit\u00e9s des \u00e9lus. Pourquoi ne pas envisager un gel des indemnit\u00e9s pendant 1 ou 2 ans afin que l\u2019endettement de la commune diminue pour \u00e9ventuellement faire un nouvel emprunt\u00a0?<\/p>\n<p>Le maire de Laroque a choisi de porter son curseur personnel au maximum du plafond (55,7\u00a0%). En revanche pour ses adjoints, il a plac\u00e9 le curseur \u00e0 19,8\u00a0% les laissant sous le plafond alors qu\u2019il aurait pu les monter \u00e0 21,38\u00a0%. Un premier signal malvenu dans un d\u00e9but de mandat, d\u2019incoh\u00e9rence entre les discours tenus devant les habitants et les actes pos\u00e9s une fois en responsabilit\u00e9 et ce dans un contexte budg\u00e9taire contraint. D\u00e9cision qui est loin de faire l\u2019unanimit\u00e9 alors que dans la r\u00e9gion, et bien au-del\u00e0, d\u2019autres responsables ont fait le choix contraire.<\/p>\n<p>Pendant que le citoyen lambda Roquentin jongle avec le prix du gasoil, nos \u00e9lus ont trouv\u00e9 la solution contre la vie ch\u00e8re\u00a0: voter leur propre fiche de paie.<br \/>Il reste \u00e0 la population l\u2019espoir que la suite du mandat sera plus en accord avec les engagements pris\u00a0; \u00e0 suivre donc.<\/p>\n<\/p><\/div>\n<p><a href=\"https:\/\/www.ladepeche.fr\/2026\/04\/29\/a-laroque-le-nouveau-maire-fait-scandale-il-augmente-ses-indemnites-au-maximum-des-le-2e-conseil-municipal-la-colere-gronde-13348940.php\">source<\/a><\/p>\n","protected":false},"excerpt":{"rendered":"<p>l&#8217;essentiel Les indemnit\u00e9s des \u00e9lus de Laroque font d\u00e9j\u00e0 d\u00e9bat. \u00c0 peine install\u00e9, le maire a relev\u00e9 son propre plafond \u00e0 55,7\u00a0%, suscitant l\u2019incompr\u00e9hension d\u2019une partie des habitants. Un d\u00e9but de mandat sous tension budg\u00e9taire. Apr\u00e8s une campagne \u00e9lectorale qui s\u2019est voulue relativement sereine et la volont\u00e9 que l\u2019ambition collective soit guid\u00e9e en priorit\u00e9 vers [&hellip;]<\/p>\n","protected":false},"author":1,"featured_media":130035,"comment_status":"open","ping_status":"open","sticky":false,"template":"","format":"standard","meta":{"_monsterinsights_skip_tracking":false,"_monsterinsights_sitenote_active":false,"_monsterinsights_sitenote_note":"","_monsterinsights_sitenote_category":0,"footnotes":""},"categories":[74],"tags":[],"coauthors":[77],"class_list":["post-130034","post","type-post","status-publish","format-standard","has-post-thumbnail","hentry","category-economie"],"aioseo_notices":[],"_links":{"self":[{"href":"https:\/\/pressactu.com\/index.php?rest_route=\/wp\/v2\/posts\/130034","targetHints":{"allow":["GET"]}}],"collection":[{"href":"https:\/\/pressactu.com\/index.php?rest_route=\/wp\/v2\/posts"}],"about":[{"href":"https:\/\/pressactu.com\/index.php?rest_route=\/wp\/v2\/types\/post"}],"author":[{"embeddable":true,"href":"https:\/\/pressactu.com\/index.php?rest_route=\/wp\/v2\/users\/1"}],"replies":[{"embeddable":true,"href":"https:\/\/pressactu.com\/index.php?rest_route=%2Fwp%2Fv2%2Fcomments&post=130034"}],"version-history":[{"count":0,"href":"https:\/\/pressactu.com\/index.php?rest_route=\/wp\/v2\/posts\/130034\/revisions"}],"wp:featuredmedia":[{"embeddable":true,"href":"https:\/\/pressactu.com\/index.php?rest_route=\/wp\/v2\/media\/130035"}],"wp:attachment":[{"href":"https:\/\/pressactu.com\/index.php?rest_route=%2Fwp%2Fv2%2Fmedia&parent=130034"}],"wp:term":[{"taxonomy":"category","embeddable":true,"href":"https:\/\/pressactu.com\/index.php?rest_route=%2Fwp%2Fv2%2Fcategories&post=130034"},{"taxonomy":"post_tag","embeddable":true,"href":"https:\/\/pressactu.com\/index.php?rest_route=%2Fwp%2Fv2%2Ftags&post=130034"},{"taxonomy":"author","embeddable":true,"href":"https:\/\/pressactu.com\/index.php?rest_route=%2Fwp%2Fv2%2Fcoauthors&post=130034"}],"curies":[{"name":"wp","href":"https:\/\/api.w.org\/{rel}","templated":true}]}}