{"id":130030,"date":"2026-04-29T11:04:49","date_gmt":"2026-04-29T11:04:49","guid":{"rendered":"https:\/\/pressactu.com\/?p=130030"},"modified":"2026-04-29T11:04:49","modified_gmt":"2026-04-29T11:04:49","slug":"des-centaines-de-sportifs-valides-et-en-situation-de-handicap-attendus-pour-la-nouvelle-edition-du-festirun-le-5-juin-a-toulouse","status":"publish","type":"post","link":"https:\/\/pressactu.com\/?p=130030","title":{"rendered":"Des centaines de sportifs, valides et en situation de handicap, attendus pour la nouvelle \u00e9dition du Festi\u2019Run le 5\u00a0juin \u00e0 Toulouse"},"content":{"rendered":"<p>\n                                                                    <span class=\"article-full__chapo-label hide-on-small-only\">l&#8217;essentiel<\/span><br \/>\n                                                                Le challenge Festi\u2019Run, de l\u2019association APF France handicap, c\u00e9l\u00e8bre le sport inclusif en invitant les personnes valides et en situation de handicap \u00e0 partager la m\u00eame course ou marche. Cette troisi\u00e8me \u00e9dition se tiendra le 5\u00a0juin prochain autour du lac de la Ram\u00e9e.\n                            <\/p>\n<div rel=\"js-article-content\">\n                                                                                                                            <!-- Pub DFP Position [outstream] --><\/p>\n<p>Le challenge <a href=\"https:\/\/festirun.org\/course\/toulouse\/\" target=\"_self\">Festi\u2019Run<\/a>, rendez-vous solidaire phare d\u2019<a href=\"http:\/\/www.apf-francehandicap.org\/\" target=\"_self\">APF France handicap<\/a>, s\u2019installe \u00e0 nouveau sur les rives du lac de la Ram\u00e9e le vendredi 5\u00a0juin. \u00c9v\u00e9nement inclusif, il rassemble personnes valides et en situation de handicap autour des valeurs d\u2019entraide et de convivialit\u00e9, en proposant deux parcours de marche ou de course de 2,7 kilom\u00e8tres et de 5 kilom\u00e8tres.<\/p>\n<p><!-- Pub DFP Position [article] --><\/p>\n<div class=\"center-align\" rel=\"js-article-inline-img\" data-protec-aida=\"image\">\n<figure class=\"std-img\" data-src=\"https:\/\/images.ladepeche.fr\/api\/v1\/images\/view\/69f1a07c488eb4d58304dad0\/original\/image.jpg?v=1\">\n        <img decoding=\"async\" class=\"std-img__img responsive-img\" src=\"http:\/\/pressactu.com\/wp-content\/uploads\/2026\/04\/1777460689_805_image.jpg?v=1\" alt=\"Cette ann\u00e9e sera la troisi\u00e8me \u00e9dition du Festi\u2019Run.\"\/><figcaption class=\"article-full__media-infos\">\n                <span class=\"article-full__media-legend\">Cette ann\u00e9e sera la troisi\u00e8me \u00e9dition du Festi\u2019Run.<\/span><br \/>\n                                    <span class=\"article-full__media-author\">DR<\/span><br \/>\n                            <\/figcaption><\/figure>\n<\/div>\n<p>L\u2019ann\u00e9e derni\u00e8re, pr\u00e8s de 500 participants, dont la moiti\u00e9 en situation de handicap, s\u2019\u00e9taient r\u00e9unis. Pour rejoindre la ligne de d\u00e9part, comptez 10\u00a0euros pour les adultes et 5\u00a0euros en tarif r\u00e9duit (mineurs, personnes en situation de handicap), sachant que l\u2019adh\u00e9sion \u00e0 l\u2019association offre la gratuit\u00e9. L\u2019int\u00e9gralit\u00e9 des fonds collect\u00e9s servira \u00e0 financer les actions quotidiennes de l\u2019antenne d\u00e9partementale.<\/p>\n<p class=\"std-elt__inline\">\n        <strong>\u00c0 lire aussi :<\/strong><br \/>\n        <a href=\"\/2026\/04\/28\/rugby-maxime-mermoz-reconnu-travailleur-handicape-ce-nest-pas-une-quete-de-compassion-mais-une-realite-a-reconnaitre-13347223.php\">Rugby : Maxime Mermoz reconnu travailleur handicap\u00e9, &#8220;ce n\u2019est pas une qu\u00eate de compassion mais une r\u00e9alit\u00e9 \u00e0 reconna\u00eetre&#8221;<\/a>\n    <\/p>\n<p class=\"std-elt__inline\">\n        <strong>\u00c0 lire aussi :<\/strong><br \/>\n        <a href=\"\/2026\/04\/23\/pres-de-90-artistes-en-situation-de-handicap-ont-fait-le-show-pour-levenement-incroyables-talents-a-lourdes-13338358.php\">Pr\u00e8s de 90 artistes en situation de handicap ont fait le show pour l\u2019\u00e9v\u00e8nement &#8220;Incroyables Talents&#8221; \u00e0 Lourdes<\/a>\n    <\/p>\n<p>En marge de la comp\u00e9tition, un village sera install\u00e9 sur le th\u00e8me du handicap et du recyclage. Le programme pr\u00e9voit un \u00e9chauffement collectif, un flash mob, des d\u00e9monstrations de handisport telles que la boccia, la sarbacane ou le c\u00e9cifoot. Des d\u00e9fis de collecte d\u2019objets \u00e0 recycler, allant des radiographies aux v\u00eatements, seront \u00e9galement organis\u00e9s.<\/p>\n<p class=\"std-elt__inline\">\n        <strong>\u00c0 lire aussi :<\/strong><br \/>\n        <a href=\"\/2026\/04\/28\/inclusion-et-handicap-nouvelles-actions-en-faveur-des-jeunes-et-de-leurs-familles-13346714.php\">Inclusion et handicap : nouvelles actions en faveur des jeunes et de leurs familles<\/a>\n    <\/p>\n<p>Le parrainage est assur\u00e9 par deux p\u00e9pites du sport haut-garonnais\u00a0: Noha Cheuzeville (18 ans), triple champion de France de para-escrime, et Cl\u00e9ment Latorre (21 ans), 27e mondial en para-tennis de table. Ils seront pr\u00e9sents pour partager leur passion et leurs parcours d\u2019exception avec les participants.<\/p>\n<footer class=\"txt-note\">Vendredi 5\u00a0juin 2026, de 10\u00a0heures \u00e0 14\u00a0heures au lac de la Ram\u00e9e, entr\u00e9e 2 Piscine Oasis. <a href=\"https:\/\/festirun.org\/course\/toulouse\" target=\"_self\">Inscription en ligne<\/a>\u00a0: festirun.org.<\/footer>\n<\/p><\/div>\n<p><a href=\"https:\/\/www.ladepeche.fr\/2026\/04\/29\/des-centaines-de-sportifs-valides-et-en-situation-de-handicap-attendus-pour-la-nouvelle-edition-du-festirun-le-5-juin-a-toulouse-13348621.php\">source<\/a><\/p>\n","protected":false},"excerpt":{"rendered":"<p>l&#8217;essentiel Le challenge Festi\u2019Run, de l\u2019association APF France handicap, c\u00e9l\u00e8bre le sport inclusif en invitant les personnes valides et en situation de handicap \u00e0 partager la m\u00eame course ou marche. Cette troisi\u00e8me \u00e9dition se tiendra le 5\u00a0juin prochain autour du lac de la Ram\u00e9e. Le challenge Festi\u2019Run, rendez-vous solidaire phare d\u2019APF France handicap, s\u2019installe \u00e0 [&hellip;]<\/p>\n","protected":false},"author":1,"featured_media":130031,"comment_status":"open","ping_status":"open","sticky":false,"template":"","format":"standard","meta":{"_monsterinsights_skip_tracking":false,"_monsterinsights_sitenote_active":false,"_monsterinsights_sitenote_note":"","_monsterinsights_sitenote_category":0,"footnotes":""},"categories":[71],"tags":[],"coauthors":[77],"class_list":["post-130030","post","type-post","status-publish","format-standard","has-post-thumbnail","hentry","category-sport"],"aioseo_notices":[],"_links":{"self":[{"href":"https:\/\/pressactu.com\/index.php?rest_route=\/wp\/v2\/posts\/130030","targetHints":{"allow":["GET"]}}],"collection":[{"href":"https:\/\/pressactu.com\/index.php?rest_route=\/wp\/v2\/posts"}],"about":[{"href":"https:\/\/pressactu.com\/index.php?rest_route=\/wp\/v2\/types\/post"}],"author":[{"embeddable":true,"href":"https:\/\/pressactu.com\/index.php?rest_route=\/wp\/v2\/users\/1"}],"replies":[{"embeddable":true,"href":"https:\/\/pressactu.com\/index.php?rest_route=%2Fwp%2Fv2%2Fcomments&post=130030"}],"version-history":[{"count":0,"href":"https:\/\/pressactu.com\/index.php?rest_route=\/wp\/v2\/posts\/130030\/revisions"}],"wp:featuredmedia":[{"embeddable":true,"href":"https:\/\/pressactu.com\/index.php?rest_route=\/wp\/v2\/media\/130031"}],"wp:attachment":[{"href":"https:\/\/pressactu.com\/index.php?rest_route=%2Fwp%2Fv2%2Fmedia&parent=130030"}],"wp:term":[{"taxonomy":"category","embeddable":true,"href":"https:\/\/pressactu.com\/index.php?rest_route=%2Fwp%2Fv2%2Fcategories&post=130030"},{"taxonomy":"post_tag","embeddable":true,"href":"https:\/\/pressactu.com\/index.php?rest_route=%2Fwp%2Fv2%2Ftags&post=130030"},{"taxonomy":"author","embeddable":true,"href":"https:\/\/pressactu.com\/index.php?rest_route=%2Fwp%2Fv2%2Fcoauthors&post=130030"}],"curies":[{"name":"wp","href":"https:\/\/api.w.org\/{rel}","templated":true}]}}