{"id":130027,"date":"2026-04-29T09:59:49","date_gmt":"2026-04-29T09:59:49","guid":{"rendered":"https:\/\/pressactu.com\/?p=130027"},"modified":"2026-04-29T09:59:49","modified_gmt":"2026-04-29T09:59:49","slug":"le-cout-des-degats-causes-par-les-agriculteurs-financerait-la-baisse-du-prix-de-la-cantine-dun-euro-le-nouveau-maire-dagen-engage-un-bras-de-fer-avec-la-cr-47","status":"publish","type":"post","link":"https:\/\/pressactu.com\/?p=130027","title":{"rendered":"&quot;Le co\u00fbt des d\u00e9g\u00e2ts caus\u00e9s par les agriculteurs financerait la baisse du prix de la cantine d\u2019un euro&quot;\u00a0: le nouveau maire d\u2019Agen engage un bras de fer avec la CR 47"},"content":{"rendered":"<p>\n                                                                    <span class=\"article-full__chapo-label hide-on-small-only\">l&#8217;essentiel<\/span><br \/>\n                                                                La col\u00e8re agricole a refait surface au conseil municipal d\u2019Agen. Le maire Laurent Bruneau a d\u00e9voil\u00e9 les chiffres des d\u00e9gradations depuis 2014. Il estime que leur co\u00fbt pourrait financer des mesures de son programme. Il s\u2019interroge sur l\u2019opportunit\u00e9 de porter plainte et envisage de rencontrer les responsables de la Coordination rurale du Lot-et-Garonne.\n                            <\/p>\n<div rel=\"js-article-content\" data-state=\"fixed-height\" data-selection=\"disabled\">\n                                                                                                                            <!-- Pub DFP Position [outstream] --><\/p>\n<p>La meilleure d\u00e9fense, c\u2019est\u00a0l\u2019attaque. Laurent Bruneau a fait sienne cette strat\u00e9gie lundi soir au conseil municipal. Sous le feu des critiques de l\u2019opposition depuis le d\u00e9but de la s\u00e9ance, le maire d\u2019Agen a ouvert une br\u00e8che en pointant\u00a0du doigt\u00a0le co\u00fbt des d\u00e9gradations caus\u00e9es par les agriculteurs en d\u00e9cembre dernier. La charge a sembl\u00e9\u00a0subite, mais elle \u00e9tait bien planifi\u00e9e. Pr\u00e9par\u00e9e.<\/p>\n<p><!-- Pub DFP Position [article] --><\/p>\n<p>Il est 20\u00a0heures. En plein d\u00e9bat sur le lancement d\u2019un audit financier et prospectif, Thierry\u00a0Salvalaio, conseiller municipal de la majorit\u00e9, revient\u00a0soudainement sur la col\u00e8re paysanne qui s\u2019est abattue sur Agen au c\u0153ur de l\u2019hiver. En pleine crise de la dermatose nodulaire, la Coordination rurale du Lot-et-Garonne (CR 47) avait men\u00e9, dans la nuit du 11 au 12\u00a0d\u00e9cembre 2025, un raid surprise devant la pr\u00e9fecture, place Armand-Falli\u00e8res.<\/p>\n<h2 class=\"txt-int\">&#8220;Il y a un vrai ras-le-bol de ma part&#8221;<\/h2>\n<p>Mur de paille\u00a0enflamm\u00e9, barricades, d\u00e9chets, bonnets jaunes, pompiers, CRS,\u00a0etc., la cit\u00e9 de Jasmin est habitu\u00e9e \u00e0 encaisser ces coups de sang. Ce d\u00e9cha\u00eenement\u00a0avait n\u00e9anmoins profond\u00e9ment heurt\u00e9 Jean Dionis, pourtant soutien historique du monde agricole.\u00a0&#8220;Il y a un vrai ras-le-bol de ma part&#8221;, avait d\u00e9clar\u00e9 le maire de l\u2019\u00e9poque en assurant r\u00e9fl\u00e9chir s\u00e9rieusement \u00e0 porter plainte. Et de souligner\u00a0: &#8220;Ce sont les fonctionnaires agenais qui nettoient, les contribuables agenais qui paient, et un parc naturel r\u00e9cemment am\u00e9nag\u00e9 qui a \u00e9t\u00e9 d\u00e9grad\u00e9&#8221;.<\/p>\n<p class=\"std-elt__inline\">\n        <strong>\u00c0 lire aussi :<\/strong><br \/>\n        <a href=\"\/2025\/12\/12\/colere-des-agriculteurs-en-pleine-nuit-la-cr-47-a-mene-une-operation-surprise-a-agen-13106184.php\">Dermatose nodulaire\u00a0: mur de paille enflamm\u00e9, barricades\u2026 en pleine nuit, la CR 47 a men\u00e9 une op\u00e9ration surprise \u00e0 Agen<\/a>\n    <\/p>\n<p>&#8220;Avez-vous connaissance du\u00a0montant des d\u00e9g\u00e2ts\u00a0?&#8221;, interroge Thierry Salvalaio avant de soulever un autre point\u00a0: &#8220;Le maire a-t-il port\u00e9 plainte\u00a0?&#8221;. Laurent Bruneau a bien entendu les chiffres sous les yeux. Il les d\u00e9gaine\u00a0: &#8220;La facture s\u2019\u00e9l\u00e8ve \u00e0 236\u00a0086,63\u00a0euros, c\u2019est \u00e9norme&#8221;. Il encha\u00eene tout en \u00e9gratignant au passage son pr\u00e9d\u00e9cesseur\u00a0: &#8220;Il n\u2019y a pas eu de passation, il n\u2019y a pas eu de plainte.\u00a0J\u2019ai demand\u00e9 au service. J\u2019aurais pourtant aim\u00e9\u00a0m\u2019entretenir de ce sujet avec lui \u2013 Jean Dionis \u2013 car, sur ce coup-l\u00e0, il semblait particuli\u00e8rement agac\u00e9.&#8221;<\/p>\n<h2 class=\"txt-int\">&#8220;Nous ne pouvons pas tol\u00e9rer que le bien public soit saccag\u00e9&#8221;<\/h2>\n<p>Laurent Bruneau rappelle alors ce qu\u2019il avait dit au moment de cette manifestation spectaculaire. &#8220;La\u00a0ville d\u2019Agen est victime dans cette histoire. Elle n\u2019y est pour rien. Il y a l\u2019\u00c9tat d\u2019un c\u00f4t\u00e9 et\u00a0les agriculteurs de l\u2019autre. Leur col\u00e8re est l\u00e9gitime, je la\u00a0comprends, et pour autant, nous ne pouvons pas tol\u00e9rer que le bien public soit saccag\u00e9. Il n\u2019est pas possible que la cit\u00e9\u00a0soit prise en otage par des manifestants sous pr\u00e9texte qu\u2019elle est la ville pr\u00e9fecture&#8221;.<\/p>\n<p class=\"std-elt__inline\">\n        <strong>\u00c0 lire aussi :<\/strong><br \/>\n        <a href=\"\/2025\/12\/12\/il-y-a-un-vrai-ras-le-bol-de-ma-part-le-maire-dagen-apres-loperation-surprise-de-la-cr-47-13106654.php\">Dermatose nodulaire\u00a0: &#8220;Il y a un vrai ras-le-bol de ma part&#8221;, le maire d\u2019Agen r\u00e9agit apr\u00e8s l\u2019op\u00e9ration surprise de la CR 47<\/a>\n    <\/p>\n<p>Il va plus loin en exposant le co\u00fbt des pr\u00e9c\u00e9dentes op\u00e9rations coup de poing\u00a0: 217\u00a0000\u00a0\u20ac dont 92\u00a0000 pour la ville en 2014\u00a0; 400\u00a0000\u00a0euros en 2024. Il conclut\u00a0: &#8220;Au total, nous en sommes \u00e0 722\u00a0000 pour la ville et l\u2019Agglo. Cela financerait durant quatre\u00a0ans la\u00a0baisse du prix de\u00a0la cantine d\u2019un euro&#8221;. Coupl\u00e9e \u00e0 la gratuit\u00e9 du stationnement durant deux heures, cette mesure est un marqueur\u00a0de la nouvelle\u00a0majorit\u00e9. L\u2019initiative est d\u00e9nonc\u00e9e par l\u2019opposition.<\/p>\n<p>En pr\u00e9cisant qu\u2019il est toujours possible de porter plainte \u2013 les d\u00e9lais le permettent \u2013, Laurent Bruneau annonce enfin son souhait de\u00a0rencontrer les responsables de la CR 47 &#8220;pour voir comment envisager une compensation&#8221;. &#8220;Et aussi\u00a0comment ils se projettent, car ils doivent bien avoir conscience qu\u2019il n\u2019est pas possible que la ville d\u2019Agen finance les d\u00e9gradations qui leur incombent&#8221;.<\/p>\n<h2 class=\"txt-int\">&#8220;Nous serons \u00e0 vos c\u00f4t\u00e9s si vous portez plainte&#8221;<\/h2>\n<p>En ouvrant le dossier sensible du\u00a0casseur payeur, Laurent Bruneau\u00a0veut montrer qu\u2019il est possible de d\u00e9gager des\u00a0\u00e9conomies pour financer son programme dans un contexte contraint. Maire de gauche, il\u00a0engage par ailleurs un bras de fer toujours d\u00e9licat avec\u00a0un syndicat agricole que certains classent\u00a0\u00e0 droite, voire \u00e0 l\u2019extr\u00eame droite.<\/p>\n<p class=\"std-elt__inline\">\n        <strong>\u00c0 lire aussi :<\/strong><br \/>\n        <a href=\"\/2025\/05\/12\/colere-des-agriculteurs-jean-dionis-oublie-quun-elu-a-dabord-un-devoir-dexemplarite-laurent-bruneau-tacle-le-maire-dagen-12691349.php\">Col\u00e8re des agriculteurs\u00a0: &#8220;Jean Dionis oublie qu\u2019un \u00e9lu a d\u2019abord un devoir d\u2019exemplarit\u00e9&#8221;, Laurent Bruneau tacle le maire d\u2019Agen<\/a>\n    <\/p>\n<p>Sur la possibilit\u00e9 de porter plainte, il a le soutien de Cl\u00e9mence Brandolin-Robert, cheffe de file de l\u2019opposition. &#8220;Alors que nous avions fait des investissements importants sur la place Armand-Falli\u00e8res, ces d\u00e9gradations \u00e9taient inadmissibles. Nous serons \u00e0 vos c\u00f4t\u00e9s si vous portez plainte. Et honn\u00eatement, il faut le faire&#8221;.<\/p>\n<\/p><\/div>\n<p><a href=\"https:\/\/www.ladepeche.fr\/2026\/04\/28\/le-cout-des-degats-causes-par-les-agriculteurs-financerait-la-baisse-du-prix-de-la-cantine-a-un-euro-le-nouveau-maire-dagen-engage-un-bras-de-fer-avec-13347043.php\">source<\/a><\/p>\n","protected":false},"excerpt":{"rendered":"<p>l&#8217;essentiel La col\u00e8re agricole a refait surface au conseil municipal d\u2019Agen. Le maire Laurent Bruneau a d\u00e9voil\u00e9 les chiffres des d\u00e9gradations depuis 2014. Il estime que leur co\u00fbt pourrait financer des mesures de son programme. Il s\u2019interroge sur l\u2019opportunit\u00e9 de porter plainte et envisage de rencontrer les responsables de la Coordination rurale du Lot-et-Garonne. La [&hellip;]<\/p>\n","protected":false},"author":1,"featured_media":130028,"comment_status":"open","ping_status":"open","sticky":false,"template":"","format":"standard","meta":{"_monsterinsights_skip_tracking":false,"_monsterinsights_sitenote_active":false,"_monsterinsights_sitenote_note":"","_monsterinsights_sitenote_category":0,"footnotes":""},"categories":[74],"tags":[],"coauthors":[77],"class_list":["post-130027","post","type-post","status-publish","format-standard","has-post-thumbnail","hentry","category-economie"],"aioseo_notices":[],"_links":{"self":[{"href":"https:\/\/pressactu.com\/index.php?rest_route=\/wp\/v2\/posts\/130027","targetHints":{"allow":["GET"]}}],"collection":[{"href":"https:\/\/pressactu.com\/index.php?rest_route=\/wp\/v2\/posts"}],"about":[{"href":"https:\/\/pressactu.com\/index.php?rest_route=\/wp\/v2\/types\/post"}],"author":[{"embeddable":true,"href":"https:\/\/pressactu.com\/index.php?rest_route=\/wp\/v2\/users\/1"}],"replies":[{"embeddable":true,"href":"https:\/\/pressactu.com\/index.php?rest_route=%2Fwp%2Fv2%2Fcomments&post=130027"}],"version-history":[{"count":0,"href":"https:\/\/pressactu.com\/index.php?rest_route=\/wp\/v2\/posts\/130027\/revisions"}],"wp:featuredmedia":[{"embeddable":true,"href":"https:\/\/pressactu.com\/index.php?rest_route=\/wp\/v2\/media\/130028"}],"wp:attachment":[{"href":"https:\/\/pressactu.com\/index.php?rest_route=%2Fwp%2Fv2%2Fmedia&parent=130027"}],"wp:term":[{"taxonomy":"category","embeddable":true,"href":"https:\/\/pressactu.com\/index.php?rest_route=%2Fwp%2Fv2%2Fcategories&post=130027"},{"taxonomy":"post_tag","embeddable":true,"href":"https:\/\/pressactu.com\/index.php?rest_route=%2Fwp%2Fv2%2Ftags&post=130027"},{"taxonomy":"author","embeddable":true,"href":"https:\/\/pressactu.com\/index.php?rest_route=%2Fwp%2Fv2%2Fcoauthors&post=130027"}],"curies":[{"name":"wp","href":"https:\/\/api.w.org\/{rel}","templated":true}]}}