{"id":130025,"date":"2026-04-29T09:27:49","date_gmt":"2026-04-29T09:27:49","guid":{"rendered":"https:\/\/pressactu.com\/?p=130025"},"modified":"2026-04-29T09:27:49","modified_gmt":"2026-04-29T09:27:49","slug":"je-vais-constituer-une-equipe-a-toulouse-et-on-va-venir-te-regler-ton-compte-sanctionne-de-cellule-disciplinaire-a-cause-dun-telephone-un-detenu-craque-et-menace-la-direct","status":"publish","type":"post","link":"https:\/\/pressactu.com\/?p=130025","title":{"rendered":"&quot;Je vais constituer une \u00e9quipe \u00e0 Toulouse et on va venir te r\u00e9gler ton compte&quot;\u00a0: sanctionn\u00e9 de cellule disciplinaire \u00e0 cause d\u2019un t\u00e9l\u00e9phone, un d\u00e9tenu craque et menace la directrice de la prison"},"content":{"rendered":"<p>\n                                                                    <span class=\"article-full__chapo-label hide-on-small-only\">l&#8217;essentiel<\/span><br \/>\n                                                                \u00c0 la maison d\u2019arr\u00eat de Foix, en Ari\u00e8ge, une sanction disciplinaire a fait basculer une fin de journ\u00e9e ordinaire. Insultes, menaces contre la directrice, puis une vitre bris\u00e9e\u00a0: jug\u00e9, un d\u00e9tenu de 36 ans invoque la col\u00e8re et l\u2019incompr\u00e9hension.\n                            <\/p>\n<div rel=\"js-article-content\" data-state=\"fixed-height\" data-selection=\"disabled\">\n                                                                                                                            <!-- Pub DFP Position [outstream] --><\/p>\n<p>Depuis le box vitr\u00e9, Salim*, 36 ans, acquiesce. Le 19\u00a0f\u00e9vrier 2026, \u00e0 la maison d\u2019arr\u00eat de Foix, il s\u2019est laiss\u00e9 emporter. L\u2019incompr\u00e9hension puis la col\u00e8re. Les mots ont suivi. &#8220;Salle pute&#8221;; &#8220;salope&#8221;; &#8220;tu vas voir, je vais constituer une \u00e9quipe \u00e0 Toulouse et on va venir te r\u00e9gler ton compte&#8221;. Ils visaient la directrice de l\u2019\u00e9tablissement, Anne Lepionnier, assise\u00a0\u00e0 quelques m\u00e8tres de lui.<\/p>\n<p><!-- Pub DFP Position [article] --><\/p>\n<p>Ce jour-l\u00e0, tout commence en fin d\u2019apr\u00e8s-midi. Vers 16\u00a0heures, une commission de discipline examine son cas\u00a0: un t\u00e9l\u00e9phone a \u00e9t\u00e9 retrouv\u00e9 dans sa cellule. Douze jours de cellule disciplinaire tombent. La sanction ne passe pas. Les insultes fusent envers la directrice. Plus tard, vers 21\u00a0heures, il d\u00e9grade une fen\u00eatre de sa cellule en brisant une vitre. La sanction s\u2019alourdit, vingt jours de cellule disciplinaire.<\/p>\n<p><iframe width=\"600\" height=\"450\" style=\"border:0;\" allowfullscreen=\"\" loading=\"lazy\" referrerpolicy=\"no-referrer-when-downgrade\" data-src=\"https:\/\/www.google.com\/maps\/embed?pb=!1m18!1m12!1m3!1d2919.8616757477967!2d1.6071530765268083!3d42.96011929698029!2m3!1f0!2f0!3f0!3m2!1i1024!2i768!4f13.1!3m3!1m2!1s0x12af112538e41313%3A0xa16128dc3f9f08c7!2sMaison%20d'Arr%C3%AAt%20de%20Foix!5e0!3m2!1sfr!2sfr!4v1776790788315!5m2!1sfr!2sfr\"><\/iframe><\/p>\n<h2 class=\"txt-int\">&#8220;On m\u2019a mis coupable d\u2019office\u00a0!&#8221;<\/h2>\n<p>\u00c0 l\u2019audience, Salim s\u2019explique\u00a0: &#8220;J\u2019avais dit que ce n\u2019\u00e9tait pas mon t\u00e9l\u00e9phone, je ne comprends pas pourquoi je prends\u00a0! On m\u2019a mis coupable d\u2019office\u00a0! En plus, j\u2019avais sign\u00e9 pour un avocat et une fois arriv\u00e9 \u00e0 la commission on me dit\u00a0: \u201cIl n\u2019y en a pas\u201d&#8221;. Il s\u2019interrompt puis reprend\u00a0: &#8220;J\u2019ai p\u00e9t\u00e9 les plombs&#8221;. Il attend un transfert, depuis des mois. Muret, de pr\u00e9f\u00e9rence.\u00a0Ici, \u00e7a ne lui convient plus.<\/p>\n<p>Pour la vitre bris\u00e9e, il ne cherche pas d\u2019autre explication\u00a0: &#8220;C\u2019est la suite du p\u00e9tage de plombs&#8221;. Lui qui se d\u00e9crit pourtant comme quelqu\u2019un de calme. Le d\u00e9tenu\u00a0ajoute, presque en apart\u00e9\u00a0: &#8220;J\u2019ai jamais lev\u00e9 la main sur qui que ce soit&#8221;. Son casier, en effet, ne mentionne pas de violences. Douze condamnations, mais pour des affaires de stup\u00e9fiants et d\u2019association de malfaiteurs, plus anciennes pour la plupart. Apr\u00e8s une p\u00e9riode d\u2019accalmie, les infractions ont repris\u00a0: &#8220;J\u2019ai malheureusement des amis qui sont dans \u00e7a\u2026 J\u2019ai travaill\u00e9, j\u2019\u00e9tais menuisier, mais au moment du Covid l\u2019entreprise a ferm\u00e9 et, au lieu de chercher du travail ailleurs, j\u2019ai pr\u00e9f\u00e9r\u00e9 vendre des stup\u00e9fiants.&#8221;<\/p>\n<p class=\"std-elt__inline\">\n        <strong>\u00c0 lire aussi :<\/strong><br \/>\n        <a href=\"\/2026\/04\/21\/coup-de-filet-en-ariege-demantelement-apres-plusieurs-mois-denquete-dun-reseau-de-vols-de-vehicules-impliquant-7-mineurs-ages-de-14-a-17-ans-13336321.php\">Coup de filet en Ari\u00e8ge\u00a0: apr\u00e8s plusieurs mois d\u2019enqu\u00eate, d\u00e9mant\u00e8lement d\u2019un r\u00e9seau de vols de v\u00e9hicules impliquant &#8220;7 mineurs \u00e2g\u00e9s de 14 \u00e0 17 ans&#8221;<\/a>\n    <\/p>\n<p>Incarc\u00e9r\u00e9 depuis mars\u00a02024, il ne sortira pas avant janvier\u00a02029. Il parle de ses enfants, qu\u2019il ne voit plus au parloir depuis des mois. De l\u2019apr\u00e8s, aussi, qu\u2019il imagine plus calme. Avant cela, il faudra payer\u00a0: L\u2019\u00c9tat demande 1\u00a0150\u00a0euros pour les d\u00e9g\u00e2ts mat\u00e9riels, la directrice, elle, sollicite 800\u00a0pour le pr\u00e9judice moral.<\/p>\n<h2 class=\"txt-int\">&#8220;Il a eu\u00a07 proc\u00e9dures disciplinaires depuis son incarc\u00e9ration&#8221;<\/h2>\n<p>Quand elle s\u2019avance \u00e0 la barre, Anne Lepionnier ne hausse pas la voix. Elle corrige d\u2019abord un point\u00a0: Salim n\u2019est pas en cellule disciplinaire, mais en &#8220;confinement&#8221;. Son quotidien ne change quasiment pas, hormis &#8220;qu\u2019il est en promenade isol\u00e9e&#8221;. Puis elle d\u00e9roule. &#8220;Il a eu\u00a07 proc\u00e9dures disciplinaires depuis son incarc\u00e9ration&#8221;. T\u00e9l\u00e9phones, stup\u00e9fiants, incidents r\u00e9p\u00e9t\u00e9s. &#8220;Pourtant, il a la possibilit\u00e9 de t\u00e9l\u00e9phoner, visiblement il pr\u00e9f\u00e8re acheter 1\u00a0500\u00a0euros un iPhone&#8221;. Elle marque une pause. &#8220;Il ne se remet pas du tout en question.&#8221;<\/p>\n<p class=\"std-elt__inline\">\n        <strong>\u00c0 lire aussi :<\/strong><br \/>\n        <a href=\"\/2026\/04\/21\/eux-ce-sont-des-minots-et-ils-se-retrouvent-devant-des-golgoths-avines-un-mariage-en-ariege-vire-a-la-rixe-les-insultes-et-des-coups-fusent-entre-le-13311861.php\">&#8220;Eux, ce sont des minots, et ils se retrouvent devant des golgoths avin\u00e9s&#8221;\u00a0: un mariage en Ari\u00e8ge vire \u00e0 la rixe, les insultes et des coups fusent entre le mari\u00e9 et des jeunes<\/a>\n    <\/p>\n<p>Et puis, presque comme une inqui\u00e9tude qui affleure\u00a0: &#8220;Le drame d\u2019Incarville, j\u2019y pense tout le temps, on ne sait pas ce qu\u2019ils font, ce qu\u2019ils peuvent constituer, il est tout \u00e0 fait en capacit\u00e9 de monter une \u00e9quipe. On ne peut pas menacer gratuitement parce qu\u2019on est frustr\u00e9 et qu\u2019on ne tol\u00e8re pas d\u2019\u00eatre remis dans le cadre.&#8221;<\/p>\n<h2 class=\"txt-int\">Douze mois ferme requis par le minist\u00e8re public<\/h2>\n<p>Du c\u00f4t\u00e9 du minist\u00e8re public, le ton se durcit aussi. &#8220;Il dit qu\u2019il n\u2019a jamais commis de violences\u00a0; sur les sept incidents disciplinaires, on a des violences sur d\u00e9tenu&#8221;. La substitut du procureur rappelle aussi un d\u00e9tail\u00a0: avant de briser la fen\u00eatre, Salim r\u00e9clamait du tabac. &#8220;Pour \u00e9viter tout incident, on va lui en apporter. On pense encore \u00e0 son confort. Et malgr\u00e9 cela, il d\u00e9monte le cadre de la fen\u00eatre, le casse&#8221;. Les faits sont reconnus, mais &#8220;la prise de conscience&#8221; reste, selon elle, incompl\u00e8te. Elle requiert douze mois ferme, avec maintien en d\u00e9tention, et une interdiction de para\u00eetre en Ari\u00e8ge, ou \u00e0 Foix, pendant trois ans.<\/p>\n<p class=\"std-elt__inline\">\n        <strong>\u00c0 lire aussi :<\/strong><br \/>\n        <a href=\"\/2026\/04\/15\/la-cargaison-de-drogue-echappe-a-la-vigilance-des-forces-de-lordre-pres-de-250-g-dheroine-interceptes-par-un-surveillant-de-prison-dissimulee-dans-un-13326619.php\">La cargaison de drogue \u00e9chappe \u00e0 la vigilance des forces de l\u2019ordre\u00a0: pr\u00e8s de 250\u00a0g d\u2019h\u00e9ro\u00efne intercept\u00e9s par un surveillant de prison, dissimul\u00e9e dans un coussin lors du transfert d\u2019un d\u00e9tenu<\/a>\n    <\/p>\n<p>\u00c0 la d\u00e9fense, Ma\u00eetre Andrieu ne conteste pas les faits. Elle s\u2019attarde sur le contexte.\u00a0Deux ann\u00e9es de d\u00e9tention dans &#8220;des cellules surcharg\u00e9es&#8221;, des demandes de travail rest\u00e9es sans r\u00e9ponse. &#8220;\u00c7a a cr\u00e9\u00e9 une frustration&#8221;. Pour autant, douze mois ferme, est-ce une juste proportion\u00a0? &#8220;Dans son casier, pas d\u2019ant\u00e9c\u00e9dent ou de r\u00e9cidive pour outrage ou menace&#8221;, soul\u00e8ve la robe noire.<\/p>\n<p>Le tribunal tranche sans s\u2019attarder. Six mois ferme, maintien en d\u00e9tention. 1\u00a0150\u00a0euros pour l\u2019\u00c9tat, 500\u00a0euros pour la directrice.<\/p>\n<footer class=\"txt-note\">*Le pr\u00e9nom a \u00e9t\u00e9 modifi\u00e9<\/footer>\n<\/p><\/div>\n<p><a href=\"https:\/\/www.ladepeche.fr\/2026\/04\/29\/je-vais-constituer-une-equipe-a-toulouse-et-on-va-venir-te-regler-ton-compte-sanctionne-de-cellule-disciplinaire-a-cause-dun-telephone-un-detenu-13337013.php\">source<\/a><\/p>\n","protected":false},"excerpt":{"rendered":"<p>l&#8217;essentiel \u00c0 la maison d\u2019arr\u00eat de Foix, en Ari\u00e8ge, une sanction disciplinaire a fait basculer une fin de journ\u00e9e ordinaire. Insultes, menaces contre la directrice, puis une vitre bris\u00e9e\u00a0: jug\u00e9, un d\u00e9tenu de 36 ans invoque la col\u00e8re et l\u2019incompr\u00e9hension. Depuis le box vitr\u00e9, Salim*, 36 ans, acquiesce. Le 19\u00a0f\u00e9vrier 2026, \u00e0 la maison d\u2019arr\u00eat [&hellip;]<\/p>\n","protected":false},"author":1,"featured_media":130026,"comment_status":"open","ping_status":"open","sticky":false,"template":"","format":"standard","meta":{"_monsterinsights_skip_tracking":false,"_monsterinsights_sitenote_active":false,"_monsterinsights_sitenote_note":"","_monsterinsights_sitenote_category":0,"footnotes":""},"categories":[1],"tags":[],"coauthors":[77],"class_list":["post-130025","post","type-post","status-publish","format-standard","has-post-thumbnail","hentry","category-a-la-une"],"aioseo_notices":[],"_links":{"self":[{"href":"https:\/\/pressactu.com\/index.php?rest_route=\/wp\/v2\/posts\/130025","targetHints":{"allow":["GET"]}}],"collection":[{"href":"https:\/\/pressactu.com\/index.php?rest_route=\/wp\/v2\/posts"}],"about":[{"href":"https:\/\/pressactu.com\/index.php?rest_route=\/wp\/v2\/types\/post"}],"author":[{"embeddable":true,"href":"https:\/\/pressactu.com\/index.php?rest_route=\/wp\/v2\/users\/1"}],"replies":[{"embeddable":true,"href":"https:\/\/pressactu.com\/index.php?rest_route=%2Fwp%2Fv2%2Fcomments&post=130025"}],"version-history":[{"count":0,"href":"https:\/\/pressactu.com\/index.php?rest_route=\/wp\/v2\/posts\/130025\/revisions"}],"wp:featuredmedia":[{"embeddable":true,"href":"https:\/\/pressactu.com\/index.php?rest_route=\/wp\/v2\/media\/130026"}],"wp:attachment":[{"href":"https:\/\/pressactu.com\/index.php?rest_route=%2Fwp%2Fv2%2Fmedia&parent=130025"}],"wp:term":[{"taxonomy":"category","embeddable":true,"href":"https:\/\/pressactu.com\/index.php?rest_route=%2Fwp%2Fv2%2Fcategories&post=130025"},{"taxonomy":"post_tag","embeddable":true,"href":"https:\/\/pressactu.com\/index.php?rest_route=%2Fwp%2Fv2%2Ftags&post=130025"},{"taxonomy":"author","embeddable":true,"href":"https:\/\/pressactu.com\/index.php?rest_route=%2Fwp%2Fv2%2Fcoauthors&post=130025"}],"curies":[{"name":"wp","href":"https:\/\/api.w.org\/{rel}","templated":true}]}}