{"id":130023,"date":"2026-04-29T09:24:27","date_gmt":"2026-04-29T09:24:27","guid":{"rendered":"https:\/\/pressactu.com\/?p=130023"},"modified":"2026-04-29T09:24:27","modified_gmt":"2026-04-29T09:24:27","slug":"psg-bayern-munich-match-du-siecle-chef-doeuvre-bataille-epique-la-presse-etrangere-encense-les-deux-equipes-apres-la-demi-finale-aller-de-li","status":"publish","type":"post","link":"https:\/\/pressactu.com\/?p=130023","title":{"rendered":"PSG &#8211; Bayern Munich : &quot;match du si\u00e8cle&quot;, &quot;chef-d\u2019\u0153uvre&quot;, &quot;bataille \u00e9pique&quot;\u2026 la presse \u00e9trang\u00e8re encense les deux \u00e9quipes apr\u00e8s la demi-finale aller de Ligue des champions"},"content":{"rendered":"<p>\n                                                                    <span class=\"article-full__chapo-label hide-on-small-only\">l&#8217;essentiel<\/span><br \/>\n                                                                Au-del\u00e0 du PSG, c\u2019est tout simplement le football qui a gagn\u00e9 hier soir. Ce mardi 28 avril au Parc des Princes, la demi-finale aller avait d\u00e9j\u00e0 des airs de finale avant l\u2019heure et les vingt-deux acteurs ont r\u00e9pondu pr\u00e9sent. Dans un match spectaculaire et d\u2019une rare intensit\u00e9, les Parisiens ont fait chuter l\u2019ogre bavarois 5-4. Une soir\u00e9e prolifique en buts et illumin\u00e9e par les performances de Michael Olise, de Khvicha Kvaratskhelia, de Luis Diaz et d\u2019Ousmane Demb\u00e9l\u00e9 qui ont mis en extase ce matin la presse \u00e9trang\u00e8re.\n                            <\/p>\n<div rel=\"js-article-content\">\n                                                                                                                            <!-- Pub DFP Position [outstream] --><\/p>\n<p>&#8220;Le match du si\u00e8cle&#8221;. C\u2019est ce que titre le quotidien <a href=\"https:\/\/www.thesun.co.uk\/sport\/38958628\/psg-bayern-munich-champions-league-harry-kane-khvicha-kvaratskhelia\/\" target=\"_self\"><em>The Sun<\/em><\/a> au lendemain de la demi-finale aller de Ligue des champions\u00a0PSG \u2013 Bayern Munich (5-4). &#8220;Cela aurait d\u00fb \u00eatre la finale. Dieu merci que ce ne soit pas le cas et que nous puissions tout recommencer la semaine prochaine&#8221;, compl\u00e8te le quotidien.<\/p>\n<p><!-- Pub DFP Position [article] --><\/p>\n<p>Il faut dire que les performances des deux \u00e9quipes ont particuli\u00e8rement marqu\u00e9 les esprits hier soir. Apr\u00e8s dix minutes \u00e0 se tester mutuellement, la rencontre s\u2019est emball\u00e9e et s\u2019est transform\u00e9e en match compl\u00e8tement spectaculaire. Le PSG et le Bayern se sont r\u00e9pondu coup sur coup pendant 90 minutes avec des performances exceptionnelles de\u00a0Khvicha Kvaratskhelia, Luis D\u00edaz, Michael Olise et Ousmane Demb\u00e9l\u00e9.<\/p>\n<p class=\"std-elt__inline\">\n        <strong>\u00c0 lire aussi :<\/strong><br \/>\n        <a href=\"\/2026\/04\/28\/kylian-mbappe-blesse-quel-est-le-diagnostic-des-medecins-du-real-madrid-et-sera-t-il-remis-pour-la-coupe-du-monde-13347588.php\">Kylian Mbapp\u00e9 bless\u00e9\u00a0: quel est le diagnostic des m\u00e9decins du Real Madrid et sera-t-il remis pour la Coupe du monde\u00a0?<\/a>\n    <\/p>\n<p>&#8220;Le Paris Saint-Germain et le Bayern Munich ont offert un spectacle qui semblait relever d\u2019une tout autre cat\u00e9gorie d\u2019activit\u00e9 humaine. Digne des plus grands dieux du football, nous avons assist\u00e9 \u00e0 un spectacle proche de l\u2019art&#8221;, commente\u00a0<a href=\"https:\/\/www.theguardian.com\/football\/2026\/apr\/28\/psg-bayern-munich-champions-league-semi-final-first-leg-match-report\" target=\"_self\"><em>The Guardian<\/em><\/a> \u00e0 l\u2019issue de la rencontre.<\/p>\n<h2 class=\"txt-int\">De l\u2019Espagne \u00e0 l\u2019Allemagne, la presse \u00e9trang\u00e8re encense les performances des deux \u00e9quipes<\/h2>\n<p>De l\u2019autre c\u00f4t\u00e9 des Pyr\u00e9n\u00e9es aussi, le choc entre les deux \u00e9quipes restera visiblement dans les annales. Pour <a href=\"https:\/\/as.com\/futbol\/champions\/el-mejor-partido-de-todos-los-tiempos-f202604-n\/\" target=\"_self\"><em>AS<\/em><\/a>, c\u2019est m\u00eame le monde entier &#8220;sous le choc&#8221; apr\u00e8s le match. &#8220;Un match d\u2019anthologie, une bataille \u00e9pique, une d\u00e9monstration offensive, un spectacle inoubliable&#8221;, assure le journal espagnol, rejoint par <a href=\"https:\/\/www.marca.com\/en\/football\/champions-league\/2026\/04\/28\/psg-and-bayern-deliver-5-4-champions-league-thriller-that-stuns-europe.html\" target=\"_self\"><em>Marca<\/em><\/a> qui se projette d\u00e9j\u00e0 sur la suite de la comp\u00e9tition. &#8220;Difficile d\u2019imaginer que le champion d\u2019Europe ne sorte pas vainqueur de cette confrontation&#8221;, selon le quotidien espagnol.<\/p>\n<p>L\u2019Italie a \u00e9galement suivi de pr\u00e8s la rencontre entre le PSG et le Bayern. &#8220;Un spectacle total. [\u2026] Le football dans toute sa splendeur. Celui des buts et de la passion. En bref, le PSG et le Bayern Munich ont d\u00e9montr\u00e9 que la philosophie qui les anime est la plus belle. Elle fait r\u00eaver les supporters et laisse des souvenirs imp\u00e9rissables&#8221;, \u00e9crit ce matin <a href=\"https:\/\/video.gazzetta.it\/calcio\/video-highlights-psg-bayern-monaco-5-4\/ccaed239-b128-4785-a018-57c0b8f0cxlk\" target=\"_self\"><em>La Gazzetta<\/em><\/a>.<\/p>\n<p class=\"std-elt__inline\">\n        <strong>\u00c0 lire aussi :<\/strong><br \/>\n        <a href=\"\/2026\/04\/28\/espece-de-tare-cest-toi-quon-a-vu-a-la-camera-malik-bentalha-revient-sur-laffaire-du-fumigene-au-parc-des-princes-qui-lui-a-coute-6-mois-dinterdiction-13347793.php\">&#8220;Esp\u00e8ce de tar\u00e9, c\u2019est toi qu\u2019on a vu \u00e0 la cam\u00e9ra\u00a0?&#8221;\u00a0: Malik Bentalha revient sur l\u2019affaire du fumig\u00e8ne au Parc des Princes qui lui a co\u00fbt\u00e9 6 mois d\u2019interdiction de stade<\/a>\n    <\/p>\n<p>M\u00eame outre-Rhin, malgr\u00e9 la courte d\u00e9faite des Munichois ce 28\u00a0avril, la rencontre restera dans les m\u00e9moires. &#8220;Merci pour ces 90 minutes de pur chef-d\u2019\u0153uvre footballistique&#8221;, a comment\u00e9 ce matin le journal <a href=\"https:\/\/sportbild.bild.de\/fussball\/champions-league\/champions-league-historischer-bayern-wahnsinn-gegen-psg-irres-4-5-im-halbfinale-69f118bd052adba8a89e3610\" target=\"_self\"><em>Bild<\/em><\/a>.<\/p>\n<p>Supporters ou non des deux \u00e9quipes, tous les amateurs de football attendent d\u00e9sormais le match retour entre les deux \u00e9quipes la semaine prochaine, en esp\u00e9rant voir continuer ce v\u00e9ritable choc des titans. En attendant, l\u2019autre demi-finale de Ligue des champions, Atl\u00e9tico Madrid \u2013 Arsenal, aura lieu ce mercredi 29\u00a0avril. Coup d\u2019envoi\u00a0\u00e0 21\u00a0heures depuis le Riyadh Air\u00a0Metropolitano de Madrid.<\/p>\n<\/p><\/div>\n<p><a href=\"https:\/\/www.ladepeche.fr\/2026\/04\/29\/psg-bayern-munich-match-du-siecle-chef-doeuvre-bataille-epique-la-presse-etrangere-encense-les-deux-equipes-apres-la-demi-finale-aller-de-ligue-des-13348626.php\">source<\/a><\/p>\n","protected":false},"excerpt":{"rendered":"<p>l&#8217;essentiel Au-del\u00e0 du PSG, c\u2019est tout simplement le football qui a gagn\u00e9 hier soir. Ce mardi 28 avril au Parc des Princes, la demi-finale aller avait d\u00e9j\u00e0 des airs de finale avant l\u2019heure et les vingt-deux acteurs ont r\u00e9pondu pr\u00e9sent. Dans un match spectaculaire et d\u2019une rare intensit\u00e9, les Parisiens ont fait chuter l\u2019ogre bavarois [&hellip;]<\/p>\n","protected":false},"author":1,"featured_media":130024,"comment_status":"open","ping_status":"open","sticky":false,"template":"","format":"standard","meta":{"_monsterinsights_skip_tracking":false,"_monsterinsights_sitenote_active":false,"_monsterinsights_sitenote_note":"","_monsterinsights_sitenote_category":0,"footnotes":""},"categories":[71],"tags":[],"coauthors":[77],"class_list":["post-130023","post","type-post","status-publish","format-standard","has-post-thumbnail","hentry","category-sport"],"aioseo_notices":[],"_links":{"self":[{"href":"https:\/\/pressactu.com\/index.php?rest_route=\/wp\/v2\/posts\/130023","targetHints":{"allow":["GET"]}}],"collection":[{"href":"https:\/\/pressactu.com\/index.php?rest_route=\/wp\/v2\/posts"}],"about":[{"href":"https:\/\/pressactu.com\/index.php?rest_route=\/wp\/v2\/types\/post"}],"author":[{"embeddable":true,"href":"https:\/\/pressactu.com\/index.php?rest_route=\/wp\/v2\/users\/1"}],"replies":[{"embeddable":true,"href":"https:\/\/pressactu.com\/index.php?rest_route=%2Fwp%2Fv2%2Fcomments&post=130023"}],"version-history":[{"count":0,"href":"https:\/\/pressactu.com\/index.php?rest_route=\/wp\/v2\/posts\/130023\/revisions"}],"wp:featuredmedia":[{"embeddable":true,"href":"https:\/\/pressactu.com\/index.php?rest_route=\/wp\/v2\/media\/130024"}],"wp:attachment":[{"href":"https:\/\/pressactu.com\/index.php?rest_route=%2Fwp%2Fv2%2Fmedia&parent=130023"}],"wp:term":[{"taxonomy":"category","embeddable":true,"href":"https:\/\/pressactu.com\/index.php?rest_route=%2Fwp%2Fv2%2Fcategories&post=130023"},{"taxonomy":"post_tag","embeddable":true,"href":"https:\/\/pressactu.com\/index.php?rest_route=%2Fwp%2Fv2%2Ftags&post=130023"},{"taxonomy":"author","embeddable":true,"href":"https:\/\/pressactu.com\/index.php?rest_route=%2Fwp%2Fv2%2Fcoauthors&post=130023"}],"curies":[{"name":"wp","href":"https:\/\/api.w.org\/{rel}","templated":true}]}}