{"id":130021,"date":"2026-04-29T08:17:11","date_gmt":"2026-04-29T08:17:11","guid":{"rendered":"https:\/\/pressactu.com\/?p=130021"},"modified":"2026-04-29T08:17:11","modified_gmt":"2026-04-29T08:17:11","slug":"sncf-sous-le-feu-des-critiques-a-tournay-le-guichet-de-la-gare-ne-sera-bientot-plus-ouvert-que-6-heures-par-semaine-la-mairie-et-la-cgt-vent-debout-contre-cette-reorganisation","status":"publish","type":"post","link":"https:\/\/pressactu.com\/?p=130021","title":{"rendered":"SNCF sous le feu des critiques \u00e0 Tournay\u00a0: le guichet de la gare ne sera bient\u00f4t plus ouvert que 6\u00a0heures par semaine la mairie et la CGT vent debout contre cette r\u00e9organisation"},"content":{"rendered":"<p>\n                                                                    <span class=\"article-full__chapo-label hide-on-small-only\">l&#8217;essentiel<\/span><br \/>\n                                                                La r\u00e9duction des horaires du guichet de la gare de Tournay provoque la col\u00e8re des habitants. Soixante manifestants, \u00e9lus et syndicats unis d\u00e9noncent une d\u00e9cision jug\u00e9e injustifi\u00e9e et mena\u00e7ante pour le service public local. Voici tout ce qu\u2019il faut savoir sur cette r\u00e9organisation.\n                            <\/p>\n<div rel=\"js-article-content\" data-state=\"fixed-height\" data-selection=\"disabled\">\n                                                                                                                            <!-- Pub DFP Position [outstream] --><\/p>\n<p>Une soixantaine de personnes ont r\u00e9pondu \u00e0 l\u2019appel du maire de la commune de Tournay, Nicolas Datas-Tapie, son conseil municipal et la CGT Cheminots pour manifester leur m\u00e9contentement devant la gare de Tournay.<\/p>\n<p><!-- Pub DFP Position [article] --><\/p>\n<p>Suite \u00e0 l\u2019annonce de la SNCF de r\u00e9duire drastiquement les horaires d\u2019ouverture du guichet de la gare (passant actuellement d\u2019un accueil quotidien du lundi au vendredi de 10\u00a0h\u00a030 \u00e0 17\u00a0h\u00a030 \u00e0 un futur accueil de 6\u00a0h hebdomadaire r\u00e9partis sur 3 jours) et ce, \u00e0 partir du 1er\u00a0juin prochain, la municipalit\u00e9 de Tournay s\u2019est tout\u00a0de suite empar\u00e9e du dossier, trouvant &#8220;cette \u00e9volution inacceptable et tout \u00e0 fait injustifi\u00e9e.&#8221;<\/p>\n<p>Un premier rassemblement devant la gare \u00e0 donc eu lieu, rassemblant habitants, \u00e9lus, militants et syndicats. \u00c0 noter que le maire de Bordes Serge Duhau et des repr\u00e9sentants de la municipalit\u00e9 de Bagn\u00e8res-de-Bigorre \u00e9taient \u00e9galement pr\u00e9sents.<\/p>\n<h2 class=\"txt-int\">&#8220;Un bassin de vie fragilis\u00e9&#8221;<\/h2>\n<p>Lors de ce rassemblement, Nicolas Datas-Tapie a pris la parole pour d\u00e9noncer cette \u00e9volution, soulignant le fait que la gare de Tournay dessert tout un bassin \u00e9conomique et que la pr\u00e9sence d\u2019un agent d\u2019accueil est importante pour accompagner les usagers, garantir un service public de proximit\u00e9 et pr\u00e9server l\u2019attractivit\u00e9 et la vitalit\u00e9 du territoire\u00a0: \u00ab\u00a0R\u00e9duire ces horaires, c\u2019est fragiliser un peu plus notre bassin de vie et pr\u00e9parer, \u00e0 terme, la disparition du service\u00a0\u00bb.<\/p>\n<p>Et \u00e7a, le maire de la commune et son conseil municipal le refusent cat\u00e9goriquement. Profond\u00e9ment remont\u00e9s ils annoncent qu\u2019ils seront \u00ab\u00a0sans concessions\u00a0\u00bb face \u00e0 la SNCF. Pierre Lacaze, secr\u00e9taire du Syndicat CGT Cheminots des Hautes-Pyr\u00e9n\u00e9es a expliqu\u00e9 qu\u2019ils avaient \u00e9t\u00e9 mis devant le fait accompli il y a environ trois\u00a0semaines\u00a0: \u00ab\u00a0La gare de Tournay a \u00e9t\u00e9 cit\u00e9e parmi les gares o\u00f9 les ouvertures et les fermetures allaient \u00eatre restructur\u00e9es, alors qu\u2019il y a un cheminot qui est pr\u00e9sent 7 jours sur 7 de 4\u00a0h du matin \u00e0 23\u00a0heures. Rien n\u2019emp\u00eache donc l\u2019ouverture de ce guichet\u2026 m\u00eame les week-ends\u00a0\u00bb.<\/p>\n<p>Une situation \u00ab\u00a0paradoxale et ubuesque\u00a0\u00bb irrecevable contre laquelle s\u2019allient la mairie, la CGT Cheminots et d\u2019autres collectifs, un front commun qui compte bien faire tout le n\u00e9cessaire pour avoir gain de cause et qui est pr\u00eat \u00e0 multiplier les actions sur le terrain.<\/p>\n<\/p><\/div>\n<p><a href=\"https:\/\/www.ladepeche.fr\/2026\/04\/28\/sncf-sous-le-feu-des-critiques-a-tournay-le-guichet-de-la-gare-ne-sera-bientot-plus-ouvert-que-6-heures-par-semaine-la-mairie-et-la-cgt-vent-debout-13347779.php\">source<\/a><\/p>\n","protected":false},"excerpt":{"rendered":"<p>l&#8217;essentiel La r\u00e9duction des horaires du guichet de la gare de Tournay provoque la col\u00e8re des habitants. Soixante manifestants, \u00e9lus et syndicats unis d\u00e9noncent une d\u00e9cision jug\u00e9e injustifi\u00e9e et mena\u00e7ante pour le service public local. Voici tout ce qu\u2019il faut savoir sur cette r\u00e9organisation. Une soixantaine de personnes ont r\u00e9pondu \u00e0 l\u2019appel du maire de [&hellip;]<\/p>\n","protected":false},"author":1,"featured_media":130022,"comment_status":"open","ping_status":"open","sticky":false,"template":"","format":"standard","meta":{"_monsterinsights_skip_tracking":false,"_monsterinsights_sitenote_active":false,"_monsterinsights_sitenote_note":"","_monsterinsights_sitenote_category":0,"footnotes":""},"categories":[74],"tags":[],"coauthors":[77],"class_list":["post-130021","post","type-post","status-publish","format-standard","has-post-thumbnail","hentry","category-economie"],"aioseo_notices":[],"_links":{"self":[{"href":"https:\/\/pressactu.com\/index.php?rest_route=\/wp\/v2\/posts\/130021","targetHints":{"allow":["GET"]}}],"collection":[{"href":"https:\/\/pressactu.com\/index.php?rest_route=\/wp\/v2\/posts"}],"about":[{"href":"https:\/\/pressactu.com\/index.php?rest_route=\/wp\/v2\/types\/post"}],"author":[{"embeddable":true,"href":"https:\/\/pressactu.com\/index.php?rest_route=\/wp\/v2\/users\/1"}],"replies":[{"embeddable":true,"href":"https:\/\/pressactu.com\/index.php?rest_route=%2Fwp%2Fv2%2Fcomments&post=130021"}],"version-history":[{"count":0,"href":"https:\/\/pressactu.com\/index.php?rest_route=\/wp\/v2\/posts\/130021\/revisions"}],"wp:featuredmedia":[{"embeddable":true,"href":"https:\/\/pressactu.com\/index.php?rest_route=\/wp\/v2\/media\/130022"}],"wp:attachment":[{"href":"https:\/\/pressactu.com\/index.php?rest_route=%2Fwp%2Fv2%2Fmedia&parent=130021"}],"wp:term":[{"taxonomy":"category","embeddable":true,"href":"https:\/\/pressactu.com\/index.php?rest_route=%2Fwp%2Fv2%2Fcategories&post=130021"},{"taxonomy":"post_tag","embeddable":true,"href":"https:\/\/pressactu.com\/index.php?rest_route=%2Fwp%2Fv2%2Ftags&post=130021"},{"taxonomy":"author","embeddable":true,"href":"https:\/\/pressactu.com\/index.php?rest_route=%2Fwp%2Fv2%2Fcoauthors&post=130021"}],"curies":[{"name":"wp","href":"https:\/\/api.w.org\/{rel}","templated":true}]}}