{"id":130019,"date":"2026-04-29T07:47:37","date_gmt":"2026-04-29T07:47:37","guid":{"rendered":"https:\/\/pressactu.com\/?p=130019"},"modified":"2026-04-29T07:47:37","modified_gmt":"2026-04-29T07:47:37","slug":"direct-guerre-en-ukraine-kiev-a-lance-des-drones-sur-des-infrastructures-industrielles-en-russie-un-incendie-sest-declare","status":"publish","type":"post","link":"https:\/\/pressactu.com\/?p=130019","title":{"rendered":"DIRECT. Guerre en Ukraine : Kiev a lanc\u00e9 des drones sur des infrastructures industrielles en Russie, un incendie s\u2019est d\u00e9clar\u00e9"},"content":{"rendered":"<div id=\"live_post_EVMOJQJ6M1VM9DU\"><span class=\"live-post__date\">09h30.<\/span><\/p>\n<div class=\"live-post__content\">\n<h2 class=\"live-post__title\">Vladimir Poutine met en garde Kiev apr\u00e8s l\u2019intensification des attaques contre des infrastructures civiles russes<\/h2>\n<p class=\"live-post__amorce\">Apr\u00e8s une s\u00e9rie de frappes de drones ayant vis\u00e9 des installations p\u00e9troli\u00e8res russes, Vladimir Poutine accuse Kiev de cibler d\u00e9lib\u00e9r\u00e9ment des infrastructures civiles.<\/p>\n<p><a href=\"https:\/\/www.ladepeche.fr\/2026\/04\/29\/guerre-en-ukraine-vladimir-poutine-met-en-garde-kiev-apres-lintensification-des-attaques-contre-des-infrastructures-civiles-russes-13348622.php\" target=\"_blank\" rel=\"noopener noreferrer nofollow\" class=\"\"><strong>\ud83d\udc49 Notre article ici <\/strong><\/a> <\/p>\n<div class=\"center-align\" rel=\"js-article-inline-img\" data-protec-aida=\"image\">\n<figure class=\"std-img\" data-src=\"https:\/\/images.ladepeche.fr\/api\/v1\/images\/view\/69f1b3c830e91a34eb0c6a80\/original\/image.jpg?v=1\">\n        <img decoding=\"async\" class=\"std-img__img responsive-img\" src=\"http:\/\/pressactu.com\/wp-content\/uploads\/2026\/04\/1777448857_171_image.jpg?v=1\" alt=\"Le bilan humain des diff\u00e9rentes frappes ukrainiennes s'\u00e9tablit \u00e0 au moins trois personnes d\u00e9c\u00e9d\u00e9es, selon les responsables locaux.\"\/><figcaption class=\"article-full__media-infos\">\n                <span class=\"article-full__media-legend\">Le bilan humain des diff\u00e9rentes frappes ukrainiennes s&#8217;\u00e9tablit \u00e0 au moins trois personnes d\u00e9c\u00e9d\u00e9es, selon les responsables locaux.<\/span><br \/>\n                                    <span class=\"article-full__media-author\">Photo MIKHAIL METZEL\/SPUTNIK\/KREMLIN POOL<\/span><br \/>\n                            <\/figcaption><\/figure>\n<\/div>\n<\/div>\n<\/div>\n<div id=\"live_post_EVMOJQIJCKIR2O5\"><span class=\"live-post__date\">09h29.<\/span><\/p>\n<div class=\"live-post__content\">\n<h2 class=\"live-post__title\">Devant le Congr\u00e8s am\u00e9ricain, Charles III appelle les Etats-Unis \u00e0 rester fid\u00e8les \u00e0 leurs alli\u00e9s occidentaux<\/h2>\n<p class=\"live-post__amorce\">Dans un rare discours devant le Congr\u00e8s am\u00e9ricain, Charles III a appel\u00e9 mardi les Etats-Unis \u00e0 rester fid\u00e8les \u00e0 leurs alli\u00e9s occidentaux historiques, au moment o\u00f9 la &#8220;relation sp\u00e9ciale&#8221; avec le Royaume-Uni est secou\u00e9e par de vives tensions sur les guerres en Iran et en Ukraine. <\/p>\n<p><strong>L&#8217;alliance entre les deux pays &#8220;ne peut pas se reposer sur les r\u00e9ussites pass\u00e9es<\/strong> &#8220;, a d\u00e9clar\u00e9 mardi le souverain britannique devant des parlementaires am\u00e9ricains acquis \u00e0 sa cause, apr\u00e8s avoir \u00e9t\u00e9 re\u00e7u en matin\u00e9e par Donald Trump dans une pompe rare \u00e0 la Maison Blanche.<\/p>\n<\/div>\n<\/div>\n<div id=\"live_post_EVMOJQFE50AYBXY\"><span class=\"live-post__date\">09h27.<\/span><\/p>\n<p><h2 class=\"live-post__title\">Des drones ukrainiens visent des installations industrielles dans l\u2019Oural, en Russie\u00a0<\/h2>\n<\/p>\n<\/div>\n<div id=\"live_post_EVMOJQET67GGYHH\"><span class=\"live-post__date\">09h26.<\/span><\/p>\n<div class=\"live-post__content\">\n<h2 class=\"live-post__title\">Bonjour et bienvenue\u00a0<\/h2>\n<p class=\"live-post__amorce\">Bienvenue dans ce direct consacr\u00e9 \u00e0 la guerre en Ukraine. <\/p>\n<\/div>\n<\/div>\n<p><a href=\"https:\/\/www.ladepeche.fr\/2026\/04\/29\/direct-guerre-en-ukraine-kiev-a-lance-des-drones-sur-des-infrastructures-industrielles-en-russie-un-incendie-sest-declare-13348642.php\">source<\/a><\/p>\n","protected":false},"excerpt":{"rendered":"<p>09h30. Vladimir Poutine met en garde Kiev apr\u00e8s l\u2019intensification des attaques contre des infrastructures civiles russes Apr\u00e8s une s\u00e9rie de frappes de drones ayant vis\u00e9 des installations p\u00e9troli\u00e8res russes, Vladimir Poutine accuse Kiev de cibler d\u00e9lib\u00e9r\u00e9ment des infrastructures civiles. \ud83d\udc49 Notre article ici Le bilan humain des diff\u00e9rentes frappes ukrainiennes s&#8217;\u00e9tablit \u00e0 au moins trois [&hellip;]<\/p>\n","protected":false},"author":1,"featured_media":130020,"comment_status":"open","ping_status":"open","sticky":false,"template":"","format":"standard","meta":{"_monsterinsights_skip_tracking":false,"_monsterinsights_sitenote_active":false,"_monsterinsights_sitenote_note":"","_monsterinsights_sitenote_category":0,"footnotes":""},"categories":[1],"tags":[],"coauthors":[77],"class_list":["post-130019","post","type-post","status-publish","format-standard","has-post-thumbnail","hentry","category-a-la-une"],"aioseo_notices":[],"_links":{"self":[{"href":"https:\/\/pressactu.com\/index.php?rest_route=\/wp\/v2\/posts\/130019","targetHints":{"allow":["GET"]}}],"collection":[{"href":"https:\/\/pressactu.com\/index.php?rest_route=\/wp\/v2\/posts"}],"about":[{"href":"https:\/\/pressactu.com\/index.php?rest_route=\/wp\/v2\/types\/post"}],"author":[{"embeddable":true,"href":"https:\/\/pressactu.com\/index.php?rest_route=\/wp\/v2\/users\/1"}],"replies":[{"embeddable":true,"href":"https:\/\/pressactu.com\/index.php?rest_route=%2Fwp%2Fv2%2Fcomments&post=130019"}],"version-history":[{"count":0,"href":"https:\/\/pressactu.com\/index.php?rest_route=\/wp\/v2\/posts\/130019\/revisions"}],"wp:featuredmedia":[{"embeddable":true,"href":"https:\/\/pressactu.com\/index.php?rest_route=\/wp\/v2\/media\/130020"}],"wp:attachment":[{"href":"https:\/\/pressactu.com\/index.php?rest_route=%2Fwp%2Fv2%2Fmedia&parent=130019"}],"wp:term":[{"taxonomy":"category","embeddable":true,"href":"https:\/\/pressactu.com\/index.php?rest_route=%2Fwp%2Fv2%2Fcategories&post=130019"},{"taxonomy":"post_tag","embeddable":true,"href":"https:\/\/pressactu.com\/index.php?rest_route=%2Fwp%2Fv2%2Ftags&post=130019"},{"taxonomy":"author","embeddable":true,"href":"https:\/\/pressactu.com\/index.php?rest_route=%2Fwp%2Fv2%2Fcoauthors&post=130019"}],"curies":[{"name":"wp","href":"https:\/\/api.w.org\/{rel}","templated":true}]}}